{"id":29447,"date":"2021-01-08T08:47:55","date_gmt":"2021-01-08T11:47:55","guid":{"rendered":"http:\/\/cronicasyversiones.com\/?p=29447"},"modified":"2021-01-08T08:47:58","modified_gmt":"2021-01-08T11:47:58","slug":"asterix-y-obelix-regresan-con-un-nuevo-viaje","status":"publish","type":"post","link":"http:\/\/cronicasyversiones.com\/?p=29447","title":{"rendered":"Ast\u00e9rix y Ob\u00e9lix regresan con un nuevo viaje"},"content":{"rendered":"<div style=\"padding-bottom:20px; padding-top:10px;\" class=\"hupso-share-buttons\"><!-- Hupso Share Buttons - https:\/\/www.hupso.com\/share\/ --><a class=\"hupso_counters\" href=\"https:\/\/www.hupso.com\/share\/\"><img decoding=\"async\" src=\"http:\/\/static.hupso.com\/share\/buttons\/lang\/es\/share-small.png\" style=\"border:0px; padding-top:2px; float:left;\" alt=\"Share Button\"\/><\/a><script type=\"text\/javascript\">var hupso_services_c=new Array(\"twitter\",\"facebook_like\",\"google\");var hupso_counters_lang = \"es_LA\";var hupso_image_folder_url = \"\";var hupso_twitter_via=\"crsyvrs\";var hupso_url_c=\"\";<\/script><script type=\"text\/javascript\" src=\"http:\/\/static.hupso.com\/share\/js\/counters.js\"><\/script><!-- Hupso Share Buttons --><\/div><h2>El h\u00e9roe galo y su inseparable amigo har\u00e1n una incursi\u00f3n a otro pa\u00eds en la nueva publicaci\u00f3n a cargo de Jean-Yves Ferri y Didier Conrad.<\/h2>\n<p><img loading=\"lazy\" decoding=\"async\" class=\"size-full wp-image-29448 aligncenter\" src=\"http:\/\/cronicasyversiones.com\/wp-content\/uploads\/2021\/01\/asterix.jpg\" alt=\"\" width=\"750\" height=\"508\" srcset=\"http:\/\/cronicasyversiones.com\/wp-content\/uploads\/2021\/01\/asterix.jpg 750w, http:\/\/cronicasyversiones.com\/wp-content\/uploads\/2021\/01\/asterix-300x203.jpg 300w\" sizes=\"auto, (max-width: 750px) 100vw, 750px\" \/><\/p>\n<p>Una nueva aventura de<strong> Ast\u00e9rix,<\/strong> que cumpliendo la tradici\u00f3n llevar\u00e1 al h\u00e9roe galo y a su inseparable <strong>Ob\u00e9lix<\/strong> a un viaje a otro pa\u00eds, adem\u00e1s de conocer a un nuevo personaje, se publicar\u00e1 en 2021 seg\u00fan inform\u00f3 la editorial<strong> Salvat.<\/strong><\/p>\n<p>Luego de la publicaciones de <em><strong>\u201cAst\u00e9rix y los pictos\u201d<\/strong> <\/em>(2013), <em><strong>\u201cEl papiro del C\u00e9sar\u201d<\/strong><\/em> (2015), <em><strong>\u201cAst\u00e9rix en Italia\u201d<\/strong> <\/em>(2017) y <em><strong>\u201cLa hija de Vercingetorix\u201d<\/strong><\/em> (2019), el d\u00fao formado por<strong> Jean-Yves Ferri<\/strong> (gui\u00f3n) y <strong>Didier Conrad<\/strong> (dibujos) publica de esta manera su quinta colaboraci\u00f3n y contin\u00faa la serie creada hace ya m\u00e1s de sesenta a\u00f1os por <strong>Ren\u00e9 Goscinny<\/strong> y <strong>Albert Uderzo.<\/strong><\/p>\n<p>El \u00e9xito de esta colecci\u00f3n, que ha vendido m\u00e1s de 385 millones de ejemplares en 111 lenguas y dialectos, traer\u00e1 la aventura n\u00famero 39 de Ast\u00e9rix, de la que por el momento se desconocen casi todos los datos, salvo una plancha in\u00e9dita.<\/p>\n<p>Esta vez se ve c\u00f3mo Ast\u00e9rix y Ob\u00e9lix se preparan para realizar un nuevo viaje, tal y como lo confirma el druida.<\/p>\n<blockquote><p>Mientras se disputa una partida de ajedrez galo, Panor\u00e1mix, que se ha quedado medio dormido, se despierta gritando &#8216;\u00a1CONFIDENCIAL!&#8217; \u00ab\u00bfQui\u00e9n ha alterado as\u00ed su sue\u00f1o y por qu\u00e9 la urgencia de ir a ayudar a un misterioso personaje?\u00bb, pregunta la editorial.<\/p><\/blockquote>\n<p>Ast\u00e9rix apareci\u00f3 por primera vez el 29 de octubre de 1959 en la revista Pilote antes de ser publicadas como \u00e1lbum. La serie fue concebida en el suburbio de Bobigny, en Sena-San Denis, Francia.<\/p>\n<p>&nbsp;<\/p>\n<div style=\"padding-bottom:20px; padding-top:10px;\" class=\"hupso-share-buttons\"><!-- Hupso Share Buttons - https:\/\/www.hupso.com\/share\/ --><a class=\"hupso_counters\" href=\"https:\/\/www.hupso.com\/share\/\"><img decoding=\"async\" src=\"http:\/\/static.hupso.com\/share\/buttons\/lang\/es\/share-small.png\" style=\"border:0px; padding-top:2px; float:left;\" alt=\"Share Button\"\/><\/a><script type=\"text\/javascript\">var hupso_services_c=new Array(\"twitter\",\"facebook_like\",\"google\");var hupso_counters_lang = \"es_LA\";var hupso_image_folder_url = \"\";var hupso_twitter_via=\"crsyvrs\";var hupso_url_c=\"\";<\/script><script type=\"text\/javascript\" src=\"http:\/\/static.hupso.com\/share\/js\/counters.js\"><\/script><!-- Hupso Share Buttons --><\/div> ","protected":false},"excerpt":{"rendered":"<div style=\"padding-bottom:20px; padding-top:10px;\" class=\"hupso-share-buttons\"><!-- Hupso Share Buttons - https:\/\/www.hupso.com\/share\/ --><a class=\"hupso_counters\" href=\"https:\/\/www.hupso.com\/share\/\"><img src=\"http:\/\/static.hupso.com\/share\/buttons\/lang\/es\/share-small.png\" style=\"border:0px; padding-top:2px; float:left;\" alt=\"Share Button\"\/><\/a><script type=\"text\/javascript\">var hupso_services_c=new Array(\"twitter\",\"facebook_like\",\"google\");var hupso_counters_lang = \"es_LA\";var hupso_image_folder_url = \"\";var hupso_twitter_via=\"crsyvrs\";var hupso_url_c=\"\";<\/script><script type=\"text\/javascript\" src=\"http:\/\/static.hupso.com\/share\/js\/counters.js\"><\/script><!-- Hupso Share Buttons --><\/div><p>El h\u00e9roe galo y su inseparable amigo har\u00e1n una incursi\u00f3n a otro pa\u00eds en la nueva publicaci\u00f3n a cargo de Jean-Yves Ferri y Didier Conrad. Una nueva aventura de Ast\u00e9rix, que cumpliendo la tradici\u00f3n llevar\u00e1 al h\u00e9roe galo y&#46;&#46;&#46;<\/p>\n<div style=\"padding-bottom:20px; padding-top:10px;\" class=\"hupso-share-buttons\"><!-- Hupso Share Buttons - https:\/\/www.hupso.com\/share\/ --><a class=\"hupso_counters\" href=\"https:\/\/www.hupso.com\/share\/\"><img src=\"http:\/\/static.hupso.com\/share\/buttons\/lang\/es\/share-small.png\" style=\"border:0px; padding-top:2px; float:left;\" alt=\"Share Button\"\/><\/a><script type=\"text\/javascript\">var hupso_services_c=new Array(\"twitter\",\"facebook_like\",\"google\");var hupso_counters_lang = \"es_LA\";var hupso_image_folder_url = \"\";var hupso_twitter_via=\"crsyvrs\";var hupso_url_c=\"\";<\/script><script type=\"text\/javascript\" src=\"http:\/\/static.hupso.com\/share\/js\/counters.js\"><\/script><!-- Hupso Share Buttons --><\/div>","protected":false},"author":5,"featured_media":29448,"comment_status":"closed","ping_status":"closed","sticky":false,"template":"","format":"standard","meta":{"footnotes":""},"categories":[8,7],"tags":[4025,397],"class_list":["post-29447","post","type-post","status-publish","format-standard","has-post-thumbnail","hentry","category-artes-plasticas","category-literatura","tag-asterix","tag-comic"],"_links":{"self":[{"href":"http:\/\/cronicasyversiones.com\/index.php?rest_route=\/wp\/v2\/posts\/29447","targetHints":{"allow":["GET"]}}],"collection":[{"href":"http:\/\/cronicasyversiones.com\/index.php?rest_route=\/wp\/v2\/posts"}],"about":[{"href":"http:\/\/cronicasyversiones.com\/index.php?rest_route=\/wp\/v2\/types\/post"}],"author":[{"embeddable":true,"href":"http:\/\/cronicasyversiones.com\/index.php?rest_route=\/wp\/v2\/users\/5"}],"replies":[{"embeddable":true,"href":"http:\/\/cronicasyversiones.com\/index.php?rest_route=%2Fwp%2Fv2%2Fcomments&post=29447"}],"version-history":[{"count":2,"href":"http:\/\/cronicasyversiones.com\/index.php?rest_route=\/wp\/v2\/posts\/29447\/revisions"}],"predecessor-version":[{"id":29486,"href":"http:\/\/cronicasyversiones.com\/index.php?rest_route=\/wp\/v2\/posts\/29447\/revisions\/29486"}],"wp:featuredmedia":[{"embeddable":true,"href":"http:\/\/cronicasyversiones.com\/index.php?rest_route=\/wp\/v2\/media\/29448"}],"wp:attachment":[{"href":"http:\/\/cronicasyversiones.com\/index.php?rest_route=%2Fwp%2Fv2%2Fmedia&parent=29447"}],"wp:term":[{"taxonomy":"category","embeddable":true,"href":"http:\/\/cronicasyversiones.com\/index.php?rest_route=%2Fwp%2Fv2%2Fcategories&post=29447"},{"taxonomy":"post_tag","embeddable":true,"href":"http:\/\/cronicasyversiones.com\/index.php?rest_route=%2Fwp%2Fv2%2Ftags&post=29447"}],"curies":[{"name":"wp","href":"https:\/\/api.w.org\/{rel}","templated":true}]}}