{"id":29481,"date":"2021-01-13T08:42:34","date_gmt":"2021-01-13T11:42:34","guid":{"rendered":"http:\/\/cronicasyversiones.com\/?p=29481"},"modified":"2021-01-13T08:42:35","modified_gmt":"2021-01-13T11:42:35","slug":"bernardo-baraj-alejandro-manzoni-duo-en-el-ciclo-bebop-sessions","status":"publish","type":"post","link":"http:\/\/cronicasyversiones.com\/?p=29481","title":{"rendered":"Bernardo Baraj-Alejandro Manzoni d\u00fao, en el ciclo Bebop Sessions"},"content":{"rendered":"<div style=\"padding-bottom:20px; padding-top:10px;\" class=\"hupso-share-buttons\"><!-- Hupso Share Buttons - https:\/\/www.hupso.com\/share\/ --><a class=\"hupso_counters\" href=\"https:\/\/www.hupso.com\/share\/\"><img decoding=\"async\" src=\"http:\/\/static.hupso.com\/share\/buttons\/lang\/es\/share-small.png\" style=\"border:0px; padding-top:2px; float:left;\" alt=\"Share Button\"\/><\/a><script type=\"text\/javascript\">var hupso_services_c=new Array(\"twitter\",\"facebook_like\",\"google\");var hupso_counters_lang = \"es_LA\";var hupso_image_folder_url = \"\";var hupso_twitter_via=\"crsyvrs\";var hupso_url_c=\"\";<\/script><script type=\"text\/javascript\" src=\"http:\/\/static.hupso.com\/share\/js\/counters.js\"><\/script><!-- Hupso Share Buttons --><\/div><h2>El saxofonista y el pianista, dos m\u00fasicos de lago recorrido en la escena local, van presentar un espect\u00e1culo con standards de jazz.<\/h2>\n<p><img loading=\"lazy\" decoding=\"async\" class=\"size-full wp-image-29482 aligncenter\" src=\"http:\/\/cronicasyversiones.com\/wp-content\/uploads\/2021\/01\/baraj.jpg\" alt=\"\" width=\"756\" height=\"502\" srcset=\"http:\/\/cronicasyversiones.com\/wp-content\/uploads\/2021\/01\/baraj.jpg 756w, http:\/\/cronicasyversiones.com\/wp-content\/uploads\/2021\/01\/baraj-300x199.jpg 300w, http:\/\/cronicasyversiones.com\/wp-content\/uploads\/2021\/01\/baraj-480x320.jpg 480w\" sizes=\"auto, (max-width: 756px) 100vw, 756px\" \/><\/p>\n<p><strong>Bernardo Baraj-Alejandro Manzoni<\/strong> d\u00fao, la formaci\u00f3n que incluye al saxofonista y al pianista, se suman al ciclo <strong>Bebop Sessions<\/strong> para presentar standards de jazz.<\/p>\n<p>La cita es el s\u00e1bado 16 de enero a las 18 en <strong>Aldo\u00b4s Palermo,<\/strong> el local ubicado en Ar\u00e9valo 2032. El ingreso en \u00fanicamente con reserva previa.<\/p>\n<p><strong>Bernardo Baraj<\/strong> comenz\u00f3 en los \u201860 incursionando en el ambiente del jazz en Buenos Aires. En los \u201870 funda la banda Alma y Vida y contin\u00faa activo en el \u00e1mbito del rock tocando junto a Luis Alberto Spinetta y Rub\u00e9n Rada.<\/p>\n<p>En los \u201880 el fue parte del D\u00fao Baraj Barrueco con su innovadora propuesta tanguera y luego del tr\u00edo Vitale-Baraj-Gonz\u00e1lez.<\/p>\n<p>A lo largo de su carrera graba y act\u00faa con importantes solistas de nuestra escena como Sandro, Leonardo Favio, Charly Garc\u00eda, Mercedes Sosa, Adriana Varela y Litto Nebbia, entre otros. Compone m\u00fasica para cine y en 2007 recibe el premio ACE por la mejor m\u00fasica original de teatro.<\/p>\n<p><strong>Alejandro Manzoni<\/strong> es pianista y compositor, integr\u00f3 importantes formaciones como m\u00fasico junto a &nbsp;Bernardo Baraj Quinteto Ac\u00fastico, la banda de jazz latino: Latinaje, El Cuatriyo, la Orquesta Matin\u00e9e dirigida por Gustavo Mozzi.<\/p>\n<p>Tambi\u00e9n realiz\u00f3 actuaciones en d\u00fao y tr\u00edo con reconocidos m\u00fasicos como Quique Sinesi, Hern\u00e1n Ruiz, Nicol\u00e1s Gueschberg, Exequiel Mantega, as\u00ed como actuaciones como pianista de Laura Albarrac\u00edn y de la venezolana Cecilia Todd en sus giras por el pa\u00eds.<\/p>\n<p>Como pianista y arreglador realiz\u00f3 discos para las cantantes Mar\u00eda Estela Monti y Ludmila Fern\u00e1ndez.<\/p>\n<p>&nbsp;<\/p>\n<p>&nbsp;<\/p>\n<div style=\"padding-bottom:20px; padding-top:10px;\" class=\"hupso-share-buttons\"><!-- Hupso Share Buttons - https:\/\/www.hupso.com\/share\/ --><a class=\"hupso_counters\" href=\"https:\/\/www.hupso.com\/share\/\"><img decoding=\"async\" src=\"http:\/\/static.hupso.com\/share\/buttons\/lang\/es\/share-small.png\" style=\"border:0px; padding-top:2px; float:left;\" alt=\"Share Button\"\/><\/a><script type=\"text\/javascript\">var hupso_services_c=new Array(\"twitter\",\"facebook_like\",\"google\");var hupso_counters_lang = \"es_LA\";var hupso_image_folder_url = \"\";var hupso_twitter_via=\"crsyvrs\";var hupso_url_c=\"\";<\/script><script type=\"text\/javascript\" src=\"http:\/\/static.hupso.com\/share\/js\/counters.js\"><\/script><!-- Hupso Share Buttons --><\/div> ","protected":false},"excerpt":{"rendered":"<div style=\"padding-bottom:20px; padding-top:10px;\" class=\"hupso-share-buttons\"><!-- Hupso Share Buttons - https:\/\/www.hupso.com\/share\/ --><a class=\"hupso_counters\" href=\"https:\/\/www.hupso.com\/share\/\"><img src=\"http:\/\/static.hupso.com\/share\/buttons\/lang\/es\/share-small.png\" style=\"border:0px; padding-top:2px; float:left;\" alt=\"Share Button\"\/><\/a><script type=\"text\/javascript\">var hupso_services_c=new Array(\"twitter\",\"facebook_like\",\"google\");var hupso_counters_lang = \"es_LA\";var hupso_image_folder_url = \"\";var hupso_twitter_via=\"crsyvrs\";var hupso_url_c=\"\";<\/script><script type=\"text\/javascript\" src=\"http:\/\/static.hupso.com\/share\/js\/counters.js\"><\/script><!-- Hupso Share Buttons --><\/div><p>El saxofonista y el pianista, dos m\u00fasicos de lago recorrido en la escena local, van presentar un espect\u00e1culo con standards de jazz. Bernardo Baraj-Alejandro Manzoni d\u00fao, la formaci\u00f3n que incluye al saxofonista y al pianista, se suman al ciclo&#46;&#46;&#46;<\/p>\n<div style=\"padding-bottom:20px; padding-top:10px;\" class=\"hupso-share-buttons\"><!-- Hupso Share Buttons - https:\/\/www.hupso.com\/share\/ --><a class=\"hupso_counters\" href=\"https:\/\/www.hupso.com\/share\/\"><img src=\"http:\/\/static.hupso.com\/share\/buttons\/lang\/es\/share-small.png\" style=\"border:0px; padding-top:2px; float:left;\" alt=\"Share Button\"\/><\/a><script type=\"text\/javascript\">var hupso_services_c=new Array(\"twitter\",\"facebook_like\",\"google\");var hupso_counters_lang = \"es_LA\";var hupso_image_folder_url = \"\";var hupso_twitter_via=\"crsyvrs\";var hupso_url_c=\"\";<\/script><script type=\"text\/javascript\" src=\"http:\/\/static.hupso.com\/share\/js\/counters.js\"><\/script><!-- Hupso Share Buttons --><\/div>","protected":false},"author":5,"featured_media":29482,"comment_status":"closed","ping_status":"closed","sticky":false,"template":"","format":"standard","meta":{"footnotes":""},"categories":[3],"tags":[4482,262],"class_list":["post-29481","post","type-post","status-publish","format-standard","has-post-thumbnail","hentry","category-musica","tag-bernardo-baraj","tag-jazz"],"_links":{"self":[{"href":"http:\/\/cronicasyversiones.com\/index.php?rest_route=\/wp\/v2\/posts\/29481","targetHints":{"allow":["GET"]}}],"collection":[{"href":"http:\/\/cronicasyversiones.com\/index.php?rest_route=\/wp\/v2\/posts"}],"about":[{"href":"http:\/\/cronicasyversiones.com\/index.php?rest_route=\/wp\/v2\/types\/post"}],"author":[{"embeddable":true,"href":"http:\/\/cronicasyversiones.com\/index.php?rest_route=\/wp\/v2\/users\/5"}],"replies":[{"embeddable":true,"href":"http:\/\/cronicasyversiones.com\/index.php?rest_route=%2Fwp%2Fv2%2Fcomments&post=29481"}],"version-history":[{"count":2,"href":"http:\/\/cronicasyversiones.com\/index.php?rest_route=\/wp\/v2\/posts\/29481\/revisions"}],"predecessor-version":[{"id":29547,"href":"http:\/\/cronicasyversiones.com\/index.php?rest_route=\/wp\/v2\/posts\/29481\/revisions\/29547"}],"wp:featuredmedia":[{"embeddable":true,"href":"http:\/\/cronicasyversiones.com\/index.php?rest_route=\/wp\/v2\/media\/29482"}],"wp:attachment":[{"href":"http:\/\/cronicasyversiones.com\/index.php?rest_route=%2Fwp%2Fv2%2Fmedia&parent=29481"}],"wp:term":[{"taxonomy":"category","embeddable":true,"href":"http:\/\/cronicasyversiones.com\/index.php?rest_route=%2Fwp%2Fv2%2Fcategories&post=29481"},{"taxonomy":"post_tag","embeddable":true,"href":"http:\/\/cronicasyversiones.com\/index.php?rest_route=%2Fwp%2Fv2%2Ftags&post=29481"}],"curies":[{"name":"wp","href":"https:\/\/api.w.org\/{rel}","templated":true}]}}