{"id":29549,"date":"2021-01-14T08:50:41","date_gmt":"2021-01-14T11:50:41","guid":{"rendered":"http:\/\/cronicasyversiones.com\/?p=29549"},"modified":"2021-01-14T09:10:21","modified_gmt":"2021-01-14T12:10:21","slug":"la-serie-el-senor-de-los-anillos-estara-a-miles-de-anos-antes-de-el-hobbit","status":"publish","type":"post","link":"http:\/\/cronicasyversiones.com\/?p=29549","title":{"rendered":"La serie \u00abEl Se\u00f1or de los Anillos\u00bb estar\u00e1 a miles de a\u00f1os antes de \u00abEl Hobbit\u00bb"},"content":{"rendered":"<div style=\"padding-bottom:20px; padding-top:10px;\" class=\"hupso-share-buttons\"><!-- Hupso Share Buttons - https:\/\/www.hupso.com\/share\/ --><a class=\"hupso_counters\" href=\"https:\/\/www.hupso.com\/share\/\"><img decoding=\"async\" src=\"http:\/\/static.hupso.com\/share\/buttons\/lang\/es\/share-small.png\" style=\"border:0px; padding-top:2px; float:left;\" alt=\"Share Button\"\/><\/a><script type=\"text\/javascript\">var hupso_services_c=new Array(\"twitter\",\"facebook_like\",\"google\");var hupso_counters_lang = \"es_LA\";var hupso_image_folder_url = \"\";var hupso_twitter_via=\"crsyvrs\";var hupso_url_c=\"\";<\/script><script type=\"text\/javascript\" src=\"http:\/\/static.hupso.com\/share\/js\/counters.js\"><\/script><!-- Hupso Share Buttons --><\/div><h2>En la versi\u00f3n para Amazon, la historia retrocede hasta la Segunda Edad, en la era donde \u201cfueron forjados grandes poderes\u201d.<\/h2>\n<p><img loading=\"lazy\" decoding=\"async\" class=\" wp-image-29550 aligncenter\" src=\"http:\/\/cronicasyversiones.com\/wp-content\/uploads\/2021\/01\/se\u00f1or.jpg\" alt=\"\" width=\"809\" height=\"455\" srcset=\"http:\/\/cronicasyversiones.com\/wp-content\/uploads\/2021\/01\/se\u00f1or.jpg 720w, http:\/\/cronicasyversiones.com\/wp-content\/uploads\/2021\/01\/se\u00f1or-300x169.jpg 300w\" sizes=\"auto, (max-width: 809px) 100vw, 809px\" \/><\/p>\n<p>La serie sobre<em><strong> \u201cEl Se\u00f1or de los Anillos\u201d,<\/strong><\/em> producida por J.A. Bayona para Amazon Studios, se ambientar\u00e1 \u201cmiles de a\u00f1os antes\u201d de los eventos narrados en <strong>\u201cEl Hobbit\u201d<\/strong> y en la historia de <strong>J.R.R.Tolkien<\/strong> que se convirti\u00f3 en una trilog\u00eda para el cine.<\/p>\n<blockquote><p>Las dos obras de Tolkien se desarrollan en la Tercera Edad del Sol de la Tierra Media y la serie retrocede hasta la Segunda Edad, en la era donde \u201cfueron forjados grandes poderes\u201d, seg\u00fan Amazon Prime Video.<\/p><\/blockquote>\n<p>Una \u00e9poca \u201cen la que reinos alcanzaron la gloria y cayeron en la ruina, en la que h\u00e9roes poco probables se pusieron a prueba, la esperanza pend\u00eda de los hilos m\u00e1s finos y en la que el villano m\u00e1s grande de todos los que salieron de la imaginaci\u00f3n de Tolkien amenazaba con cubrir al mundo de oscuridad\u201d.<\/p>\n<p>La serie, que se est\u00e1 rodando en Nueva Zelanda, empieza en una \u00e9poca de relativa paz y est\u00e1 protagonizada por personajes tanto nuevos como conocidos, que se enfrentan al resurgimiento del mal en la Tierra Media.<\/p>\n<blockquote><p>\u201cDesde las profundidades m\u00e1s oscuras de las Monta\u00f1as Nubladas, hasta los majestuosos bosques de la capital \u00e9lfica de Lindon, o los lejanos confines del mapa, estos reinos y personajes forjar\u00e1n legados que vivir\u00e1n mucho despu\u00e9s de que ellos se hayan ido\u201d, a\u00f1ade Amazon.<\/p><\/blockquote>\n<p>La primera temporada tendr\u00e1 ocho episodios y el elenco contar\u00e1 con Robert Aramayo, Owain Arthur, Nazanin Boniadi, Tom Budge, Morfydd Clark, Ismael Cruz C\u00f3rdova, Ema Horvath, Markella Kavenagh, Joseph Mawle, Tyroe Muhafidin, Sophia Nomvete, Megan Richards, Dylan Smith, Charlie Vickers y Daniel Weyman.<\/p>\n<div style=\"padding-bottom:20px; padding-top:10px;\" class=\"hupso-share-buttons\"><!-- Hupso Share Buttons - https:\/\/www.hupso.com\/share\/ --><a class=\"hupso_counters\" href=\"https:\/\/www.hupso.com\/share\/\"><img decoding=\"async\" src=\"http:\/\/static.hupso.com\/share\/buttons\/lang\/es\/share-small.png\" style=\"border:0px; padding-top:2px; float:left;\" alt=\"Share Button\"\/><\/a><script type=\"text\/javascript\">var hupso_services_c=new Array(\"twitter\",\"facebook_like\",\"google\");var hupso_counters_lang = \"es_LA\";var hupso_image_folder_url = \"\";var hupso_twitter_via=\"crsyvrs\";var hupso_url_c=\"\";<\/script><script type=\"text\/javascript\" src=\"http:\/\/static.hupso.com\/share\/js\/counters.js\"><\/script><!-- Hupso Share Buttons --><\/div> ","protected":false},"excerpt":{"rendered":"<div style=\"padding-bottom:20px; padding-top:10px;\" class=\"hupso-share-buttons\"><!-- Hupso Share Buttons - https:\/\/www.hupso.com\/share\/ --><a class=\"hupso_counters\" href=\"https:\/\/www.hupso.com\/share\/\"><img src=\"http:\/\/static.hupso.com\/share\/buttons\/lang\/es\/share-small.png\" style=\"border:0px; padding-top:2px; float:left;\" alt=\"Share Button\"\/><\/a><script type=\"text\/javascript\">var hupso_services_c=new Array(\"twitter\",\"facebook_like\",\"google\");var hupso_counters_lang = \"es_LA\";var hupso_image_folder_url = \"\";var hupso_twitter_via=\"crsyvrs\";var hupso_url_c=\"\";<\/script><script type=\"text\/javascript\" src=\"http:\/\/static.hupso.com\/share\/js\/counters.js\"><\/script><!-- Hupso Share Buttons --><\/div><p>En la versi\u00f3n para Amazon, la historia retrocede hasta la Segunda Edad, en la era donde \u201cfueron forjados grandes poderes\u201d. La serie sobre \u201cEl Se\u00f1or de los Anillos\u201d, producida por J.A. Bayona para Amazon Studios, se ambientar\u00e1 \u201cmiles de&#46;&#46;&#46;<\/p>\n<div style=\"padding-bottom:20px; padding-top:10px;\" class=\"hupso-share-buttons\"><!-- Hupso Share Buttons - https:\/\/www.hupso.com\/share\/ --><a class=\"hupso_counters\" href=\"https:\/\/www.hupso.com\/share\/\"><img src=\"http:\/\/static.hupso.com\/share\/buttons\/lang\/es\/share-small.png\" style=\"border:0px; padding-top:2px; float:left;\" alt=\"Share Button\"\/><\/a><script type=\"text\/javascript\">var hupso_services_c=new Array(\"twitter\",\"facebook_like\",\"google\");var hupso_counters_lang = \"es_LA\";var hupso_image_folder_url = \"\";var hupso_twitter_via=\"crsyvrs\";var hupso_url_c=\"\";<\/script><script type=\"text\/javascript\" src=\"http:\/\/static.hupso.com\/share\/js\/counters.js\"><\/script><!-- Hupso Share Buttons --><\/div>","protected":false},"author":5,"featured_media":29550,"comment_status":"closed","ping_status":"closed","sticky":false,"template":"","format":"standard","meta":{"footnotes":""},"categories":[6],"tags":[2465,5011,5012],"class_list":["post-29549","post","type-post","status-publish","format-standard","has-post-thumbnail","hentry","category-radio-y-tv","tag-amazon","tag-el-senor-de-los-anillos","tag-j-r-r-tolkien"],"_links":{"self":[{"href":"http:\/\/cronicasyversiones.com\/index.php?rest_route=\/wp\/v2\/posts\/29549","targetHints":{"allow":["GET"]}}],"collection":[{"href":"http:\/\/cronicasyversiones.com\/index.php?rest_route=\/wp\/v2\/posts"}],"about":[{"href":"http:\/\/cronicasyversiones.com\/index.php?rest_route=\/wp\/v2\/types\/post"}],"author":[{"embeddable":true,"href":"http:\/\/cronicasyversiones.com\/index.php?rest_route=\/wp\/v2\/users\/5"}],"replies":[{"embeddable":true,"href":"http:\/\/cronicasyversiones.com\/index.php?rest_route=%2Fwp%2Fv2%2Fcomments&post=29549"}],"version-history":[{"count":3,"href":"http:\/\/cronicasyversiones.com\/index.php?rest_route=\/wp\/v2\/posts\/29549\/revisions"}],"predecessor-version":[{"id":29563,"href":"http:\/\/cronicasyversiones.com\/index.php?rest_route=\/wp\/v2\/posts\/29549\/revisions\/29563"}],"wp:featuredmedia":[{"embeddable":true,"href":"http:\/\/cronicasyversiones.com\/index.php?rest_route=\/wp\/v2\/media\/29550"}],"wp:attachment":[{"href":"http:\/\/cronicasyversiones.com\/index.php?rest_route=%2Fwp%2Fv2%2Fmedia&parent=29549"}],"wp:term":[{"taxonomy":"category","embeddable":true,"href":"http:\/\/cronicasyversiones.com\/index.php?rest_route=%2Fwp%2Fv2%2Fcategories&post=29549"},{"taxonomy":"post_tag","embeddable":true,"href":"http:\/\/cronicasyversiones.com\/index.php?rest_route=%2Fwp%2Fv2%2Ftags&post=29549"}],"curies":[{"name":"wp","href":"https:\/\/api.w.org\/{rel}","templated":true}]}}