{"id":29798,"date":"2021-02-04T15:48:19","date_gmt":"2021-02-04T18:48:19","guid":{"rendered":"http:\/\/cronicasyversiones.com\/?p=29798"},"modified":"2021-02-07T10:03:41","modified_gmt":"2021-02-07T13:03:41","slug":"kotringo-le-rinde-homenaje-a-luis-alberto-spinetta","status":"publish","type":"post","link":"http:\/\/cronicasyversiones.com\/?p=29798","title":{"rendered":"Kotringo y Cribas le rinden homenaje a Luis Alberto Spinetta"},"content":{"rendered":"<div style=\"padding-bottom:20px; padding-top:10px;\" class=\"hupso-share-buttons\"><!-- Hupso Share Buttons - https:\/\/www.hupso.com\/share\/ --><a class=\"hupso_counters\" href=\"https:\/\/www.hupso.com\/share\/\"><img decoding=\"async\" src=\"http:\/\/static.hupso.com\/share\/buttons\/lang\/es\/share-small.png\" style=\"border:0px; padding-top:2px; float:left;\" alt=\"Share Button\"\/><\/a><script type=\"text\/javascript\">var hupso_services_c=new Array(\"twitter\",\"facebook_like\",\"google\");var hupso_counters_lang = \"es_LA\";var hupso_image_folder_url = \"\";var hupso_twitter_via=\"crsyvrs\";var hupso_url_c=\"\";<\/script><script type=\"text\/javascript\" src=\"http:\/\/static.hupso.com\/share\/js\/counters.js\"><\/script><!-- Hupso Share Buttons --><\/div><h2>La talentosa artista japonesa, admirada por el Flaco, y el grupo de La Plata grabaron una original versi\u00f3n de \u201cLudmila\u201d.<\/h2>\n<p><img loading=\"lazy\" decoding=\"async\" class=\"size-full wp-image-29799 aligncenter\" src=\"http:\/\/cronicasyversiones.com\/wp-content\/uploads\/2021\/02\/japon.jpg\" alt=\"\" width=\"750\" height=\"552\" srcset=\"http:\/\/cronicasyversiones.com\/wp-content\/uploads\/2021\/02\/japon.jpg 750w, http:\/\/cronicasyversiones.com\/wp-content\/uploads\/2021\/02\/japon-300x221.jpg 300w\" sizes=\"auto, (max-width: 750px) 100vw, 750px\" \/><\/p>\n<p><strong>Kotringo,<\/strong> la artista japonesa admirada por <strong>Luis Alberto Spinetta,<\/strong> y el grupo platense <strong>Cribas<\/strong> grabaron en Jap\u00f3n una nueva versi\u00f3n de la canci\u00f3n <strong>\u00abLudmila\u00bb<\/strong> y luego hicieron una obra audiovisual con ella celebrando as\u00ed la vida y obra del pionero del rock argentino.<\/p>\n<p>La canci\u00f3n del Flaco fue incluida en el disco<em><strong> \u201cMadre en a\u00f1os luz\u201d<\/strong><\/em>, de <strong>Spinetta Jade,<\/strong> que fue el \u00faltimo \u00e1lbum de esta formaci\u00f3n.<\/p>\n<p>El s\u00e1bado 23 de enero del 2021, en el marco de la celebraci\u00f3n del nacimiento de Luis Alberto Spinetta, se estren\u00f3 en redes sociales esta obra audiovisual original del tema grabado en Jap\u00f3n.<\/p>\n<p>Todo comenz\u00f3 en 2018 cuando se realiz\u00f3 el evento <strong>Kotringo Argentina Tour.<\/strong> Se trat\u00f3 de la\u00a0 primera gira de la artista japonesa por el pa\u00eds.<\/p>\n<p>Esta serie de conciertos fue muy relevante por tratarse del debut en Argentina de una artista internacional que adem\u00e1s de ser\u00a0 disc\u00edpula del renombrado compositor <strong>Ry?ichi Sakamoto<\/strong> es, ante todo, la artista japonesa preferida de <strong>Luis Alberto Spinetta.<\/strong><\/p>\n<p><iframe loading=\"lazy\" src=\"https:\/\/www.youtube.com\/embed\/SpoSO1QNc8Y\" width=\"600\" height=\"350\" frameborder=\"0\" allowfullscreen=\"allowfullscreen\"><span data-mce-type=\"bookmark\" style=\"display: inline-block; width: 0px; overflow: hidden; line-height: 0;\" class=\"mce_SELRES_start\">?<\/span><\/iframe><\/p>\n<p>Este dato de color fue muy determinante para la inmediata aprobaci\u00f3n y gran convocatoria del p\u00fablico que admira fielmente la cultura spinetteana e hizo, que muchos de ellos asistieran, a sala llena, a cada una de las presentaciones en las diferentes ciudades argentinas.<\/p>\n<p>Los titulares en los principales diarios argentinos con la frase <em><strong>\u201cLa favorita de Spinetta\u201d<\/strong> <\/em>consolidaron el \u00e9xito, de todos modos ella se enter\u00f3 recientemente de esta admiraci\u00f3n.<\/p>\n<p>En esta gira, no s\u00f3lo se trazaron y afianzaron los primeros v\u00ednculos de Kotringo con el p\u00fablico argentino, sino que, a su vez, se ampliaron los enlaces con los m\u00fasicos de Spinetta y con otros m\u00fasicos tales como el quinteto platense de j\u00f3venes artistas, Cribas, con quien ella comparti\u00f3 uno de los conciertos de su loable tour argentino.<\/p>\n<p>A ra\u00edz de este celebrado encuentro <strong>Kotringo\/Cribas<\/strong>, y, debido al inter\u00e9s demostrado por el p\u00fablico japon\u00e9s en el quinteto argentino (a trav\u00e9s de la venta de sus discos y la publicaci\u00f3n de entrevistas y rese\u00f1as acerca de su m\u00fasica esta m\u00fasica desde el a\u00f1o 2015), se realiz\u00f3, a fines de febrero y principios de marzo del 2020, una gira muy especial: \u201cCribas &amp; Kotringo Japan Tour 2020\u201d.<\/p>\n<p>Fue la primera gira del grupo platense al pa\u00eds asi\u00e1tico, que incluy\u00f3 una serie de\u00a0 conciertos en distintas ciudades. Dicha gira fue producida por la empresa Latina Co. Ltd., que es la principal distribuidora japonesa de m\u00fasica del mundo, entre ellas la de Cribas. Tambi\u00e9n se cont\u00f3 con la promoci\u00f3n y apoyo institucional de distintos organismos institucionales como la Embajada de la Rep\u00fablica Argentina en Jap\u00f3n, el Fondo Nacional de las Artes, como tambi\u00e9n la Universidad Nacional de\u00a0 La Plata, quienes declararon de Inter\u00e9s.<\/p>\n<p>Una canci\u00f3n es la que est\u00e1n presentando ahora,<em><strong> \u201cLudmila\u201d<\/strong><\/em> de Luis Alberto Spinetta y la otra obra es de Juan Ferm\u00edn Ferraris (Cribas) titulada<em><strong> \u201cMariposa\u201d<\/strong><\/em> que\u00a0 est\u00e1 en pleno proceso de edici\u00f3n y se estrenar\u00e1 en un futuro cercano.<\/p>\n<p><img loading=\"lazy\" decoding=\"async\" class=\"wp-image-29800 aligncenter\" src=\"http:\/\/cronicasyversiones.com\/wp-content\/uploads\/2021\/02\/Cribas-Kotringo-en-vivo-2--1024x683.jpg\" alt=\"\" width=\"750\" height=\"500\" srcset=\"http:\/\/cronicasyversiones.com\/wp-content\/uploads\/2021\/02\/Cribas-Kotringo-en-vivo-2--1024x683.jpg 1024w, http:\/\/cronicasyversiones.com\/wp-content\/uploads\/2021\/02\/Cribas-Kotringo-en-vivo-2--300x200.jpg 300w, http:\/\/cronicasyversiones.com\/wp-content\/uploads\/2021\/02\/Cribas-Kotringo-en-vivo-2--768x512.jpg 768w, http:\/\/cronicasyversiones.com\/wp-content\/uploads\/2021\/02\/Cribas-Kotringo-en-vivo-2--1536x1025.jpg 1536w, http:\/\/cronicasyversiones.com\/wp-content\/uploads\/2021\/02\/Cribas-Kotringo-en-vivo-2--2048x1366.jpg 2048w, http:\/\/cronicasyversiones.com\/wp-content\/uploads\/2021\/02\/Cribas-Kotringo-en-vivo-2--480x320.jpg 480w\" sizes=\"auto, (max-width: 750px) 100vw, 750px\" \/><\/p>\n<p><strong>Kotringo<\/strong> es pianista, cantante y compositora proveniente de Osaka, Jap\u00f3n. Estudio en el Berklee College of Music de Boston.<\/p>\n<p>Su carrera art\u00edstica comienza en Nueva York en el 2006, cuando Ryuichi Sakamoto, pianista y compositor de m\u00fasica de cine descubre su talento. A\u00f1os m\u00e1s tarde participa en uno de los eventos m\u00e1s importantes de Jap\u00f3n llamado Fuji Rock Festival.<\/p>\n<p>En 2012 lanza junto a Sakamoto un \u00e1lbum titulado<em><strong> \u201cI have to buy new shoes\u201d<\/strong><\/em>. En noviembre de 2016 desempe\u00f1a su papel de compositora sobre la banda de sonido de una pel\u00edcula de dibujos animados llamada <em><strong>\u201cEn este rinc\u00f3n del mundo\u201d<\/strong><\/em> dirigida por Sunao Katafuchi. Esta pel\u00edcula cont\u00f3 con 2 millones de espectadores en todo Jap\u00f3n y fue una de las pel\u00edculas m\u00e1s exitosas de anime en dicho a\u00f1o, ganando \u201cJapan Academy Prize\u201d y siendo estrenada en varios pa\u00edses del mundo como EEUU, Espa\u00f1a, Francia y M\u00e9xico .<\/p>\n<p>En el a\u00f1o 2018, se realiza con \u00e9xito su primera gira en el pa\u00eds titulada Kotringo Argentina\u00a0 Tour, teniendo una gran repercusi\u00f3n sobre todo en un p\u00fablico vinculado a Luis Alberto Spinetta, declarado gran admirador de la obra de la artista japonesa.<\/p>\n<p>Dicha gira cont\u00f3 con una serie de presentaciones en distintas ciudades junto a reconocidos artistas del pa\u00eds relacionados al mundo Spinetta y a la m\u00fasica original como Claudio Cardone, Rub\u00e9n Gold\u00edn, Mono Fontana, Carlos Aguirre, Sebasti\u00e1n Macchi, Cribas y Mar\u00eda Paula Torre.<\/p>\n<blockquote class=\"instagram-media\" style=\"background: #FFF; border: 0; border-radius: 3px; box-shadow: 0 0 1px 0 rgba(0,0,0,0.5),0 1px 10px 0 rgba(0,0,0,0.15); margin: 1px; max-width: 540px; min-width: 326px; padding: 0; width: calc(100% - 2px);\" data-instgrm-captioned=\"\" data-instgrm-permalink=\"https:\/\/www.instagram.com\/p\/CKRRkHSAxAU\/?utm_source=ig_embed&amp;utm_campaign=loading\" data-instgrm-version=\"13\">\n<div style=\"padding: 16px;\">\n<div style=\"display: flex; flex-direction: row; align-items: center;\">\n<div style=\"background-color: #f4f4f4; border-radius: 50%; flex-grow: 0; height: 40px; margin-right: 14px; width: 40px;\"><\/div>\n<div style=\"display: flex; flex-direction: column; flex-grow: 1; justify-content: center;\">\n<div style=\"background-color: #f4f4f4; border-radius: 4px; flex-grow: 0; height: 14px; margin-bottom: 6px; width: 100px;\"><\/div>\n<div style=\"background-color: #f4f4f4; border-radius: 4px; flex-grow: 0; height: 14px; width: 60px;\"><\/div>\n<\/div>\n<\/div>\n<div style=\"padding: 19% 0;\"><\/div>\n<div style=\"display: block; height: 50px; margin: 0 auto 12px; width: 50px;\"><\/div>\n<div style=\"padding-top: 8px;\">\n<div style=\"color: #3897f0; font-family: Arial,sans-serif; font-size: 14px; font-style: normal; font-weight: 550; line-height: 18px;\">Ver esta publicaci\u00f3n en Instagram<\/div>\n<\/div>\n<div style=\"padding: 12.5% 0;\"><\/div>\n<div style=\"display: flex; flex-direction: row; margin-bottom: 14px; align-items: center;\">\n<div>\n<div style=\"background-color: #f4f4f4; border-radius: 50%; height: 12.5px; width: 12.5px; transform: translateX(0px) translateY(7px);\"><\/div>\n<div style=\"background-color: #f4f4f4; height: 12.5px; transform: rotate(-45deg) translateX(3px) translateY(1px); width: 12.5px; flex-grow: 0; margin-right: 14px; margin-left: 2px;\"><\/div>\n<div style=\"background-color: #f4f4f4; border-radius: 50%; height: 12.5px; width: 12.5px; transform: translateX(9px) translateY(-18px);\"><\/div>\n<\/div>\n<div style=\"margin-left: 8px;\">\n<div style=\"background-color: #f4f4f4; border-radius: 50%; flex-grow: 0; height: 20px; width: 20px;\"><\/div>\n<div style=\"width: 0; height: 0; border-top: 2px solid transparent; border-left: 6px solid #f4f4f4; border-bottom: 2px solid transparent; transform: translateX(16px) translateY(-4px) rotate(30deg);\"><\/div>\n<\/div>\n<div style=\"margin-left: auto;\">\n<div style=\"width: 0px; border-top: 8px solid #F4F4F4; border-right: 8px solid transparent; transform: translateY(16px);\"><\/div>\n<div style=\"background-color: #f4f4f4; flex-grow: 0; height: 12px; width: 16px; transform: translateY(-4px);\"><\/div>\n<div style=\"width: 0; height: 0; border-top: 8px solid #F4F4F4; border-left: 8px solid transparent; transform: translateY(-4px) translateX(8px);\"><\/div>\n<\/div>\n<\/div>\n<div style=\"display: flex; flex-direction: column; flex-grow: 1; justify-content: center; margin-bottom: 24px;\">\n<div style=\"background-color: #f4f4f4; border-radius: 4px; flex-grow: 0; height: 14px; margin-bottom: 6px; width: 224px;\"><\/div>\n<div style=\"background-color: #f4f4f4; border-radius: 4px; flex-grow: 0; height: 14px; width: 144px;\"><\/div>\n<\/div>\n<p style=\"color: #c9c8cd; font-family: Arial,sans-serif; font-size: 14px; line-height: 17px; margin-bottom: 0; margin-top: 8px; overflow: hidden; padding: 8px 0 7px; text-align: center; text-overflow: ellipsis; white-space: nowrap;\"><a style=\"color: #c9c8cd; font-family: Arial,sans-serif; font-size: 14px; font-style: normal; font-weight: normal; line-height: 17px; text-decoration: none;\" href=\"https:\/\/www.instagram.com\/p\/CKRRkHSAxAU\/?utm_source=ig_embed&amp;utm_campaign=loading\" target=\"_blank\" rel=\"noopener noreferrer\">Una publicaci\u00f3n compartida por Cribas (@cribasgrupo)<\/a><\/p>\n<\/div>\n<\/blockquote>\n<p><script async=\"\" src=\"\/\/www.instagram.com\/embed.js\"><\/script><\/p>\n<p><strong>Cribas<\/strong> es un quinteto argentino de formato ac\u00fastico dedicado a la composici\u00f3n e interpretaci\u00f3n de canciones originales, vinculadas al world music y a la m\u00fasica popular latinoamericana.<\/p>\n<p>El grupo se consolida en el 2014 en la ciudad de La Plata, Buenos Aires, con la salida de su primer \u00e1lbum: \u00abLa hora diminuta\u00bb. Con una formaci\u00f3n centrada en el quinteto, este material re\u00fane canciones y m\u00fasicas instrumentales que desde una sonoridad ac\u00fastica refleja influencias de la m\u00fasica popular latinoamericana.<\/p>\n<p>En el a\u00f1o 2015, este \u00e1lbum comienza a generar repercusiones en Jap\u00f3n, dando lugar a un v\u00ednculo con este pa\u00eds que afianz\u00e1ndose con varios proyectos importantes, logra sostenerse hasta la actualidad.<\/p>\n<p>Esto propici\u00f3 venta de discos, publicaciones, entrevistas y premios siendo sus integrantes catalogados desde j\u00f3venes como<em><strong> \u201cNew Composers Around the World \u2013 Folklore, Primitive, Song, Instrumental, Innovation\u201d<\/strong> <\/em>por ????? Latina Co., Tokio, Jap\u00f3n, junto a artistas de renombre internacional como Tigran Hamasyan. Actualmente la Revista Latina Co., distribuye su m\u00fasica en Jap\u00f3n y son quienes lo presentan como los continuadores del nuevo folclore argentino.<\/p>\n<p>Entre el 2015 y el 2016, el grupo se presenta en escenarios representativos como el Festival Cervantino en Azul, Buenos Aires, y desde ese entonces, realiza giras por el interior de la Argentina, y adem\u00e1s present\u00e1ndose en varias oportunidades en Uruguay, pa\u00eds donde tambi\u00e9n ha tenido muy buena recepci\u00f3n.<\/p>\n<p>A finales del 2017 lanzan el segundo \u00e1lbum titulado <em><strong>\u201cLas cosas\u201d.<\/strong><\/em> Este nuevo material sostiene una instrumentaci\u00f3n ac\u00fastica, pero a su vez, propone -incluso desde la misma decisi\u00f3n de grabarlo en vivo en el estudio- un abordaje de la canci\u00f3n que entrelaza la m\u00fasica popular argentina con est\u00e9ticas de lo contempor\u00e1neo, invitando a una escucha activa y detenida que habilite el plano conceptual. Este segundo \u00e1lbum, al ser premiado con una beca que les brind\u00f3 el Programa de Apoyo a la Realizaci\u00f3n Art\u00edstica y Cultural (PAR), se present\u00f3 a comienzos del 2018 en el Auditorio de la Facultad de Bellas Artes (UNLP), como tambi\u00e9n en Caf\u00e9 Vinilo, Capital Federal.<\/p>\n<p>Durante el 2018, mientras las ediciones f\u00edsicas tanto del primer \u00e1lbum, como tambi\u00e9n del segundo segu\u00edan teniendo una amplia distribuci\u00f3n en Jap\u00f3n, comparten un concierto en la ciudad de La Plata con Kotringo: compositora, pianista y cantante japonesa disc\u00edpula de Ry?ichi Sakamoto.<\/p>\n<p>La artista llega por primera vez al pa\u00eds gracias a un fen\u00f3meno cultural muy importante, un tanto anecd\u00f3tico, basado en la noticia de la admiraci\u00f3n que ten\u00eda Luis Alberto Spinetta hacia ella. Hasta ese momento, muy pocos conoc\u00edan su obra, pero esto signific\u00f3 una gran oportunidad para la japonesa, ya que despert\u00f3 la curiosidad en los fan\u00e1ticos y seguidores del mundo spinetteano. Dicho concierto se realiz\u00f3 en el marco de la V Bienal de Arte y Cultura de la UNLP, un acontecimiento acad\u00e9mico muy significativo para el grupo.<\/p>\n<p>En el a\u00f1o 2019 el grupo es seleccionado para participar del Mercado de Industrias Creativas Argentina (MICA), donde realiza un concierto en el marco de exhibiciones, ferias, foros de debate, muestras en vivo y rondas de negocios para emprendedores que llegan de diferentes partes del mundo. Ese mismo a\u00f1o y luego de compartir conciertos, Cribas graba junto a Nadia Larcher el EP <em><strong>\u201cLa sombra\u201d<\/strong><\/em> donde versionan esa canci\u00f3n del segundo \u00e1lbum, generando a su vez un material audiovisual.<\/p>\n<p>A comienzos del a\u00f1o 2020 Cribas saca <em><strong>\u201cLa ofrenda\u201d.<\/strong><\/em> Este nuevo disco propone un novedoso vuelco de la canci\u00f3n a partir de lo ac\u00fastico, ya que se observa una apuesta hacia la ra\u00edz de la canci\u00f3n popular latinoamericana, pero haci\u00e9ndole un gui\u00f1o a una generaci\u00f3n importante de cantautores hispanoamericanos, protagonizada por Silvio Rodriguez, Joan Manuel Serrat, Pedro Guerra, pero tambi\u00e9n muy influenciada por el bolero de Bola de Nieve o int\u00e9rpretes m\u00e1s actuales como Jorge Drexler, Diego el Cigala o Concha Buika.<\/p>\n<p>Este disco nuevamente se coloca dentro de una est\u00e9tica vinculada con el world music y el jazz latino, pero que debido al formato folkl\u00f3rico de las canciones y al trabajo sobre una instrumentaci\u00f3n m\u00e1s ligada al terreno del tango, no deja de perder su sello argentino y latinoamericano. Es un disco ligero, profundo y sencillo, conformado por diez canciones originales.<\/p>\n<p>Semanas m\u00e1s tarde de haber salido el disco, el grupo viaja a presentarlo a Jap\u00f3n, realizando conciertos en diferentes ciudades. Esta gira se titul\u00f3 Kotringo &amp; Cribas Japan Tour 2020. Este proyecto fue gestionado por Latina Co. y cont\u00f3 adem\u00e1s con apoyo de la Embajada de Argentina en Jap\u00f3n, el Fondo Nacional de las Artes y de la Universidad Nacional de La Plata. De acuerdo al v\u00ednculo acad\u00e9mico que sostuvo Cribas, los integrantes del grupo son nombrados como Embajadores Culturales de la UNLP.<\/p>\n<p>Al finalizar la gira, se realiza uno de los acontecimientos m\u00e1s relevantes para el grupo. En marzo de 2020 graban en Tokio, junto a Kotringo y el cuarteto de cuerdas de Atsuki Yoshida,un material compuesto por dos obras producidas, arregladas e interpretadas en conjunto con Kotringo. La primera fue una canci\u00f3n de Cribas, compuesta por Juan Ferm\u00edn Ferraris, titulada Mariposa, mientras que la segunda obra<em><strong> \u00abLudmila\u00bb,<\/strong><\/em> de Luis Alberto Spinetta, se convirti\u00f3 en un acontecimiento cultural muy importante.<\/p>\n<p>Durante el contexto epidemiol\u00f3gico del 2020, el grupo no dej\u00f3 de producir materiales audiovisuales. Por un lado, siguieron trabajando sobre algunas canciones de \u201cLa Ofrenda\u201d, y a su vez, comenzaron con un proyecto de versiones de canciones pertenecientes a determinados artistas relevantes para el grupo, arregladas dentro de la est\u00e9tica de Cribas. Entre ellas, pueden encontrarse cl\u00e1sicos del rock nacional como \u201cEstadio Azteca\u201d de Andr\u00e9s Calamaro, como tambi\u00e9n \u201cEl camino\u201d del Chango Spasiuk.<\/p>\n<p>A comienzos del 2021, el tercer \u00e1lbum <em><strong>\u201cLa ofrenda\u201d<\/strong> <\/em>es seleccionado como \u201cBest Album 2020\u201d de la revista Latina Co. Tokio, Jap\u00f3n, catalogado por los japoneses dentro de los veinte mejores discos de m\u00fasica del mundo.<\/p>\n<div style=\"padding-bottom:20px; padding-top:10px;\" class=\"hupso-share-buttons\"><!-- Hupso Share Buttons - https:\/\/www.hupso.com\/share\/ --><a class=\"hupso_counters\" href=\"https:\/\/www.hupso.com\/share\/\"><img decoding=\"async\" src=\"http:\/\/static.hupso.com\/share\/buttons\/lang\/es\/share-small.png\" style=\"border:0px; padding-top:2px; float:left;\" alt=\"Share Button\"\/><\/a><script type=\"text\/javascript\">var hupso_services_c=new Array(\"twitter\",\"facebook_like\",\"google\");var hupso_counters_lang = \"es_LA\";var hupso_image_folder_url = \"\";var hupso_twitter_via=\"crsyvrs\";var hupso_url_c=\"\";<\/script><script type=\"text\/javascript\" src=\"http:\/\/static.hupso.com\/share\/js\/counters.js\"><\/script><!-- Hupso Share Buttons --><\/div> ","protected":false},"excerpt":{"rendered":"<div style=\"padding-bottom:20px; padding-top:10px;\" class=\"hupso-share-buttons\"><!-- Hupso Share Buttons - https:\/\/www.hupso.com\/share\/ --><a class=\"hupso_counters\" href=\"https:\/\/www.hupso.com\/share\/\"><img src=\"http:\/\/static.hupso.com\/share\/buttons\/lang\/es\/share-small.png\" style=\"border:0px; padding-top:2px; float:left;\" alt=\"Share Button\"\/><\/a><script type=\"text\/javascript\">var hupso_services_c=new Array(\"twitter\",\"facebook_like\",\"google\");var hupso_counters_lang = \"es_LA\";var hupso_image_folder_url = \"\";var hupso_twitter_via=\"crsyvrs\";var hupso_url_c=\"\";<\/script><script type=\"text\/javascript\" src=\"http:\/\/static.hupso.com\/share\/js\/counters.js\"><\/script><!-- Hupso Share Buttons --><\/div><p>La talentosa artista japonesa, admirada por el Flaco, y el grupo de La Plata grabaron una original versi\u00f3n de \u201cLudmila\u201d. Kotringo, la artista japonesa admirada por Luis Alberto Spinetta, y el grupo platense Cribas grabaron en Jap\u00f3n una nueva&#46;&#46;&#46;<\/p>\n<div style=\"padding-bottom:20px; padding-top:10px;\" class=\"hupso-share-buttons\"><!-- Hupso Share Buttons - https:\/\/www.hupso.com\/share\/ --><a class=\"hupso_counters\" href=\"https:\/\/www.hupso.com\/share\/\"><img src=\"http:\/\/static.hupso.com\/share\/buttons\/lang\/es\/share-small.png\" style=\"border:0px; padding-top:2px; float:left;\" alt=\"Share Button\"\/><\/a><script type=\"text\/javascript\">var hupso_services_c=new Array(\"twitter\",\"facebook_like\",\"google\");var hupso_counters_lang = \"es_LA\";var hupso_image_folder_url = \"\";var hupso_twitter_via=\"crsyvrs\";var hupso_url_c=\"\";<\/script><script type=\"text\/javascript\" src=\"http:\/\/static.hupso.com\/share\/js\/counters.js\"><\/script><!-- Hupso Share Buttons --><\/div>","protected":false},"author":5,"featured_media":29799,"comment_status":"closed","ping_status":"closed","sticky":false,"template":"","format":"standard","meta":{"footnotes":""},"categories":[3,3944],"tags":[9736,9735,47],"class_list":["post-29798","post","type-post","status-publish","format-standard","has-post-thumbnail","hentry","category-musica","category-spinettario","tag-cribas","tag-kotringo","tag-luis-alberto-spinetta"],"_links":{"self":[{"href":"http:\/\/cronicasyversiones.com\/index.php?rest_route=\/wp\/v2\/posts\/29798","targetHints":{"allow":["GET"]}}],"collection":[{"href":"http:\/\/cronicasyversiones.com\/index.php?rest_route=\/wp\/v2\/posts"}],"about":[{"href":"http:\/\/cronicasyversiones.com\/index.php?rest_route=\/wp\/v2\/types\/post"}],"author":[{"embeddable":true,"href":"http:\/\/cronicasyversiones.com\/index.php?rest_route=\/wp\/v2\/users\/5"}],"replies":[{"embeddable":true,"href":"http:\/\/cronicasyversiones.com\/index.php?rest_route=%2Fwp%2Fv2%2Fcomments&post=29798"}],"version-history":[{"count":3,"href":"http:\/\/cronicasyversiones.com\/index.php?rest_route=\/wp\/v2\/posts\/29798\/revisions"}],"predecessor-version":[{"id":29820,"href":"http:\/\/cronicasyversiones.com\/index.php?rest_route=\/wp\/v2\/posts\/29798\/revisions\/29820"}],"wp:featuredmedia":[{"embeddable":true,"href":"http:\/\/cronicasyversiones.com\/index.php?rest_route=\/wp\/v2\/media\/29799"}],"wp:attachment":[{"href":"http:\/\/cronicasyversiones.com\/index.php?rest_route=%2Fwp%2Fv2%2Fmedia&parent=29798"}],"wp:term":[{"taxonomy":"category","embeddable":true,"href":"http:\/\/cronicasyversiones.com\/index.php?rest_route=%2Fwp%2Fv2%2Fcategories&post=29798"},{"taxonomy":"post_tag","embeddable":true,"href":"http:\/\/cronicasyversiones.com\/index.php?rest_route=%2Fwp%2Fv2%2Ftags&post=29798"}],"curies":[{"name":"wp","href":"https:\/\/api.w.org\/{rel}","templated":true}]}}