{"id":29890,"date":"2021-02-13T08:22:06","date_gmt":"2021-02-13T11:22:06","guid":{"rendered":"http:\/\/cronicasyversiones.com\/?p=29890"},"modified":"2021-02-13T08:29:28","modified_gmt":"2021-02-13T11:29:28","slug":"la-campana-de-la-division-un-libro-sobre-las-ruinas-del-rock-argentino","status":"publish","type":"post","link":"http:\/\/cronicasyversiones.com\/?p=29890","title":{"rendered":"\u00abLa Campana de la Divisi\u00f3n\u00bb, un libro sobre las ruinas del rock argentino"},"content":{"rendered":"<div style=\"padding-bottom:20px; padding-top:10px;\" class=\"hupso-share-buttons\"><!-- Hupso Share Buttons - https:\/\/www.hupso.com\/share\/ --><a class=\"hupso_counters\" href=\"https:\/\/www.hupso.com\/share\/\"><img decoding=\"async\" src=\"http:\/\/static.hupso.com\/share\/buttons\/lang\/es\/share-small.png\" style=\"border:0px; padding-top:2px; float:left;\" alt=\"Share Button\"\/><\/a><script type=\"text\/javascript\">var hupso_services_c=new Array(\"twitter\",\"facebook_like\",\"google\");var hupso_counters_lang = \"es_LA\";var hupso_image_folder_url = \"\";var hupso_twitter_via=\"crsyvrs\";var hupso_url_c=\"\";<\/script><script type=\"text\/javascript\" src=\"http:\/\/static.hupso.com\/share\/js\/counters.js\"><\/script><!-- Hupso Share Buttons --><\/div><h2>La publicaci\u00f3n sobre el rock post 2001 esta compilada por Emiliano Scaricaciottoli y publicado por Clara Beter Ediciones.<\/h2>\n<p><img loading=\"lazy\" decoding=\"async\" class=\"size-full wp-image-29891 aligncenter\" src=\"http:\/\/cronicasyversiones.com\/wp-content\/uploads\/2021\/02\/libro.jpg\" alt=\"\" width=\"750\" height=\"565\" srcset=\"http:\/\/cronicasyversiones.com\/wp-content\/uploads\/2021\/02\/libro.jpg 750w, http:\/\/cronicasyversiones.com\/wp-content\/uploads\/2021\/02\/libro-300x226.jpg 300w\" sizes=\"auto, (max-width: 750px) 100vw, 750px\" \/><\/p>\n<p>Se lanz\u00f3 <em><strong>\u00abLa Campana de la Divisi\u00f3n -Escribir sobre las ruinas del rock argentino\u00bb,<\/strong><\/em> compilado por <strong>Emiliano Scaricaciottoli<\/strong> y publicado por<strong> Clara Beter Ediciones.<\/strong><\/p>\n<p>No hay muchos libros que se sumerjan en el ambiente del rock post 2001 y<strong> Croma\u00f1\u00f3n<\/strong> y que vayan m\u00e1s all\u00e1 de la recopilaci\u00f3n de datos.<\/p>\n<p>Pensar al rock en el Siglo XXI en relaci\u00f3n con varios cambios de paradigma que lo han afectado y, en alg\u00fan punto, modificado.<\/p>\n<blockquote><p>\u00bfDe qu\u00e9 manera se para, se consume y se vive al rock en tiempos en que se lo critica y se pone en tela de juicio su vigencia e inclusive su ra\u00edz?<\/p><\/blockquote>\n<p>Aqu\u00ed es donde suena con contundencia la pluma de<em><strong> \u201cLa Campana de la Divisi\u00f3n\u201d<\/strong> <\/em>que cuenta con sendos ensayos que debaten sobre diversos t\u00f3picos, tal como la sensualidad, la urbanidad, el onirismo, la valvularidad y el trovadurismo.<\/p>\n<p>Caminar la ciudad, la relaci\u00f3n amor-odio de mantener la autenticidad mixturada con el deseo de pertenecer al 2021, el feminismo, la tecnolog\u00eda, la pluma, la palabra para despu\u00e9s dialogar con los ensayos tanto del lugar de la curiosidad como enojo como del intercambio de pareceres m\u00e1s all\u00e1 de la pertenencia<\/p>\n<p>El di\u00e1logo y debate con la coyuntura es palpable. Analizar lo ocurrido para problematizar el presente y pensar el futuro.&nbsp; Emiliano Scaricaciottoli no solo compila sino que presenta su propio ensayo junto con las escrituras originales de <strong>Carla Daniela Benisz, Daniel Talio, Nancy Gregof y Daniel Gaguine<\/strong> que plasman una escritura tan curiosa como ponzo\u00f1osa en tanto sus planteos e ideas.<\/p>\n<p><em><strong>&nbsp;\u00abLa Campana de la Divisi\u00f3n -Escribir sobre las ruinas del rock argentino\u00bb<\/strong> <\/em>ya est\u00e1 disponible <a href=\"https:\/\/www.clarabeterediciones.com.ar\/linea-abierta\/la-campana-de-la-division-emiliano-scaricaciottoli-comp\">en el sitio Web&nbsp; de la editorial.&nbsp;<\/a><\/p>\n<div style=\"padding-bottom:20px; padding-top:10px;\" class=\"hupso-share-buttons\"><!-- Hupso Share Buttons - https:\/\/www.hupso.com\/share\/ --><a class=\"hupso_counters\" href=\"https:\/\/www.hupso.com\/share\/\"><img decoding=\"async\" src=\"http:\/\/static.hupso.com\/share\/buttons\/lang\/es\/share-small.png\" style=\"border:0px; padding-top:2px; float:left;\" alt=\"Share Button\"\/><\/a><script type=\"text\/javascript\">var hupso_services_c=new Array(\"twitter\",\"facebook_like\",\"google\");var hupso_counters_lang = \"es_LA\";var hupso_image_folder_url = \"\";var hupso_twitter_via=\"crsyvrs\";var hupso_url_c=\"\";<\/script><script type=\"text\/javascript\" src=\"http:\/\/static.hupso.com\/share\/js\/counters.js\"><\/script><!-- Hupso Share Buttons --><\/div> ","protected":false},"excerpt":{"rendered":"<div style=\"padding-bottom:20px; padding-top:10px;\" class=\"hupso-share-buttons\"><!-- Hupso Share Buttons - https:\/\/www.hupso.com\/share\/ --><a class=\"hupso_counters\" href=\"https:\/\/www.hupso.com\/share\/\"><img src=\"http:\/\/static.hupso.com\/share\/buttons\/lang\/es\/share-small.png\" style=\"border:0px; padding-top:2px; float:left;\" alt=\"Share Button\"\/><\/a><script type=\"text\/javascript\">var hupso_services_c=new Array(\"twitter\",\"facebook_like\",\"google\");var hupso_counters_lang = \"es_LA\";var hupso_image_folder_url = \"\";var hupso_twitter_via=\"crsyvrs\";var hupso_url_c=\"\";<\/script><script type=\"text\/javascript\" src=\"http:\/\/static.hupso.com\/share\/js\/counters.js\"><\/script><!-- Hupso Share Buttons --><\/div><p>La publicaci\u00f3n sobre el rock post 2001 esta compilada por Emiliano Scaricaciottoli y publicado por Clara Beter Ediciones. Se lanz\u00f3 \u00abLa Campana de la Divisi\u00f3n -Escribir sobre las ruinas del rock argentino\u00bb, compilado por Emiliano Scaricaciottoli y publicado por&#46;&#46;&#46;<\/p>\n<div style=\"padding-bottom:20px; padding-top:10px;\" class=\"hupso-share-buttons\"><!-- Hupso Share Buttons - https:\/\/www.hupso.com\/share\/ --><a class=\"hupso_counters\" href=\"https:\/\/www.hupso.com\/share\/\"><img src=\"http:\/\/static.hupso.com\/share\/buttons\/lang\/es\/share-small.png\" style=\"border:0px; padding-top:2px; float:left;\" alt=\"Share Button\"\/><\/a><script type=\"text\/javascript\">var hupso_services_c=new Array(\"twitter\",\"facebook_like\",\"google\");var hupso_counters_lang = \"es_LA\";var hupso_image_folder_url = \"\";var hupso_twitter_via=\"crsyvrs\";var hupso_url_c=\"\";<\/script><script type=\"text\/javascript\" src=\"http:\/\/static.hupso.com\/share\/js\/counters.js\"><\/script><!-- Hupso Share Buttons --><\/div>","protected":false},"author":5,"featured_media":29891,"comment_status":"closed","ping_status":"closed","sticky":false,"template":"","format":"standard","meta":{"footnotes":""},"categories":[7,3],"tags":[9741,3587,7267],"class_list":["post-29890","post","type-post","status-publish","format-standard","has-post-thumbnail","hentry","category-literatura","category-musica","tag-clara-beter-ediciones","tag-cromanon","tag-daniel-gaguine"],"_links":{"self":[{"href":"http:\/\/cronicasyversiones.com\/index.php?rest_route=\/wp\/v2\/posts\/29890","targetHints":{"allow":["GET"]}}],"collection":[{"href":"http:\/\/cronicasyversiones.com\/index.php?rest_route=\/wp\/v2\/posts"}],"about":[{"href":"http:\/\/cronicasyversiones.com\/index.php?rest_route=\/wp\/v2\/types\/post"}],"author":[{"embeddable":true,"href":"http:\/\/cronicasyversiones.com\/index.php?rest_route=\/wp\/v2\/users\/5"}],"replies":[{"embeddable":true,"href":"http:\/\/cronicasyversiones.com\/index.php?rest_route=%2Fwp%2Fv2%2Fcomments&post=29890"}],"version-history":[{"count":3,"href":"http:\/\/cronicasyversiones.com\/index.php?rest_route=\/wp\/v2\/posts\/29890\/revisions"}],"predecessor-version":[{"id":29907,"href":"http:\/\/cronicasyversiones.com\/index.php?rest_route=\/wp\/v2\/posts\/29890\/revisions\/29907"}],"wp:featuredmedia":[{"embeddable":true,"href":"http:\/\/cronicasyversiones.com\/index.php?rest_route=\/wp\/v2\/media\/29891"}],"wp:attachment":[{"href":"http:\/\/cronicasyversiones.com\/index.php?rest_route=%2Fwp%2Fv2%2Fmedia&parent=29890"}],"wp:term":[{"taxonomy":"category","embeddable":true,"href":"http:\/\/cronicasyversiones.com\/index.php?rest_route=%2Fwp%2Fv2%2Fcategories&post=29890"},{"taxonomy":"post_tag","embeddable":true,"href":"http:\/\/cronicasyversiones.com\/index.php?rest_route=%2Fwp%2Fv2%2Ftags&post=29890"}],"curies":[{"name":"wp","href":"https:\/\/api.w.org\/{rel}","templated":true}]}}