{"id":29969,"date":"2021-03-01T08:56:19","date_gmt":"2021-03-01T11:56:19","guid":{"rendered":"http:\/\/cronicasyversiones.com\/?p=29969"},"modified":"2021-03-01T08:56:19","modified_gmt":"2021-03-01T11:56:19","slug":"llega-el-volumen-2-del-jardin-sonoro","status":"publish","type":"post","link":"http:\/\/cronicasyversiones.com\/?p=29969","title":{"rendered":"Llega el \u201cVolumen 2\u201d del \u201cJard\u00edn Sonoro\u201d"},"content":{"rendered":"<div style=\"padding-bottom:20px; padding-top:10px;\" class=\"hupso-share-buttons\"><!-- Hupso Share Buttons - https:\/\/www.hupso.com\/share\/ --><a class=\"hupso_counters\" href=\"https:\/\/www.hupso.com\/share\/\"><img decoding=\"async\" src=\"http:\/\/static.hupso.com\/share\/buttons\/lang\/es\/share-small.png\" style=\"border:0px; padding-top:2px; float:left;\" alt=\"Share Button\"\/><\/a><script type=\"text\/javascript\">var hupso_services_c=new Array(\"twitter\",\"facebook_like\",\"google\");var hupso_counters_lang = \"es_LA\";var hupso_image_folder_url = \"\";var hupso_twitter_via=\"crsyvrs\";var hupso_url_c=\"\";<\/script><script type=\"text\/javascript\" src=\"http:\/\/static.hupso.com\/share\/js\/counters.js\"><\/script><!-- Hupso Share Buttons --><\/div><h2>Se trata de una experiencia teatral site specific para recorrer el Jard\u00edn Bot\u00e1nico y escuchar historias vinculadas a la naturaleza.<\/h2>\n<p><img loading=\"lazy\" decoding=\"async\" class=\" wp-image-29970 aligncenter\" src=\"http:\/\/cronicasyversiones.com\/wp-content\/uploads\/2021\/03\/jardin-1024x683.jpg\" alt=\"\" width=\"774\" height=\"516\" srcset=\"http:\/\/cronicasyversiones.com\/wp-content\/uploads\/2021\/03\/jardin-1024x683.jpg 1024w, http:\/\/cronicasyversiones.com\/wp-content\/uploads\/2021\/03\/jardin-300x200.jpg 300w, http:\/\/cronicasyversiones.com\/wp-content\/uploads\/2021\/03\/jardin-768x512.jpg 768w, http:\/\/cronicasyversiones.com\/wp-content\/uploads\/2021\/03\/jardin-1536x1024.jpg 1536w, http:\/\/cronicasyversiones.com\/wp-content\/uploads\/2021\/03\/jardin-2048x1365.jpg 2048w, http:\/\/cronicasyversiones.com\/wp-content\/uploads\/2021\/03\/jardin-480x320.jpg 480w\" sizes=\"auto, (max-width: 774px) 100vw, 774px\" \/><\/p>\n<p>Hasta el domingo 14 de marzo, en el Jard\u00edn Bot\u00e1nico Carlos Thays (Av. Santa Fe 3951) se podr\u00e1 vivir la experiencia site specific:<em><strong> \u201cJard\u00edn Sonoro Volumen 2\u201d,<\/strong><\/em> una aplicaci\u00f3n m\u00f3vil que conecta el espacio p\u00fablico con el teatro, permitiendo recorrer un jard\u00edn y escuchar seis obras breves de teatro vinculadas con la naturaleza.<\/p>\n<p>Al igual que en la primera edici\u00f3n, son seis obras escritas, dirigidas e interpretadas por artistas mujeres. En este Volumen II, se podr\u00e1n disfrutar obras de <strong>Cynthia Edul, Andrea Garrote, Agustina Gatto, Silvia G\u00f3mez Giusto, Mariana Obersztern y Eugenia P\u00e9rez Tomas.<\/strong> Cada una, con su mirada y su impronta, crea y deja huella en el universo de este jard\u00edn sonoro. La actividad es libre y gratuita.<\/p>\n<p>Para disfrutar de la experiencia, se debe descargar la aplicaci\u00f3n <em><strong>\u201cJard\u00edn Sonoro Vol. 2\u201d<\/strong><\/em> en el celular desde el App store (Apple) o Play Store (Android), activar el bluetooth, aceptar los permisos de notificaciones y ubicaci\u00f3n, caminar por el Jard\u00edn Bot\u00e1nico y buscar los puntos de escucha identificados en el mapa y marcados en el espacio.<\/p>\n<p>Luego, se activar\u00e1 una obra de teatro para escuchar. Cuando se termina con un punto, se debe seguir caminando hacia otro. El recorrido se puede hacer el mismo d\u00eda, o volver en otro momento. Una vez que se pasa por cada punto del jard\u00edn, la pista sonora se guardar\u00e1 en el tel\u00e9fono para que se pueda escuchar en otro instante y lugar. Para disfrutar de la experiencia s\u00f3lo se necesita celular y auriculares.<\/p>\n<blockquote><p>\u00abCon Jard\u00edn Sonoro nos interesa conectar a m\u00e1s personas con las artes esc\u00e9nicas. La experiencia invita a la detenci\u00f3n, a una situaci\u00f3n \u00edntima, introspectiva; pero al mismo tiempo, comunitaria. Hay una voz que me est\u00e1 contando algo a m\u00ed de forma personal; pero simult\u00e1neamente, veo que hay otros que est\u00e1n transitando lo mismo. El celular suele llevarnos a un modo de estar en el mundo de forma productiva, acelerada y eficiente. Jard\u00edn Sonoro tiene como intenci\u00f3n que el espectador se pierda y tenga un momento transformador. Ser improductivo puede abrir otros sentidos\u00bb, asegura Florencia Lavalle, productora art\u00edstica.<\/p><\/blockquote>\n<p>\u00abJard\u00edn Sonoro Volumen 2 invita a la escucha de seis obras singulares que -haciendo base en el territorio- interpelan al espectador desde una estructura monologal. El engranaje conforma as\u00ed una doble puesta en escena: la que sucede efectivamente en el espacio colectivo del jard\u00edn y la que el espectador construye en su imaginario, con ayuda de un paisaje sonoro dise\u00f1ado a tal fin\u00bb, dice Aliana Alvarez Pacheco, directora art\u00edstica.<\/p>\n<p><em><strong>\u201cJard\u00edn Sonoro\u201d<\/strong><\/em> ha recibido el acompa\u00f1amiento de Mecenazgo Cultural de la Ciudad, Fondo Metropolitano de las Artes, Proteatro y MICA (Mercado de Industrias Creativas de Argentina). La experiencia del Volumen 1 se ha presentado en el Jard\u00edn Bot\u00e1nico Carlos Thays, Festival de Teatro de Rafaela (Santa Fe), Festival Vicente L\u00f3pez en Escena (Buenos Aires) y Festival de Artes Esc\u00e9nicas A\u00fara (La Plata).<\/p>\n<p>Una edici\u00f3n ampliada de <em><strong>\u201cJard\u00edn Sonoro Volumen 1\u201d<\/strong> <\/em>se present\u00f3 en febrero 2020, en el marco del Festival Internacional de Teatro Universitario de la Universidad Nacional Aut\u00f3noma de M\u00e9xico (UNAM), en una co-producci\u00f3n que sum\u00f3 las obras de dos dramaturgas mexicanas. Recientemente, el Volumen 2 se present\u00f3 en el Festival Santiago a Mil 2021 y en el Festival Internacional de Buenos Aires (FIBA 2021)<\/p>\n<div style=\"padding-bottom:20px; padding-top:10px;\" class=\"hupso-share-buttons\"><!-- Hupso Share Buttons - https:\/\/www.hupso.com\/share\/ --><a class=\"hupso_counters\" href=\"https:\/\/www.hupso.com\/share\/\"><img decoding=\"async\" src=\"http:\/\/static.hupso.com\/share\/buttons\/lang\/es\/share-small.png\" style=\"border:0px; padding-top:2px; float:left;\" alt=\"Share Button\"\/><\/a><script type=\"text\/javascript\">var hupso_services_c=new Array(\"twitter\",\"facebook_like\",\"google\");var hupso_counters_lang = \"es_LA\";var hupso_image_folder_url = \"\";var hupso_twitter_via=\"crsyvrs\";var hupso_url_c=\"\";<\/script><script type=\"text\/javascript\" src=\"http:\/\/static.hupso.com\/share\/js\/counters.js\"><\/script><!-- Hupso Share Buttons --><\/div> ","protected":false},"excerpt":{"rendered":"<div style=\"padding-bottom:20px; padding-top:10px;\" class=\"hupso-share-buttons\"><!-- Hupso Share Buttons - https:\/\/www.hupso.com\/share\/ --><a class=\"hupso_counters\" href=\"https:\/\/www.hupso.com\/share\/\"><img src=\"http:\/\/static.hupso.com\/share\/buttons\/lang\/es\/share-small.png\" style=\"border:0px; padding-top:2px; float:left;\" alt=\"Share Button\"\/><\/a><script type=\"text\/javascript\">var hupso_services_c=new Array(\"twitter\",\"facebook_like\",\"google\");var hupso_counters_lang = \"es_LA\";var hupso_image_folder_url = \"\";var hupso_twitter_via=\"crsyvrs\";var hupso_url_c=\"\";<\/script><script type=\"text\/javascript\" src=\"http:\/\/static.hupso.com\/share\/js\/counters.js\"><\/script><!-- Hupso Share Buttons --><\/div><p>Se trata de una experiencia teatral site specific para recorrer el Jard\u00edn Bot\u00e1nico y escuchar historias vinculadas a la naturaleza. Hasta el domingo 14 de marzo, en el Jard\u00edn Bot\u00e1nico Carlos Thays (Av. Santa Fe 3951) se podr\u00e1 vivir&#46;&#46;&#46;<\/p>\n<div style=\"padding-bottom:20px; padding-top:10px;\" class=\"hupso-share-buttons\"><!-- Hupso Share Buttons - https:\/\/www.hupso.com\/share\/ --><a class=\"hupso_counters\" href=\"https:\/\/www.hupso.com\/share\/\"><img src=\"http:\/\/static.hupso.com\/share\/buttons\/lang\/es\/share-small.png\" style=\"border:0px; padding-top:2px; float:left;\" alt=\"Share Button\"\/><\/a><script type=\"text\/javascript\">var hupso_services_c=new Array(\"twitter\",\"facebook_like\",\"google\");var hupso_counters_lang = \"es_LA\";var hupso_image_folder_url = \"\";var hupso_twitter_via=\"crsyvrs\";var hupso_url_c=\"\";<\/script><script type=\"text\/javascript\" src=\"http:\/\/static.hupso.com\/share\/js\/counters.js\"><\/script><!-- Hupso Share Buttons --><\/div>","protected":false},"author":5,"featured_media":29970,"comment_status":"closed","ping_status":"closed","sticky":false,"template":"","format":"standard","meta":{"footnotes":""},"categories":[5],"tags":[],"class_list":["post-29969","post","type-post","status-publish","format-standard","has-post-thumbnail","hentry","category-teatro"],"_links":{"self":[{"href":"http:\/\/cronicasyversiones.com\/index.php?rest_route=\/wp\/v2\/posts\/29969","targetHints":{"allow":["GET"]}}],"collection":[{"href":"http:\/\/cronicasyversiones.com\/index.php?rest_route=\/wp\/v2\/posts"}],"about":[{"href":"http:\/\/cronicasyversiones.com\/index.php?rest_route=\/wp\/v2\/types\/post"}],"author":[{"embeddable":true,"href":"http:\/\/cronicasyversiones.com\/index.php?rest_route=\/wp\/v2\/users\/5"}],"replies":[{"embeddable":true,"href":"http:\/\/cronicasyversiones.com\/index.php?rest_route=%2Fwp%2Fv2%2Fcomments&post=29969"}],"version-history":[{"count":1,"href":"http:\/\/cronicasyversiones.com\/index.php?rest_route=\/wp\/v2\/posts\/29969\/revisions"}],"predecessor-version":[{"id":29971,"href":"http:\/\/cronicasyversiones.com\/index.php?rest_route=\/wp\/v2\/posts\/29969\/revisions\/29971"}],"wp:featuredmedia":[{"embeddable":true,"href":"http:\/\/cronicasyversiones.com\/index.php?rest_route=\/wp\/v2\/media\/29970"}],"wp:attachment":[{"href":"http:\/\/cronicasyversiones.com\/index.php?rest_route=%2Fwp%2Fv2%2Fmedia&parent=29969"}],"wp:term":[{"taxonomy":"category","embeddable":true,"href":"http:\/\/cronicasyversiones.com\/index.php?rest_route=%2Fwp%2Fv2%2Fcategories&post=29969"},{"taxonomy":"post_tag","embeddable":true,"href":"http:\/\/cronicasyversiones.com\/index.php?rest_route=%2Fwp%2Fv2%2Ftags&post=29969"}],"curies":[{"name":"wp","href":"https:\/\/api.w.org\/{rel}","templated":true}]}}