{"id":30166,"date":"2021-03-21T09:04:07","date_gmt":"2021-03-21T12:04:07","guid":{"rendered":"http:\/\/cronicasyversiones.com\/?p=30166"},"modified":"2021-03-21T09:04:08","modified_gmt":"2021-03-21T12:04:08","slug":"el-bellas-artes-exhibe-pandemia-la-nueva-obra-de-marta-minujin","status":"publish","type":"post","link":"http:\/\/cronicasyversiones.com\/?p=30166","title":{"rendered":"El Bellas Artes exhibe \u00abPandemia\u00bb, la nueva obra de Marta Minuj\u00edn"},"content":{"rendered":"<div style=\"padding-bottom:20px; padding-top:10px;\" class=\"hupso-share-buttons\"><!-- Hupso Share Buttons - https:\/\/www.hupso.com\/share\/ --><a class=\"hupso_counters\" href=\"https:\/\/www.hupso.com\/share\/\"><img decoding=\"async\" src=\"http:\/\/static.hupso.com\/share\/buttons\/lang\/es\/share-small.png\" style=\"border:0px; padding-top:2px; float:left;\" alt=\"Share Button\"\/><\/a><script type=\"text\/javascript\">var hupso_services_c=new Array(\"twitter\",\"facebook_like\",\"google\");var hupso_counters_lang = \"es_LA\";var hupso_image_folder_url = \"\";var hupso_twitter_via=\"crsyvrs\";var hupso_url_c=\"\";<\/script><script type=\"text\/javascript\" src=\"http:\/\/static.hupso.com\/share\/js\/counters.js\"><\/script><!-- Hupso Share Buttons --><\/div><h2>La creaci\u00f3n de la artista es un lienzo en el que durante varios meses fue pegando peque\u00f1as tiras de tela pintada, que est\u00e1 dedicada a sus seguidores en Instagram.<\/h2>\n<p><img loading=\"lazy\" decoding=\"async\" class=\" wp-image-30167 aligncenter\" src=\"http:\/\/cronicasyversiones.com\/wp-content\/uploads\/2021\/03\/marta.jpg\" alt=\"\" width=\"772\" height=\"435\" srcset=\"http:\/\/cronicasyversiones.com\/wp-content\/uploads\/2021\/03\/marta.jpg 1004w, http:\/\/cronicasyversiones.com\/wp-content\/uploads\/2021\/03\/marta-300x169.jpg 300w, http:\/\/cronicasyversiones.com\/wp-content\/uploads\/2021\/03\/marta-768x432.jpg 768w\" sizes=\"auto, (max-width: 772px) 100vw, 772px\" \/><\/p>\n<p><strong>Marta Minuj\u00edn<\/strong> cre\u00f3 <em><strong>\u00abPandemia\u00bb<\/strong><\/em>, un lienzo en el que durante varios meses fue pegando peque\u00f1as tiras de tela pintada, configurando escalas crom\u00e1ticas entre el negro y el blanco, una obra que se exhibir\u00e1 en el Museo Nacional de Bellas Artes a partir del pr\u00f3ximo jueves y que la artista dedica a sus seguidores de Instagram.<\/p>\n<p><em><strong>\u00abPandemia\u00bb<\/strong> <\/em>es un cuadro de 260 x 210 cm realizado durante el aislamiento obligatorio desde mayo de 2020 hasta marzo: \u00abAmigos ya cerca del fin, Pandemiaaaa 11 meses 5 horas por d\u00eda y fueron pegadas 22.600 tiritas de tela pintada y luego cortada y pegada\u00bb, dice la artista en su cuenta de Instagram.<\/p>\n<blockquote><p>La artista realiz\u00f3 \u00abun trabajo obsesivo, preciosista y riguroso para elaborar esta obra\u00bb, y durante varias horas al d\u00eda peg\u00f3 sobre el lienzo \u00ab22.600 tiras con peque\u00f1os cuadrados en blanco, negro y siete tonos de gris\u00bb, informa el museo.<\/p><\/blockquote>\n<p>Para ello \u00abpint\u00f3 peque\u00f1as telas constituidas por l\u00edneas paralelas negras, blancas y grises\u00bb que luego cort\u00f3 generando \u00abuna trama de cuadraditos de no m\u00e1s de 2 o 3 mil\u00edmetros de lado\u00bb.<\/p>\n<p><iframe loading=\"lazy\" title=\"YouTube video player\" src=\"https:\/\/www.youtube.com\/embed\/xXY_xuxZ2UM\" width=\"600\" height=\"350\" frameborder=\"0\" allowfullscreen=\"allowfullscreen\"><span data-mce-type=\"bookmark\" style=\"display: inline-block; width: 0px; overflow: hidden; line-height: 0;\" class=\"mce_SELRES_start\">?<\/span><\/iframe><\/p>\n<p>Tambi\u00e9n dec\u00eda: \u00abMe desespera cuando se me terminan las tiritas que hago. Primero pint\u00e1s la tela y despu\u00e9s se corta en tiras, finitas\u00bb, y \u00abcuando se me acaba la tela me enloquezco\u00bb. Las tiras fueron pegadas sin un plan previo, aunque le demand\u00f3 m\u00e1s de los cinco meses planificados en un principio.<\/p>\n<p>Este cuadro \u00abnegro\u00bb que la artista dedica a sus seguidores de Instagram (@martaminujin), a los que agradece por el acompa\u00f1amiento, tiene escrito en el reverso del bastidor la historia de su proceso. En grandes letras se lee \u00abVivir en arte\u00bb, entre otras anotaciones.<\/p>\n<blockquote><p>\u00abLes dedico esta obra a todos mis seguidores de Instagram, realmente me han acompa\u00f1ado, como todos que nos acompa\u00f1amos en las redes\u00bb, expresa Minuj\u00edn en uno de sus mensajes.<\/p><\/blockquote>\n<p>Y en un video que compila el tiempo transcurrido dice: \u00abLa obra negra, pandemia, covid-19, encierro, encierro, encierro, pero con arte todo es fant\u00e1stico\u00bb.<\/p>\n<div style=\"padding-bottom:20px; padding-top:10px;\" class=\"hupso-share-buttons\"><!-- Hupso Share Buttons - https:\/\/www.hupso.com\/share\/ --><a class=\"hupso_counters\" href=\"https:\/\/www.hupso.com\/share\/\"><img decoding=\"async\" src=\"http:\/\/static.hupso.com\/share\/buttons\/lang\/es\/share-small.png\" style=\"border:0px; padding-top:2px; float:left;\" alt=\"Share Button\"\/><\/a><script type=\"text\/javascript\">var hupso_services_c=new Array(\"twitter\",\"facebook_like\",\"google\");var hupso_counters_lang = \"es_LA\";var hupso_image_folder_url = \"\";var hupso_twitter_via=\"crsyvrs\";var hupso_url_c=\"\";<\/script><script type=\"text\/javascript\" src=\"http:\/\/static.hupso.com\/share\/js\/counters.js\"><\/script><!-- Hupso Share Buttons --><\/div> ","protected":false},"excerpt":{"rendered":"<div style=\"padding-bottom:20px; padding-top:10px;\" class=\"hupso-share-buttons\"><!-- Hupso Share Buttons - https:\/\/www.hupso.com\/share\/ --><a class=\"hupso_counters\" href=\"https:\/\/www.hupso.com\/share\/\"><img src=\"http:\/\/static.hupso.com\/share\/buttons\/lang\/es\/share-small.png\" style=\"border:0px; padding-top:2px; float:left;\" alt=\"Share Button\"\/><\/a><script type=\"text\/javascript\">var hupso_services_c=new Array(\"twitter\",\"facebook_like\",\"google\");var hupso_counters_lang = \"es_LA\";var hupso_image_folder_url = \"\";var hupso_twitter_via=\"crsyvrs\";var hupso_url_c=\"\";<\/script><script type=\"text\/javascript\" src=\"http:\/\/static.hupso.com\/share\/js\/counters.js\"><\/script><!-- Hupso Share Buttons --><\/div><p>La creaci\u00f3n de la artista es un lienzo en el que durante varios meses fue pegando peque\u00f1as tiras de tela pintada, que est\u00e1 dedicada a sus seguidores en Instagram. Marta Minuj\u00edn cre\u00f3 \u00abPandemia\u00bb, un lienzo en el que durante&#46;&#46;&#46;<\/p>\n<div style=\"padding-bottom:20px; padding-top:10px;\" class=\"hupso-share-buttons\"><!-- Hupso Share Buttons - https:\/\/www.hupso.com\/share\/ --><a class=\"hupso_counters\" href=\"https:\/\/www.hupso.com\/share\/\"><img src=\"http:\/\/static.hupso.com\/share\/buttons\/lang\/es\/share-small.png\" style=\"border:0px; padding-top:2px; float:left;\" alt=\"Share Button\"\/><\/a><script type=\"text\/javascript\">var hupso_services_c=new Array(\"twitter\",\"facebook_like\",\"google\");var hupso_counters_lang = \"es_LA\";var hupso_image_folder_url = \"\";var hupso_twitter_via=\"crsyvrs\";var hupso_url_c=\"\";<\/script><script type=\"text\/javascript\" src=\"http:\/\/static.hupso.com\/share\/js\/counters.js\"><\/script><!-- Hupso Share Buttons --><\/div>","protected":false},"author":5,"featured_media":30167,"comment_status":"closed","ping_status":"closed","sticky":false,"template":"","format":"standard","meta":{"footnotes":""},"categories":[8],"tags":[931,1344],"class_list":["post-30166","post","type-post","status-publish","format-standard","has-post-thumbnail","hentry","category-artes-plasticas","tag-marta-minujin","tag-museo-nacional-de-bellas-artes"],"_links":{"self":[{"href":"http:\/\/cronicasyversiones.com\/index.php?rest_route=\/wp\/v2\/posts\/30166","targetHints":{"allow":["GET"]}}],"collection":[{"href":"http:\/\/cronicasyversiones.com\/index.php?rest_route=\/wp\/v2\/posts"}],"about":[{"href":"http:\/\/cronicasyversiones.com\/index.php?rest_route=\/wp\/v2\/types\/post"}],"author":[{"embeddable":true,"href":"http:\/\/cronicasyversiones.com\/index.php?rest_route=\/wp\/v2\/users\/5"}],"replies":[{"embeddable":true,"href":"http:\/\/cronicasyversiones.com\/index.php?rest_route=%2Fwp%2Fv2%2Fcomments&post=30166"}],"version-history":[{"count":2,"href":"http:\/\/cronicasyversiones.com\/index.php?rest_route=\/wp\/v2\/posts\/30166\/revisions"}],"predecessor-version":[{"id":30178,"href":"http:\/\/cronicasyversiones.com\/index.php?rest_route=\/wp\/v2\/posts\/30166\/revisions\/30178"}],"wp:featuredmedia":[{"embeddable":true,"href":"http:\/\/cronicasyversiones.com\/index.php?rest_route=\/wp\/v2\/media\/30167"}],"wp:attachment":[{"href":"http:\/\/cronicasyversiones.com\/index.php?rest_route=%2Fwp%2Fv2%2Fmedia&parent=30166"}],"wp:term":[{"taxonomy":"category","embeddable":true,"href":"http:\/\/cronicasyversiones.com\/index.php?rest_route=%2Fwp%2Fv2%2Fcategories&post=30166"},{"taxonomy":"post_tag","embeddable":true,"href":"http:\/\/cronicasyversiones.com\/index.php?rest_route=%2Fwp%2Fv2%2Ftags&post=30166"}],"curies":[{"name":"wp","href":"https:\/\/api.w.org\/{rel}","templated":true}]}}