{"id":30205,"date":"2021-03-23T16:03:31","date_gmt":"2021-03-23T19:03:31","guid":{"rendered":"http:\/\/cronicasyversiones.com\/?p=30205"},"modified":"2021-03-23T16:03:31","modified_gmt":"2021-03-23T19:03:31","slug":"juana-de-daiana-rosenfeld-disponible-en-cine-ar-play","status":"publish","type":"post","link":"http:\/\/cronicasyversiones.com\/?p=30205","title":{"rendered":"\u201cJuana\u201d, de Daiana Rosenfeld, disponible en Cine.ar Play"},"content":{"rendered":"<div style=\"padding-bottom:20px; padding-top:10px;\" class=\"hupso-share-buttons\"><!-- Hupso Share Buttons - https:\/\/www.hupso.com\/share\/ --><a class=\"hupso_counters\" href=\"https:\/\/www.hupso.com\/share\/\"><img decoding=\"async\" src=\"http:\/\/static.hupso.com\/share\/buttons\/lang\/es\/share-small.png\" style=\"border:0px; padding-top:2px; float:left;\" alt=\"Share Button\"\/><\/a><script type=\"text\/javascript\">var hupso_services_c=new Array(\"twitter\",\"facebook_like\",\"google\");var hupso_counters_lang = \"es_LA\";var hupso_image_folder_url = \"\";var hupso_twitter_via=\"crsyvrs\";var hupso_url_c=\"\";<\/script><script type=\"text\/javascript\" src=\"http:\/\/static.hupso.com\/share\/js\/counters.js\"><\/script><!-- Hupso Share Buttons --><\/div><h2>El film retrata la vida y las luchas de la anarquista Juana Rouco Buela, a trav\u00e9s de escritos y de su autobiograf\u00eda.<\/h2>\n<p><img loading=\"lazy\" decoding=\"async\" class=\"wp-image-30206 aligncenter\" src=\"http:\/\/cronicasyversiones.com\/wp-content\/uploads\/2021\/03\/Juana-2-1w.jpg\" alt=\"\" width=\"764\" height=\"573\" srcset=\"http:\/\/cronicasyversiones.com\/wp-content\/uploads\/2021\/03\/Juana-2-1w.jpg 800w, http:\/\/cronicasyversiones.com\/wp-content\/uploads\/2021\/03\/Juana-2-1w-300x225.jpg 300w, http:\/\/cronicasyversiones.com\/wp-content\/uploads\/2021\/03\/Juana-2-1w-768x576.jpg 768w, http:\/\/cronicasyversiones.com\/wp-content\/uploads\/2021\/03\/Juana-2-1w-640x480.jpg 640w\" sizes=\"auto, (max-width: 764px) 100vw, 764px\" \/><\/p>\n<p>La pel\u00edcula <em><strong>\u201cJuana\u201d<\/strong><\/em>, de la realizadora<strong> Daiana Rosenfeld<\/strong>, que retrata la vida y las luchas de la anarquista <strong>Juana Rouco Buela<\/strong>, a trav\u00e9s de escritos y de su autobiograf\u00eda, llega este jueves a la plataforma <strong>Cine.ar Play.<\/strong><\/p>\n<p><strong>Juana Rouco Buela<\/strong> ten\u00eda un sue\u00f1o a principios del Siglo XX: liberar a las mujeres de un sistema econ\u00f3mico y una autoridad patriarcal a la que estaban sometidas y encontr\u00f3 en las ideas libertarias el espacio y el refugio para su lucha.<\/p>\n<p>Arm\u00f3 los primeros peri\u00f3dicos de y para mujeres de la Argentina, y se convirti\u00f3 en una de las primeras presas pol\u00edticas. De esta forma, sent\u00f3 las bases para la lucha de las mujeres en la actualidad.<\/p>\n<p><iframe loading=\"lazy\" title=\"YouTube video player\" src=\"https:\/\/www.youtube.com\/embed\/5tpiU9StCI8\" width=\"600\" height=\"350\" frameborder=\"0\" allowfullscreen=\"allowfullscreen\"><span data-mce-type=\"bookmark\" style=\"display: inline-block; width: 0px; overflow: hidden; line-height: 0;\" class=\"mce_SELRES_start\">?<\/span><\/iframe><\/p>\n<p>Con la participaci\u00f3n de las investigadoras y docentes Dora Barrancos, Elsa Calcetta y Gisela Manzoni, el film le da voz a Juana a trav\u00e9s de Mar\u00eda Eugenia L\u00f3pez y le da cuerpo en la imagen de la actriz Luc\u00eda Montenegro, adem\u00e1s de im\u00e1genes de archivo, que completan el retrato de la historia de una mujer que se atrevi\u00f3 incluso a plantear en su \u00e9poca conceptos modernos sobre una maternidad elegida.<\/p>\n<p><em><strong>\u201cLos ojos de Am\u00e9rica\u201d<\/strong><\/em> (2015), <em><strong>\u201cSalvadora\u201d<\/strong><\/em> (2017) y <em><strong>\u201cJuana\u201d<\/strong><\/em> conforman esa tr\u00edada en la que Rosenfeld indaga en estos universos libertarios, en las ideas revolucionarias y de avanzada del anarquismo, a trav\u00e9s de las biograf\u00edas de estas pioneras que quedaron en el olvido, pero que sentaron \u201clas bases para la lucha de las mujeres en la actualidad\u201d.<\/p>\n<div style=\"padding-bottom:20px; padding-top:10px;\" class=\"hupso-share-buttons\"><!-- Hupso Share Buttons - https:\/\/www.hupso.com\/share\/ --><a class=\"hupso_counters\" href=\"https:\/\/www.hupso.com\/share\/\"><img decoding=\"async\" src=\"http:\/\/static.hupso.com\/share\/buttons\/lang\/es\/share-small.png\" style=\"border:0px; padding-top:2px; float:left;\" alt=\"Share Button\"\/><\/a><script type=\"text\/javascript\">var hupso_services_c=new Array(\"twitter\",\"facebook_like\",\"google\");var hupso_counters_lang = \"es_LA\";var hupso_image_folder_url = \"\";var hupso_twitter_via=\"crsyvrs\";var hupso_url_c=\"\";<\/script><script type=\"text\/javascript\" src=\"http:\/\/static.hupso.com\/share\/js\/counters.js\"><\/script><!-- Hupso Share Buttons --><\/div> ","protected":false},"excerpt":{"rendered":"<div style=\"padding-bottom:20px; padding-top:10px;\" class=\"hupso-share-buttons\"><!-- Hupso Share Buttons - https:\/\/www.hupso.com\/share\/ --><a class=\"hupso_counters\" href=\"https:\/\/www.hupso.com\/share\/\"><img src=\"http:\/\/static.hupso.com\/share\/buttons\/lang\/es\/share-small.png\" style=\"border:0px; padding-top:2px; float:left;\" alt=\"Share Button\"\/><\/a><script type=\"text\/javascript\">var hupso_services_c=new Array(\"twitter\",\"facebook_like\",\"google\");var hupso_counters_lang = \"es_LA\";var hupso_image_folder_url = \"\";var hupso_twitter_via=\"crsyvrs\";var hupso_url_c=\"\";<\/script><script type=\"text\/javascript\" src=\"http:\/\/static.hupso.com\/share\/js\/counters.js\"><\/script><!-- Hupso Share Buttons --><\/div><p>El film retrata la vida y las luchas de la anarquista Juana Rouco Buela, a trav\u00e9s de escritos y de su autobiograf\u00eda. La pel\u00edcula \u201cJuana\u201d, de la realizadora Daiana Rosenfeld, que retrata la vida y las luchas de la&#46;&#46;&#46;<\/p>\n<div style=\"padding-bottom:20px; padding-top:10px;\" class=\"hupso-share-buttons\"><!-- Hupso Share Buttons - https:\/\/www.hupso.com\/share\/ --><a class=\"hupso_counters\" href=\"https:\/\/www.hupso.com\/share\/\"><img src=\"http:\/\/static.hupso.com\/share\/buttons\/lang\/es\/share-small.png\" style=\"border:0px; padding-top:2px; float:left;\" alt=\"Share Button\"\/><\/a><script type=\"text\/javascript\">var hupso_services_c=new Array(\"twitter\",\"facebook_like\",\"google\");var hupso_counters_lang = \"es_LA\";var hupso_image_folder_url = \"\";var hupso_twitter_via=\"crsyvrs\";var hupso_url_c=\"\";<\/script><script type=\"text\/javascript\" src=\"http:\/\/static.hupso.com\/share\/js\/counters.js\"><\/script><!-- Hupso Share Buttons --><\/div>","protected":false},"author":5,"featured_media":30206,"comment_status":"closed","ping_status":"closed","sticky":false,"template":"","format":"standard","meta":{"footnotes":""},"categories":[4,6],"tags":[9588,3740,944],"class_list":["post-30205","post","type-post","status-publish","format-standard","has-post-thumbnail","hentry","category-cine","category-radio-y-tv","tag-cinear","tag-daiana-rosenfeld","tag-documentales"],"_links":{"self":[{"href":"http:\/\/cronicasyversiones.com\/index.php?rest_route=\/wp\/v2\/posts\/30205","targetHints":{"allow":["GET"]}}],"collection":[{"href":"http:\/\/cronicasyversiones.com\/index.php?rest_route=\/wp\/v2\/posts"}],"about":[{"href":"http:\/\/cronicasyversiones.com\/index.php?rest_route=\/wp\/v2\/types\/post"}],"author":[{"embeddable":true,"href":"http:\/\/cronicasyversiones.com\/index.php?rest_route=\/wp\/v2\/users\/5"}],"replies":[{"embeddable":true,"href":"http:\/\/cronicasyversiones.com\/index.php?rest_route=%2Fwp%2Fv2%2Fcomments&post=30205"}],"version-history":[{"count":1,"href":"http:\/\/cronicasyversiones.com\/index.php?rest_route=\/wp\/v2\/posts\/30205\/revisions"}],"predecessor-version":[{"id":30207,"href":"http:\/\/cronicasyversiones.com\/index.php?rest_route=\/wp\/v2\/posts\/30205\/revisions\/30207"}],"wp:featuredmedia":[{"embeddable":true,"href":"http:\/\/cronicasyversiones.com\/index.php?rest_route=\/wp\/v2\/media\/30206"}],"wp:attachment":[{"href":"http:\/\/cronicasyversiones.com\/index.php?rest_route=%2Fwp%2Fv2%2Fmedia&parent=30205"}],"wp:term":[{"taxonomy":"category","embeddable":true,"href":"http:\/\/cronicasyversiones.com\/index.php?rest_route=%2Fwp%2Fv2%2Fcategories&post=30205"},{"taxonomy":"post_tag","embeddable":true,"href":"http:\/\/cronicasyversiones.com\/index.php?rest_route=%2Fwp%2Fv2%2Ftags&post=30205"}],"curies":[{"name":"wp","href":"https:\/\/api.w.org\/{rel}","templated":true}]}}