{"id":30335,"date":"2021-04-05T08:51:54","date_gmt":"2021-04-05T11:51:54","guid":{"rendered":"http:\/\/cronicasyversiones.com\/?p=30335"},"modified":"2021-04-05T08:51:54","modified_gmt":"2021-04-05T11:51:54","slug":"manifiesto-que-recrea-el-encuentro-entre-trotsky-y-breton-en-encuentro","status":"publish","type":"post","link":"http:\/\/cronicasyversiones.com\/?p=30335","title":{"rendered":"\u00abManifiesto\u00bb, que recrea el encuentro entre Trotsky y Breton, en Encuentro"},"content":{"rendered":"<div style=\"padding-bottom:20px; padding-top:10px;\" class=\"hupso-share-buttons\"><!-- Hupso Share Buttons - https:\/\/www.hupso.com\/share\/ --><a class=\"hupso_counters\" href=\"https:\/\/www.hupso.com\/share\/\"><img decoding=\"async\" src=\"http:\/\/static.hupso.com\/share\/buttons\/lang\/es\/share-small.png\" style=\"border:0px; padding-top:2px; float:left;\" alt=\"Share Button\"\/><\/a><script type=\"text\/javascript\">var hupso_services_c=new Array(\"twitter\",\"facebook_like\",\"google\");var hupso_counters_lang = \"es_LA\";var hupso_image_folder_url = \"\";var hupso_twitter_via=\"crsyvrs\";var hupso_url_c=\"\";<\/script><script type=\"text\/javascript\" src=\"http:\/\/static.hupso.com\/share\/js\/counters.js\"><\/script><!-- Hupso Share Buttons --><\/div><h2>La tercera pel\u00edcula de Alejandro Rath protagonizada por Pompeyo Audivert e Iv\u00e1n Moschner podr\u00e1 verse en la pantalla del canal educativo.<\/h2>\n<p><img loading=\"lazy\" decoding=\"async\" class=\"wp-image-30336 aligncenter\" src=\"http:\/\/cronicasyversiones.com\/wp-content\/uploads\/2021\/04\/MANIFIESTO-STILLS-10-1024x576-1.jpg\" alt=\"\" width=\"770\" height=\"433\" srcset=\"http:\/\/cronicasyversiones.com\/wp-content\/uploads\/2021\/04\/MANIFIESTO-STILLS-10-1024x576-1.jpg 1024w, http:\/\/cronicasyversiones.com\/wp-content\/uploads\/2021\/04\/MANIFIESTO-STILLS-10-1024x576-1-300x169.jpg 300w, http:\/\/cronicasyversiones.com\/wp-content\/uploads\/2021\/04\/MANIFIESTO-STILLS-10-1024x576-1-768x432.jpg 768w\" sizes=\"auto, (max-width: 770px) 100vw, 770px\" \/><\/p>\n<p><em><strong>\u00abManifiesto\u201d,<\/strong><\/em> tercera pel\u00edcula de <strong>Alejandro Rath<\/strong> protagonizada por <strong>Pompeyo Audivert e Iv\u00e1n Moschner,<\/strong> que aborda el m\u00edtico encuentro entre <strong>Le\u00f3n Trotsky y Andre Breton<\/strong> de 1938, est\u00e1 disponible en forma gratuita en la plataforma Cine.ar y podr\u00e1 verse en Canal Encuentro este martes a las 22.<\/p>\n<p>El film propone un acercamiento experimental al encuentro entre el l\u00edder revolucionario ruso Le\u00f3n Trotsky y el fundador del movimiento surrealista Andr\u00e9 Breton, y tambi\u00e9n cuenta con la participaci\u00f3n de la escritora Gabriela Cabez\u00f3n C\u00e1mara, el cineasta C\u00e9sar Gonz\u00e1lez, la poeta Mar\u00eda Negro y la pianista Adriana de los Santos.<\/p>\n<p><iframe loading=\"lazy\" title=\"YouTube video player\" src=\"https:\/\/www.youtube.com\/embed\/7Hfd7dXujZE\" width=\"600\" height=\"350\" frameborder=\"0\" allowfullscreen=\"allowfullscreen\"><span data-mce-type=\"bookmark\" style=\"display: inline-block; width: 0px; overflow: hidden; line-height: 0;\" class=\"mce_SELRES_start\">?<\/span><\/iframe><\/p>\n<p>En <em><strong>\u201cManifiesto\u201d<\/strong><\/em> Audivert es el revolucionario ruso e Iv\u00e1n Moschner interpreta al escritor surrealista franc\u00e9s; Ambos se re\u00fanen en una casa ubicada en un bosque costero.<\/p>\n<p>Aislados y sin internet, los actores deben componer a sus personajes. La presi\u00f3n que se ejercen entre ambos comienza a romper la delgada l\u00ednea entre el int\u00e9rprete y la interpretaci\u00f3n, y all\u00ed, entre enso\u00f1aciones, piensan como trasladar al mundo del arte la acci\u00f3n y libertad pol\u00edtica.<\/p>\n<div style=\"padding-bottom:20px; padding-top:10px;\" class=\"hupso-share-buttons\"><!-- Hupso Share Buttons - https:\/\/www.hupso.com\/share\/ --><a class=\"hupso_counters\" href=\"https:\/\/www.hupso.com\/share\/\"><img decoding=\"async\" src=\"http:\/\/static.hupso.com\/share\/buttons\/lang\/es\/share-small.png\" style=\"border:0px; padding-top:2px; float:left;\" alt=\"Share Button\"\/><\/a><script type=\"text\/javascript\">var hupso_services_c=new Array(\"twitter\",\"facebook_like\",\"google\");var hupso_counters_lang = \"es_LA\";var hupso_image_folder_url = \"\";var hupso_twitter_via=\"crsyvrs\";var hupso_url_c=\"\";<\/script><script type=\"text\/javascript\" src=\"http:\/\/static.hupso.com\/share\/js\/counters.js\"><\/script><!-- Hupso Share Buttons --><\/div> ","protected":false},"excerpt":{"rendered":"<div style=\"padding-bottom:20px; padding-top:10px;\" class=\"hupso-share-buttons\"><!-- Hupso Share Buttons - https:\/\/www.hupso.com\/share\/ --><a class=\"hupso_counters\" href=\"https:\/\/www.hupso.com\/share\/\"><img src=\"http:\/\/static.hupso.com\/share\/buttons\/lang\/es\/share-small.png\" style=\"border:0px; padding-top:2px; float:left;\" alt=\"Share Button\"\/><\/a><script type=\"text\/javascript\">var hupso_services_c=new Array(\"twitter\",\"facebook_like\",\"google\");var hupso_counters_lang = \"es_LA\";var hupso_image_folder_url = \"\";var hupso_twitter_via=\"crsyvrs\";var hupso_url_c=\"\";<\/script><script type=\"text\/javascript\" src=\"http:\/\/static.hupso.com\/share\/js\/counters.js\"><\/script><!-- Hupso Share Buttons --><\/div><p>La tercera pel\u00edcula de Alejandro Rath protagonizada por Pompeyo Audivert e Iv\u00e1n Moschner podr\u00e1 verse en la pantalla del canal educativo. \u00abManifiesto\u201d, tercera pel\u00edcula de Alejandro Rath protagonizada por Pompeyo Audivert e Iv\u00e1n Moschner, que aborda el m\u00edtico encuentro&#46;&#46;&#46;<\/p>\n<div style=\"padding-bottom:20px; padding-top:10px;\" class=\"hupso-share-buttons\"><!-- Hupso Share Buttons - https:\/\/www.hupso.com\/share\/ --><a class=\"hupso_counters\" href=\"https:\/\/www.hupso.com\/share\/\"><img src=\"http:\/\/static.hupso.com\/share\/buttons\/lang\/es\/share-small.png\" style=\"border:0px; padding-top:2px; float:left;\" alt=\"Share Button\"\/><\/a><script type=\"text\/javascript\">var hupso_services_c=new Array(\"twitter\",\"facebook_like\",\"google\");var hupso_counters_lang = \"es_LA\";var hupso_image_folder_url = \"\";var hupso_twitter_via=\"crsyvrs\";var hupso_url_c=\"\";<\/script><script type=\"text\/javascript\" src=\"http:\/\/static.hupso.com\/share\/js\/counters.js\"><\/script><!-- Hupso Share Buttons --><\/div>","protected":false},"author":5,"featured_media":30336,"comment_status":"closed","ping_status":"closed","sticky":false,"template":"","format":"standard","meta":{"footnotes":""},"categories":[4,6],"tags":[1629,5347,4410,5799],"class_list":["post-30335","post","type-post","status-publish","format-standard","has-post-thumbnail","hentry","category-cine","category-radio-y-tv","tag-alejandro-rath","tag-ivan-moschner","tag-leon-trotsky","tag-pompeyo-audivert"],"_links":{"self":[{"href":"http:\/\/cronicasyversiones.com\/index.php?rest_route=\/wp\/v2\/posts\/30335","targetHints":{"allow":["GET"]}}],"collection":[{"href":"http:\/\/cronicasyversiones.com\/index.php?rest_route=\/wp\/v2\/posts"}],"about":[{"href":"http:\/\/cronicasyversiones.com\/index.php?rest_route=\/wp\/v2\/types\/post"}],"author":[{"embeddable":true,"href":"http:\/\/cronicasyversiones.com\/index.php?rest_route=\/wp\/v2\/users\/5"}],"replies":[{"embeddable":true,"href":"http:\/\/cronicasyversiones.com\/index.php?rest_route=%2Fwp%2Fv2%2Fcomments&post=30335"}],"version-history":[{"count":1,"href":"http:\/\/cronicasyversiones.com\/index.php?rest_route=\/wp\/v2\/posts\/30335\/revisions"}],"predecessor-version":[{"id":30337,"href":"http:\/\/cronicasyversiones.com\/index.php?rest_route=\/wp\/v2\/posts\/30335\/revisions\/30337"}],"wp:featuredmedia":[{"embeddable":true,"href":"http:\/\/cronicasyversiones.com\/index.php?rest_route=\/wp\/v2\/media\/30336"}],"wp:attachment":[{"href":"http:\/\/cronicasyversiones.com\/index.php?rest_route=%2Fwp%2Fv2%2Fmedia&parent=30335"}],"wp:term":[{"taxonomy":"category","embeddable":true,"href":"http:\/\/cronicasyversiones.com\/index.php?rest_route=%2Fwp%2Fv2%2Fcategories&post=30335"},{"taxonomy":"post_tag","embeddable":true,"href":"http:\/\/cronicasyversiones.com\/index.php?rest_route=%2Fwp%2Fv2%2Ftags&post=30335"}],"curies":[{"name":"wp","href":"https:\/\/api.w.org\/{rel}","templated":true}]}}