{"id":3044,"date":"2014-08-05T00:15:00","date_gmt":"2014-08-05T03:15:00","guid":{"rendered":"http:\/\/cronicasyversiones.com\/?p=3044"},"modified":"2015-03-04T11:29:53","modified_gmt":"2015-03-04T14:29:53","slug":"tercera-edicion-del-festival-manana-es-mejor-en-homenaje-a-luis-alberto-spinetta","status":"publish","type":"post","link":"http:\/\/cronicasyversiones.com\/?p=3044","title":{"rendered":"Tercera edici\u00f3n del festival \u201cMa\u00f1ana es mejor\u201d en homenaje a Spinetta"},"content":{"rendered":"<div style=\"padding-bottom:20px; padding-top:10px;\" class=\"hupso-share-buttons\"><!-- Hupso Share Buttons - https:\/\/www.hupso.com\/share\/ --><a class=\"hupso_counters\" href=\"https:\/\/www.hupso.com\/share\/\"><img decoding=\"async\" src=\"http:\/\/static.hupso.com\/share\/buttons\/lang\/es\/share-small.png\" style=\"border:0px; padding-top:2px; float:left;\" alt=\"Share Button\"\/><\/a><script type=\"text\/javascript\">var hupso_services_c=new Array(\"twitter\",\"facebook_like\",\"google\");var hupso_counters_lang = \"es_LA\";var hupso_image_folder_url = \"\";var hupso_twitter_via=\"crsyvrs\";var hupso_url_c=\"\";<\/script><script type=\"text\/javascript\" src=\"http:\/\/static.hupso.com\/share\/js\/counters.js\"><\/script><!-- Hupso Share Buttons --><\/div><h2 style=\"text-align: justify;\">El encuentro se realizar\u00e1 en 16 espacios porte\u00f1os y del Interior junto con la ONG Conduciendo a Conciencia. Entre otros artistas, participar\u00e1n Loli Molina, Claudia Puy\u00f3 y Baltazar Comotto.<\/h2>\n<p><a href=\"http:\/\/cronicasyversiones.com\/wp-content\/uploads\/2014\/08\/El-flaco-Luis-Alberto-Spinetta-2.jpg\"><img loading=\"lazy\" decoding=\"async\" class=\"size-full wp-image-3045 aligncenter\" src=\"http:\/\/cronicasyversiones.com\/wp-content\/uploads\/2014\/08\/El-flaco-Luis-Alberto-Spinetta-2.jpg\" alt=\"El flaco Luis Alberto Spinetta- (2)\" width=\"750\" height=\"503\" srcset=\"http:\/\/cronicasyversiones.com\/wp-content\/uploads\/2014\/08\/El-flaco-Luis-Alberto-Spinetta-2.jpg 750w, http:\/\/cronicasyversiones.com\/wp-content\/uploads\/2014\/08\/El-flaco-Luis-Alberto-Spinetta-2-300x201.jpg 300w, http:\/\/cronicasyversiones.com\/wp-content\/uploads\/2014\/08\/El-flaco-Luis-Alberto-Spinetta-2-624x418.jpg 624w\" sizes=\"auto, (max-width: 750px) 100vw, 750px\" \/><\/a><\/p>\n<p style=\"text-align: justify;\">La tercera edici\u00f3n de <em><strong>\u00abMa\u00f1ana es mejor\u00bb,<\/strong><\/em> que homenajea a <strong>Luis Alberto Spinetta<\/strong> junto a <strong>Conduciendo a Conciencia<\/strong>, se realizar\u00e1 el viernes 8 de agosto en distintos espacios autogestionados de la Ciudad de Buenos Aires y del Interior del pa\u00eds.<\/p>\n<p style=\"text-align: justify;\">A partir de las 20, arrancar\u00e1 la programaci\u00f3n que incluir\u00e1 m\u00fasica, <strong>teatro, literatura y artes pl\u00e1sticas<\/strong> y cuya entrada ser\u00e1 una donaci\u00f3n (\u201c<strong>potes de pinturas acr\u00edlicas, potes de t\u00e9mperas y\/o pinceles: NO \u00fatiles escolares\u201d<\/strong>) para la<strong> Casa de la Cultura de la Calle.<\/strong><\/p>\n<p style=\"text-align: justify;\">Los espacios que ser\u00e1n parte de esta tercera edici\u00f3n de Ma\u00f1ana es Mejor en la Ciudad son <strong>Emergente Bar Club<\/strong> (Gallo 333), <strong>Vuela el Pez<\/strong> (Av. C\u00f3rdoba 4379), <strong>El Universal<\/strong> (Pasaje Soria 4940), <strong>Club Cultural Matienzo<\/strong> (Pringles 1249),<strong> La Casa del \u00c1rbol<\/strong> (Fitz Roy 2483\/7), <strong>El Quetzal<\/strong> (Guatemala 4516), <strong>La Quince<\/strong> (Av. Corrientes 5426), <strong>El Surco<\/strong> (Boedo 830), <strong>La Vieja Guarida<\/strong> (Guardia Vieja 3777), <strong>Sr Duncan<\/strong> (Av. Rivadavia 3832),<strong> La Gran Jaime<\/strong> (Matienzo 2424).<\/p>\n<p style=\"text-align: justify;\">En el Interior del pa\u00eds, la movida tendr\u00e1 lugar en <strong>Don Tom\u00e1s<\/strong> (Belgrano 407, Purmamarca\u00ad Jujuy), <strong>Nueva Cruz<\/strong> (Soler 687, Bah\u00eda Blanca), <strong>Big Ben<\/strong> (San Luis 2152, Mar del Plata) y <strong>El Patio<\/strong> (Mitre 1360, Villa Mercedes \u00ad San Luis).<\/p>\n<p style=\"text-align: justify;\">El Club Cultural Matienzo, por ejemplo, tendr\u00e1 en escna a <strong>Lucio Mantel, Ezequiel Borra, Loli Molina,<\/strong> P\u00e9rez, La Perla Irregular, Juli\u00e1n Kart\u00fan y Guillermo Beres\u00f1ak, entre otros.<\/p>\n<p style=\"text-align: justify;\">En Vuela El Pez tocar\u00e1n versiones del Flaco, <strong>Baltasar Comotto, Federico Cabral,<\/strong> Las Carmelitas, Tom\u00e1s Aristimu\u00f1o, Lehner y Jamani.<\/p>\n<p style=\"text-align: justify;\">Mientras que en el escenario de<strong> El Universal<\/strong> pasar\u00e1n artistas como <strong>Claudia Puy\u00f3, Cu Cuno,<\/strong> Los Tallos, el poeta y periodista Pipo Lernoud, Claudio Kleiman y La Banda de Sonido (con el \u00abConejo\u00bb Jolivet como invitado especial).<\/p>\n<p style=\"text-align: justify;\">Cada uno de los espacios tendr\u00e1 su propia programaci\u00f3n, que puede ser consultada tanto en p\u00e1gina oficial del evento (www.homenajespinetta.com.ar) como en las redes sociales de cada lugar.<\/p>\n<p style=\"text-align: justify;\">Adema?s, <strong>Conduciendo a Conciencia<\/strong> tendra? representantes en cada sede para contar sus objetivos y difundir su misi\u00f3n.<\/p>\n<p style=\"text-align: justify;\"><strong>Conduciendo a Conciencia<\/strong> es una ONG creada a partir de la tra?gica pe?rdida de nueve adolescentes y su profesora el 8 de octubre de 2006, en lo que se conoce como<strong> Tragedia de Santa Fe<\/strong>; provocada por el conductor un conductor alcoholizado, otro inexperto, sumado a la falta de control en lo que hace a seguridad vial en nuestro pai?s.<\/p>\n<p style=\"text-align: justify;\"><strong>El Flaco Spinetta<\/strong> apoyo? la causa desde sus conciertos, presencia en medios de comunicaci\u00f3n, eventos solidarios y la utilizacio?n de la remera con la insignia: <em><strong>\u201cTodos fuimos, todos somos, todos podemos ser.\u201d<\/strong> <\/em>En la bu?squeda de promover la toma de conciencia en lo que a seguridad vial se refiere.<\/p>\n<div style=\"padding-bottom:20px; padding-top:10px;\" class=\"hupso-share-buttons\"><!-- Hupso Share Buttons - https:\/\/www.hupso.com\/share\/ --><a class=\"hupso_counters\" href=\"https:\/\/www.hupso.com\/share\/\"><img decoding=\"async\" src=\"http:\/\/static.hupso.com\/share\/buttons\/lang\/es\/share-small.png\" style=\"border:0px; padding-top:2px; float:left;\" alt=\"Share Button\"\/><\/a><script type=\"text\/javascript\">var hupso_services_c=new Array(\"twitter\",\"facebook_like\",\"google\");var hupso_counters_lang = \"es_LA\";var hupso_image_folder_url = \"\";var hupso_twitter_via=\"crsyvrs\";var hupso_url_c=\"\";<\/script><script type=\"text\/javascript\" src=\"http:\/\/static.hupso.com\/share\/js\/counters.js\"><\/script><!-- Hupso Share Buttons --><\/div> ","protected":false},"excerpt":{"rendered":"<div style=\"padding-bottom:20px; padding-top:10px;\" class=\"hupso-share-buttons\"><!-- Hupso Share Buttons - https:\/\/www.hupso.com\/share\/ --><a class=\"hupso_counters\" href=\"https:\/\/www.hupso.com\/share\/\"><img src=\"http:\/\/static.hupso.com\/share\/buttons\/lang\/es\/share-small.png\" style=\"border:0px; padding-top:2px; float:left;\" alt=\"Share Button\"\/><\/a><script type=\"text\/javascript\">var hupso_services_c=new Array(\"twitter\",\"facebook_like\",\"google\");var hupso_counters_lang = \"es_LA\";var hupso_image_folder_url = \"\";var hupso_twitter_via=\"crsyvrs\";var hupso_url_c=\"\";<\/script><script type=\"text\/javascript\" src=\"http:\/\/static.hupso.com\/share\/js\/counters.js\"><\/script><!-- Hupso Share Buttons --><\/div><p>El encuentro se realizar\u00e1 en 16 espacios porte\u00f1os y del Interior junto con la ONG Conduciendo a Conciencia. Entre otros artistas, participar\u00e1n Loli Molina, Claudia Puy\u00f3 y Baltazar Comotto. La tercera edici\u00f3n de \u00abMa\u00f1ana es mejor\u00bb, que homenajea a&#46;&#46;&#46;<\/p>\n<div style=\"padding-bottom:20px; padding-top:10px;\" class=\"hupso-share-buttons\"><!-- Hupso Share Buttons - https:\/\/www.hupso.com\/share\/ --><a class=\"hupso_counters\" href=\"https:\/\/www.hupso.com\/share\/\"><img src=\"http:\/\/static.hupso.com\/share\/buttons\/lang\/es\/share-small.png\" style=\"border:0px; padding-top:2px; float:left;\" alt=\"Share Button\"\/><\/a><script type=\"text\/javascript\">var hupso_services_c=new Array(\"twitter\",\"facebook_like\",\"google\");var hupso_counters_lang = \"es_LA\";var hupso_image_folder_url = \"\";var hupso_twitter_via=\"crsyvrs\";var hupso_url_c=\"\";<\/script><script type=\"text\/javascript\" src=\"http:\/\/static.hupso.com\/share\/js\/counters.js\"><\/script><!-- Hupso Share Buttons --><\/div>","protected":false},"author":5,"featured_media":0,"comment_status":"open","ping_status":"open","sticky":false,"template":"","format":"standard","meta":{"footnotes":""},"categories":[3,3944],"tags":[2400,2401,2399,2398,47,2397],"class_list":["post-3044","post","type-post","status-publish","format-standard","hentry","category-musica","category-spinettario","tag-baltazar-comotto","tag-casa-de-la-cultura-de-la-calle","tag-claudia-puyo","tag-conduciendo-a-conciencia","tag-luis-alberto-spinetta","tag-manana-es-mejor"],"_links":{"self":[{"href":"http:\/\/cronicasyversiones.com\/index.php?rest_route=\/wp\/v2\/posts\/3044","targetHints":{"allow":["GET"]}}],"collection":[{"href":"http:\/\/cronicasyversiones.com\/index.php?rest_route=\/wp\/v2\/posts"}],"about":[{"href":"http:\/\/cronicasyversiones.com\/index.php?rest_route=\/wp\/v2\/types\/post"}],"author":[{"embeddable":true,"href":"http:\/\/cronicasyversiones.com\/index.php?rest_route=\/wp\/v2\/users\/5"}],"replies":[{"embeddable":true,"href":"http:\/\/cronicasyversiones.com\/index.php?rest_route=%2Fwp%2Fv2%2Fcomments&post=3044"}],"version-history":[{"count":0,"href":"http:\/\/cronicasyversiones.com\/index.php?rest_route=\/wp\/v2\/posts\/3044\/revisions"}],"wp:attachment":[{"href":"http:\/\/cronicasyversiones.com\/index.php?rest_route=%2Fwp%2Fv2%2Fmedia&parent=3044"}],"wp:term":[{"taxonomy":"category","embeddable":true,"href":"http:\/\/cronicasyversiones.com\/index.php?rest_route=%2Fwp%2Fv2%2Fcategories&post=3044"},{"taxonomy":"post_tag","embeddable":true,"href":"http:\/\/cronicasyversiones.com\/index.php?rest_route=%2Fwp%2Fv2%2Ftags&post=3044"}],"curies":[{"name":"wp","href":"https:\/\/api.w.org\/{rel}","templated":true}]}}