{"id":3050,"date":"2014-08-05T10:48:34","date_gmt":"2014-08-05T13:48:34","guid":{"rendered":"http:\/\/cronicasyversiones.com\/?p=3050"},"modified":"2014-08-05T10:48:34","modified_gmt":"2014-08-05T13:48:34","slug":"un-mundo-con-periodistas-con-majul-sirven-y-marchetti-por-canal-a","status":"publish","type":"post","link":"http:\/\/cronicasyversiones.com\/?p=3050","title":{"rendered":"\u201cUn mundo con periodistas\u201d, con Majul, Sirven y Marchetti, por Canal (\u00e1)"},"content":{"rendered":"<div style=\"padding-bottom:20px; padding-top:10px;\" class=\"hupso-share-buttons\"><!-- Hupso Share Buttons - https:\/\/www.hupso.com\/share\/ --><a class=\"hupso_counters\" href=\"https:\/\/www.hupso.com\/share\/\"><img decoding=\"async\" src=\"http:\/\/static.hupso.com\/share\/buttons\/lang\/es\/share-small.png\" style=\"border:0px; padding-top:2px; float:left;\" alt=\"Share Button\"\/><\/a><script type=\"text\/javascript\">var hupso_services_c=new Array(\"twitter\",\"facebook_like\",\"google\");var hupso_counters_lang = \"es_LA\";var hupso_image_folder_url = \"\";var hupso_twitter_via=\"crsyvrs\";var hupso_url_c=\"\";<\/script><script type=\"text\/javascript\" src=\"http:\/\/static.hupso.com\/share\/js\/counters.js\"><\/script><!-- Hupso Share Buttons --><\/div><h2 style=\"text-align: justify;\">El ciclo, mediante entrevistas mano a mano, mostrar\u00e1 las diferentes miradas y\u00a0 maneras de ejercer el periodismo. Bayer, Dolina, Tenembaum y Pergolini, ser\u00e1n algunos de los invitados.<\/h2>\n<p><a href=\"http:\/\/cronicasyversiones.com\/wp-content\/uploads\/2014\/08\/Mar.jpg\"><img loading=\"lazy\" decoding=\"async\" class=\"wp-image-3051 aligncenter\" src=\"http:\/\/cronicasyversiones.com\/wp-content\/uploads\/2014\/08\/Mar-1024x680.jpg\" alt=\"Mar\" width=\"750\" height=\"498\" srcset=\"http:\/\/cronicasyversiones.com\/wp-content\/uploads\/2014\/08\/Mar-1024x680.jpg 1024w, http:\/\/cronicasyversiones.com\/wp-content\/uploads\/2014\/08\/Mar-300x199.jpg 300w, http:\/\/cronicasyversiones.com\/wp-content\/uploads\/2014\/08\/Mar-624x414.jpg 624w, http:\/\/cronicasyversiones.com\/wp-content\/uploads\/2014\/08\/Mar.jpg 1600w\" sizes=\"auto, (max-width: 750px) 100vw, 750px\" \/><\/a><\/p>\n<p style=\"text-align: justify;\">Con la conducci\u00f3n de <strong>Luis Majul, Pablo Sirv\u00e9n y Pablo Marchetti<\/strong> y la premisa de \u00abtres conductores, tres miradas diferentes\u00bb, <strong>Canal (\u00e1)<\/strong> pondr\u00e1 en el aire los mi\u00e9rcoles el ciclo <strong><em>\u00abUn mundo con periodistas\u00bb.<\/em><\/strong><\/p>\n<p style=\"text-align: justify;\">El env\u00edo revela, basado en una investigaci\u00f3n que determin\u00f3 quienes son los hombres de prensa m\u00e1s influyentes de los \u00faltimos 40 a\u00f1os, mediante entrevistas mano a mano, <strong>las diferentes miradas y las maneras de ejercer el periodismo<\/strong> en el pa\u00eds, en una serie que ser\u00e1 inaugurada con una charla de Luis Majul con<strong> Jorge Lanata.<\/strong><\/p>\n<p style=\"text-align: justify;\">Algunos de los entrevistados que pasar\u00e1n por el programa son<strong> Osvaldo Bayer, Alejandro Dolina, Mario Pergolini<\/strong>, Joaqu\u00edn Morales Sol\u00e1, Eduardo Aliberti, Magdalena Ru\u00edz Gui\u00f1az\u00fa, Ernesto Tenembaum, Mart\u00edn Caparr\u00f3s, Eduardo van der Kooy, Mar\u00eda O\u00b4Donell, Alfredo Leuco, Eduardo Anguita, Beatriz Sarlo, Jorge Fern\u00e1ndez D\u00edaz, Nelson Castro, Marcelo Longobardi y Daniel Santoro.<\/p>\n<div style=\"padding-bottom:20px; padding-top:10px;\" class=\"hupso-share-buttons\"><!-- Hupso Share Buttons - https:\/\/www.hupso.com\/share\/ --><a class=\"hupso_counters\" href=\"https:\/\/www.hupso.com\/share\/\"><img decoding=\"async\" src=\"http:\/\/static.hupso.com\/share\/buttons\/lang\/es\/share-small.png\" style=\"border:0px; padding-top:2px; float:left;\" alt=\"Share Button\"\/><\/a><script type=\"text\/javascript\">var hupso_services_c=new Array(\"twitter\",\"facebook_like\",\"google\");var hupso_counters_lang = \"es_LA\";var hupso_image_folder_url = \"\";var hupso_twitter_via=\"crsyvrs\";var hupso_url_c=\"\";<\/script><script type=\"text\/javascript\" src=\"http:\/\/static.hupso.com\/share\/js\/counters.js\"><\/script><!-- Hupso Share Buttons --><\/div> ","protected":false},"excerpt":{"rendered":"<div style=\"padding-bottom:20px; padding-top:10px;\" class=\"hupso-share-buttons\"><!-- Hupso Share Buttons - https:\/\/www.hupso.com\/share\/ --><a class=\"hupso_counters\" href=\"https:\/\/www.hupso.com\/share\/\"><img src=\"http:\/\/static.hupso.com\/share\/buttons\/lang\/es\/share-small.png\" style=\"border:0px; padding-top:2px; float:left;\" alt=\"Share Button\"\/><\/a><script type=\"text\/javascript\">var hupso_services_c=new Array(\"twitter\",\"facebook_like\",\"google\");var hupso_counters_lang = \"es_LA\";var hupso_image_folder_url = \"\";var hupso_twitter_via=\"crsyvrs\";var hupso_url_c=\"\";<\/script><script type=\"text\/javascript\" src=\"http:\/\/static.hupso.com\/share\/js\/counters.js\"><\/script><!-- Hupso Share Buttons --><\/div><p>El ciclo, mediante entrevistas mano a mano, mostrar\u00e1 las diferentes miradas y\u00a0 maneras de ejercer el periodismo. Bayer, Dolina, Tenembaum y Pergolini, ser\u00e1n algunos de los invitados. Con la conducci\u00f3n de Luis Majul, Pablo Sirv\u00e9n y Pablo Marchetti y&#46;&#46;&#46;<\/p>\n<div style=\"padding-bottom:20px; padding-top:10px;\" class=\"hupso-share-buttons\"><!-- Hupso Share Buttons - https:\/\/www.hupso.com\/share\/ --><a class=\"hupso_counters\" href=\"https:\/\/www.hupso.com\/share\/\"><img src=\"http:\/\/static.hupso.com\/share\/buttons\/lang\/es\/share-small.png\" style=\"border:0px; padding-top:2px; float:left;\" alt=\"Share Button\"\/><\/a><script type=\"text\/javascript\">var hupso_services_c=new Array(\"twitter\",\"facebook_like\",\"google\");var hupso_counters_lang = \"es_LA\";var hupso_image_folder_url = \"\";var hupso_twitter_via=\"crsyvrs\";var hupso_url_c=\"\";<\/script><script type=\"text\/javascript\" src=\"http:\/\/static.hupso.com\/share\/js\/counters.js\"><\/script><!-- Hupso Share Buttons --><\/div>","protected":false},"author":5,"featured_media":0,"comment_status":"open","ping_status":"open","sticky":false,"template":"","format":"standard","meta":{"footnotes":""},"categories":[6],"tags":[389,2402,2404,198,2407,2406,2405,2403],"class_list":["post-3050","post","type-post","status-publish","format-standard","hentry","category-radio-y-tv","tag-alejandro-dolina","tag-canal-a","tag-luis-majul","tag-mario-pergolini","tag-osvaldo-bayer","tag-pablo-marchetti","tag-pablo-sirven","tag-un-mundo-con-periodistas"],"_links":{"self":[{"href":"http:\/\/cronicasyversiones.com\/index.php?rest_route=\/wp\/v2\/posts\/3050","targetHints":{"allow":["GET"]}}],"collection":[{"href":"http:\/\/cronicasyversiones.com\/index.php?rest_route=\/wp\/v2\/posts"}],"about":[{"href":"http:\/\/cronicasyversiones.com\/index.php?rest_route=\/wp\/v2\/types\/post"}],"author":[{"embeddable":true,"href":"http:\/\/cronicasyversiones.com\/index.php?rest_route=\/wp\/v2\/users\/5"}],"replies":[{"embeddable":true,"href":"http:\/\/cronicasyversiones.com\/index.php?rest_route=%2Fwp%2Fv2%2Fcomments&post=3050"}],"version-history":[{"count":0,"href":"http:\/\/cronicasyversiones.com\/index.php?rest_route=\/wp\/v2\/posts\/3050\/revisions"}],"wp:attachment":[{"href":"http:\/\/cronicasyversiones.com\/index.php?rest_route=%2Fwp%2Fv2%2Fmedia&parent=3050"}],"wp:term":[{"taxonomy":"category","embeddable":true,"href":"http:\/\/cronicasyversiones.com\/index.php?rest_route=%2Fwp%2Fv2%2Fcategories&post=3050"},{"taxonomy":"post_tag","embeddable":true,"href":"http:\/\/cronicasyversiones.com\/index.php?rest_route=%2Fwp%2Fv2%2Ftags&post=3050"}],"curies":[{"name":"wp","href":"https:\/\/api.w.org\/{rel}","templated":true}]}}