{"id":30523,"date":"2021-05-02T08:51:22","date_gmt":"2021-05-02T11:51:22","guid":{"rendered":"http:\/\/cronicasyversiones.com\/?p=30523"},"modified":"2021-05-02T08:51:24","modified_gmt":"2021-05-02T11:51:24","slug":"alfredo-remus-trio-se-presenta-en-el-ciclo-jazz-online","status":"publish","type":"post","link":"http:\/\/cronicasyversiones.com\/?p=30523","title":{"rendered":"Alfredo Remus Tr\u00edo se presenta en el ciclo Jazz Online"},"content":{"rendered":"<div style=\"padding-bottom:20px; padding-top:10px;\" class=\"hupso-share-buttons\"><!-- Hupso Share Buttons - https:\/\/www.hupso.com\/share\/ --><a class=\"hupso_counters\" href=\"https:\/\/www.hupso.com\/share\/\"><img decoding=\"async\" src=\"http:\/\/static.hupso.com\/share\/buttons\/lang\/es\/share-small.png\" style=\"border:0px; padding-top:2px; float:left;\" alt=\"Share Button\"\/><\/a><script type=\"text\/javascript\">var hupso_services_c=new Array(\"twitter\",\"facebook_like\",\"google\");var hupso_counters_lang = \"es_LA\";var hupso_image_folder_url = \"\";var hupso_twitter_via=\"crsyvrs\";var hupso_url_c=\"\";<\/script><script type=\"text\/javascript\" src=\"http:\/\/static.hupso.com\/share\/js\/counters.js\"><\/script><!-- Hupso Share Buttons --><\/div><h2>La formaci\u00f3n del legendario contrabajista, junto a Abel Rogantini y Oscar Giunta, sale escena en forma virtual.<\/h2>\n<p><img loading=\"lazy\" decoding=\"async\" class=\"size-full wp-image-30524 aligncenter\" src=\"http:\/\/cronicasyversiones.com\/wp-content\/uploads\/2021\/04\/remus.jpg\" alt=\"\" width=\"750\" height=\"511\" srcset=\"http:\/\/cronicasyversiones.com\/wp-content\/uploads\/2021\/04\/remus.jpg 750w, http:\/\/cronicasyversiones.com\/wp-content\/uploads\/2021\/04\/remus-300x204.jpg 300w\" sizes=\"auto, (max-width: 750px) 100vw, 750px\" \/><\/p>\n<p><strong>Alfredo Remus Trio<\/strong> se presenta el s\u00e1bado 8 de mayo a las 21 en <strong>Jazz Online<\/strong>, El Primer Club de Jazz virtual de Am\u00e9rica Latina, en un concierto transmitido desde<strong> Jazz Voyeur.<\/strong><\/p>\n<p>Este concierto, obligatorio para los cultores del Jazz de Buenos Aires, es un relato mel\u00f3dico del estilo del contrabajista argentino, navegando mares de armon\u00edas y swing profundos.<\/p>\n<p>El di\u00e1logo permanente de tres maestros nos propone un viaje musical pleno de expresividad.<\/p>\n<p>El tri\u00f3 lo integran Alfredo Remus en contrabajo, <strong>Abel Rogantini <\/strong>en piano y <strong>Oscar Giunta<\/strong> en bater\u00eda.<\/p>\n<p>En sus comienzos como contrabajista, Alfredo Remus se relacion\u00f3 musicalmente al dixieland, llegando a convertirse en un int\u00e9rprete reconocido mundialmente.<\/p>\n<p>Actu\u00f3 en los principales escenarios de Estados Unidos, Italia, Francia, Alemania y Austria, radic\u00e1ndose y desempe\u00f1\u00e1ndose profesionalmente en Espa\u00f1a e Italia entre 1974 \u2013 1979, y entre 1985 \u2013 2001, cuando regresa a Argentina.<\/p>\n<p>Elegido mejor bajista por la revista Down Beat en 1969, su trabajo puede apreciarse en grabaciones junto a Paul Gonsalbes, Lalo Schifrin, Vinicius De Moraes, Maria Betania, y Enrique \u201cEl Mono\u201d Villegas, entre otros.<\/p>\n<p>Su discograf\u00eda incluye los LP \u201cTrauma\u201d, de 1968, \u201cThe best of Alfredo Remus\u201d, de 1970, \u201cRemus 5\u201d del sello EMI 1972, y tambi\u00e9n \u201cEncuentros\u201d, de 1968, en el cual comparti\u00f3 una sesi\u00f3n de grabaci\u00f3n junto al \u201cMono\u201d Villegas y Paul Gonsalbes y Willy Cook, miembros de la orquesta de Duke Ellington, CD Remus 2004 \u201cPiano Contra Piano\u201d, Reedici\u00f3n CD \u201cNardis\u201d 1985, \u201cTangueando\u201d(Suramusic).<\/p>\n<p>En el 2006 edita \u201cQuerido Bill \u2013 Tributo a Bill Evans\u201d con el pianista Manuel Fraga y el baterista Oscar Giunta, en vivo en el 2005 en el Centro Cultural San Mart\u00edn (MDR Records).<\/p>\n<div style=\"padding-bottom:20px; padding-top:10px;\" class=\"hupso-share-buttons\"><!-- Hupso Share Buttons - https:\/\/www.hupso.com\/share\/ --><a class=\"hupso_counters\" href=\"https:\/\/www.hupso.com\/share\/\"><img decoding=\"async\" src=\"http:\/\/static.hupso.com\/share\/buttons\/lang\/es\/share-small.png\" style=\"border:0px; padding-top:2px; float:left;\" alt=\"Share Button\"\/><\/a><script type=\"text\/javascript\">var hupso_services_c=new Array(\"twitter\",\"facebook_like\",\"google\");var hupso_counters_lang = \"es_LA\";var hupso_image_folder_url = \"\";var hupso_twitter_via=\"crsyvrs\";var hupso_url_c=\"\";<\/script><script type=\"text\/javascript\" src=\"http:\/\/static.hupso.com\/share\/js\/counters.js\"><\/script><!-- Hupso Share Buttons --><\/div> ","protected":false},"excerpt":{"rendered":"<div style=\"padding-bottom:20px; padding-top:10px;\" class=\"hupso-share-buttons\"><!-- Hupso Share Buttons - https:\/\/www.hupso.com\/share\/ --><a class=\"hupso_counters\" href=\"https:\/\/www.hupso.com\/share\/\"><img src=\"http:\/\/static.hupso.com\/share\/buttons\/lang\/es\/share-small.png\" style=\"border:0px; padding-top:2px; float:left;\" alt=\"Share Button\"\/><\/a><script type=\"text\/javascript\">var hupso_services_c=new Array(\"twitter\",\"facebook_like\",\"google\");var hupso_counters_lang = \"es_LA\";var hupso_image_folder_url = \"\";var hupso_twitter_via=\"crsyvrs\";var hupso_url_c=\"\";<\/script><script type=\"text\/javascript\" src=\"http:\/\/static.hupso.com\/share\/js\/counters.js\"><\/script><!-- Hupso Share Buttons --><\/div><p>La formaci\u00f3n del legendario contrabajista, junto a Abel Rogantini y Oscar Giunta, sale escena en forma virtual. Alfredo Remus Trio se presenta el s\u00e1bado 8 de mayo a las 21 en Jazz Online, El Primer Club de Jazz virtual&#46;&#46;&#46;<\/p>\n<div style=\"padding-bottom:20px; padding-top:10px;\" class=\"hupso-share-buttons\"><!-- Hupso Share Buttons - https:\/\/www.hupso.com\/share\/ --><a class=\"hupso_counters\" href=\"https:\/\/www.hupso.com\/share\/\"><img src=\"http:\/\/static.hupso.com\/share\/buttons\/lang\/es\/share-small.png\" style=\"border:0px; padding-top:2px; float:left;\" alt=\"Share Button\"\/><\/a><script type=\"text\/javascript\">var hupso_services_c=new Array(\"twitter\",\"facebook_like\",\"google\");var hupso_counters_lang = \"es_LA\";var hupso_image_folder_url = \"\";var hupso_twitter_via=\"crsyvrs\";var hupso_url_c=\"\";<\/script><script type=\"text\/javascript\" src=\"http:\/\/static.hupso.com\/share\/js\/counters.js\"><\/script><!-- Hupso Share Buttons --><\/div>","protected":false},"author":5,"featured_media":30524,"comment_status":"closed","ping_status":"closed","sticky":false,"template":"","format":"standard","meta":{"footnotes":""},"categories":[3],"tags":[262,6972],"class_list":["post-30523","post","type-post","status-publish","format-standard","has-post-thumbnail","hentry","category-musica","tag-jazz","tag-oscar-giunta"],"_links":{"self":[{"href":"http:\/\/cronicasyversiones.com\/index.php?rest_route=\/wp\/v2\/posts\/30523","targetHints":{"allow":["GET"]}}],"collection":[{"href":"http:\/\/cronicasyversiones.com\/index.php?rest_route=\/wp\/v2\/posts"}],"about":[{"href":"http:\/\/cronicasyversiones.com\/index.php?rest_route=\/wp\/v2\/types\/post"}],"author":[{"embeddable":true,"href":"http:\/\/cronicasyversiones.com\/index.php?rest_route=\/wp\/v2\/users\/5"}],"replies":[{"embeddable":true,"href":"http:\/\/cronicasyversiones.com\/index.php?rest_route=%2Fwp%2Fv2%2Fcomments&post=30523"}],"version-history":[{"count":2,"href":"http:\/\/cronicasyversiones.com\/index.php?rest_route=\/wp\/v2\/posts\/30523\/revisions"}],"predecessor-version":[{"id":30617,"href":"http:\/\/cronicasyversiones.com\/index.php?rest_route=\/wp\/v2\/posts\/30523\/revisions\/30617"}],"wp:featuredmedia":[{"embeddable":true,"href":"http:\/\/cronicasyversiones.com\/index.php?rest_route=\/wp\/v2\/media\/30524"}],"wp:attachment":[{"href":"http:\/\/cronicasyversiones.com\/index.php?rest_route=%2Fwp%2Fv2%2Fmedia&parent=30523"}],"wp:term":[{"taxonomy":"category","embeddable":true,"href":"http:\/\/cronicasyversiones.com\/index.php?rest_route=%2Fwp%2Fv2%2Fcategories&post=30523"},{"taxonomy":"post_tag","embeddable":true,"href":"http:\/\/cronicasyversiones.com\/index.php?rest_route=%2Fwp%2Fv2%2Ftags&post=30523"}],"curies":[{"name":"wp","href":"https:\/\/api.w.org\/{rel}","templated":true}]}}