{"id":30553,"date":"2021-04-26T12:52:59","date_gmt":"2021-04-26T15:52:59","guid":{"rendered":"http:\/\/cronicasyversiones.com\/?p=30553"},"modified":"2021-04-26T12:52:59","modified_gmt":"2021-04-26T15:52:59","slug":"en-la-manana-el-primer-single-de-luna-sujatovich","status":"publish","type":"post","link":"http:\/\/cronicasyversiones.com\/?p=30553","title":{"rendered":"\u201cEn la ma\u00f1ana\u201d, el primer single de Luna Sujatovich"},"content":{"rendered":"<div style=\"padding-bottom:20px; padding-top:10px;\" class=\"hupso-share-buttons\"><!-- Hupso Share Buttons - https:\/\/www.hupso.com\/share\/ --><a class=\"hupso_counters\" href=\"https:\/\/www.hupso.com\/share\/\"><img decoding=\"async\" src=\"http:\/\/static.hupso.com\/share\/buttons\/lang\/es\/share-small.png\" style=\"border:0px; padding-top:2px; float:left;\" alt=\"Share Button\"\/><\/a><script type=\"text\/javascript\">var hupso_services_c=new Array(\"twitter\",\"facebook_like\",\"google\");var hupso_counters_lang = \"es_LA\";var hupso_image_folder_url = \"\";var hupso_twitter_via=\"crsyvrs\";var hupso_url_c=\"\";<\/script><script type=\"text\/javascript\" src=\"http:\/\/static.hupso.com\/share\/js\/counters.js\"><\/script><!-- Hupso Share Buttons --><\/div><h2>La cantante, pianista y compositora\u00a0 lanz\u00f3 su carrera solista con este adelanto de su primer \u00e1lbum, a estrenarse este a\u00f1o.<\/h2>\n<p><img loading=\"lazy\" decoding=\"async\" class=\"wp-image-30554 aligncenter\" src=\"http:\/\/cronicasyversiones.com\/wp-content\/uploads\/2021\/04\/luna-1024x742.jpg\" alt=\"\" width=\"760\" height=\"550\" srcset=\"http:\/\/cronicasyversiones.com\/wp-content\/uploads\/2021\/04\/luna-1024x742.jpg 1024w, http:\/\/cronicasyversiones.com\/wp-content\/uploads\/2021\/04\/luna-300x218.jpg 300w, http:\/\/cronicasyversiones.com\/wp-content\/uploads\/2021\/04\/luna-768x557.jpg 768w, http:\/\/cronicasyversiones.com\/wp-content\/uploads\/2021\/04\/luna.jpg 1080w\" sizes=\"auto, (max-width: 760px) 100vw, 760px\" \/><\/p>\n<p><strong>Luna Sujatovich,<\/strong> cantante, pianista y compositora, lanza su carrera solista y presenta el single <em><strong>\u00abEn la ma\u00f1ana\u00bb<\/strong><\/em> como adelanto de su primer \u00e1lbum, a estrenarse este a\u00f1o.<\/p>\n<p>La canci\u00f3n, disponible en todas las plataformas digitales, integrar\u00e1 el repertorio de su primer disco, en el que se propone bucear en las aguas del jazz, rock alternativo, folclore local y ritmos del R\u00edo de la Plata.<\/p>\n<blockquote><p>\u00abAnimarnos a construir en el hacer, mirar para atr\u00e1s y reconocer que la incertidumbre siempre ha estado, y que ella fue la le\u00f1a que aviv\u00f3 el fuego para seguir adelante\u00bb coment\u00f3 Luna, sobre su actualidad, que tambi\u00e9n la tiene como integrante y arregladora de Los Brillantes, el grupo que acompa\u00f1a a Coti Sorokin.<\/p><\/blockquote>\n<p><em><strong>\u00abEn la ma\u00f1ana\u00bb<\/strong> <\/em>fue grabada en noviembre del 2019, meses antes del comienzo de la pandemia de coronavirus, bajo la coproducci\u00f3n con Nicol\u00e1s Btesh (Conociendo Rusia, Francisca y Los Exploradores, Indios, Salvapantallas) y el aporte en el estudio de Juan Gim\u00e9nez Kuj en bajo, Tom\u00e1s Fraga en guitarra y Guille Salort en bater\u00eda.<\/p>\n<p><iframe loading=\"lazy\" title=\"YouTube video player\" src=\"https:\/\/www.youtube.com\/embed\/iTGiaovimRk\" width=\"560\" height=\"315\" frameborder=\"0\" allowfullscreen=\"allowfullscreen\"><\/iframe><\/p>\n<p>Oriunda de Buenos Aires, desde muy temprana edad comenz\u00f3 a formar parte de proyectos relacionados a la m\u00fasica, al teatro y al cine dirigidos por su padre, el reconocido pianista y compositor Leo Sujatovich.<\/p>\n<p>Adem\u00e1s de ponerle teclados y coros a la m\u00fasica de Coti Sorokin, colabor\u00f3 grabando voces con Fito P\u00e1ez en su disco \u00abCanciones para aliens\u00bb y participa del ensamble latinoamericano La Colmena.<\/p>\n<p>\u00abSe trata de nosotras\u00bb y \u00abF\u00f3rmulas perfectas\u00bb son dos de los proyectos musicales en los que ofici\u00f3 en su rol como directora.<\/p>\n<div style=\"padding-bottom:20px; padding-top:10px;\" class=\"hupso-share-buttons\"><!-- Hupso Share Buttons - https:\/\/www.hupso.com\/share\/ --><a class=\"hupso_counters\" href=\"https:\/\/www.hupso.com\/share\/\"><img decoding=\"async\" src=\"http:\/\/static.hupso.com\/share\/buttons\/lang\/es\/share-small.png\" style=\"border:0px; padding-top:2px; float:left;\" alt=\"Share Button\"\/><\/a><script type=\"text\/javascript\">var hupso_services_c=new Array(\"twitter\",\"facebook_like\",\"google\");var hupso_counters_lang = \"es_LA\";var hupso_image_folder_url = \"\";var hupso_twitter_via=\"crsyvrs\";var hupso_url_c=\"\";<\/script><script type=\"text\/javascript\" src=\"http:\/\/static.hupso.com\/share\/js\/counters.js\"><\/script><!-- Hupso Share Buttons --><\/div> ","protected":false},"excerpt":{"rendered":"<div style=\"padding-bottom:20px; padding-top:10px;\" class=\"hupso-share-buttons\"><!-- Hupso Share Buttons - https:\/\/www.hupso.com\/share\/ --><a class=\"hupso_counters\" href=\"https:\/\/www.hupso.com\/share\/\"><img src=\"http:\/\/static.hupso.com\/share\/buttons\/lang\/es\/share-small.png\" style=\"border:0px; padding-top:2px; float:left;\" alt=\"Share Button\"\/><\/a><script type=\"text\/javascript\">var hupso_services_c=new Array(\"twitter\",\"facebook_like\",\"google\");var hupso_counters_lang = \"es_LA\";var hupso_image_folder_url = \"\";var hupso_twitter_via=\"crsyvrs\";var hupso_url_c=\"\";<\/script><script type=\"text\/javascript\" src=\"http:\/\/static.hupso.com\/share\/js\/counters.js\"><\/script><!-- Hupso Share Buttons --><\/div><p>La cantante, pianista y compositora\u00a0 lanz\u00f3 su carrera solista con este adelanto de su primer \u00e1lbum, a estrenarse este a\u00f1o. Luna Sujatovich, cantante, pianista y compositora, lanza su carrera solista y presenta el single \u00abEn la ma\u00f1ana\u00bb como adelanto&#46;&#46;&#46;<\/p>\n<div style=\"padding-bottom:20px; padding-top:10px;\" class=\"hupso-share-buttons\"><!-- Hupso Share Buttons - https:\/\/www.hupso.com\/share\/ --><a class=\"hupso_counters\" href=\"https:\/\/www.hupso.com\/share\/\"><img src=\"http:\/\/static.hupso.com\/share\/buttons\/lang\/es\/share-small.png\" style=\"border:0px; padding-top:2px; float:left;\" alt=\"Share Button\"\/><\/a><script type=\"text\/javascript\">var hupso_services_c=new Array(\"twitter\",\"facebook_like\",\"google\");var hupso_counters_lang = \"es_LA\";var hupso_image_folder_url = \"\";var hupso_twitter_via=\"crsyvrs\";var hupso_url_c=\"\";<\/script><script type=\"text\/javascript\" src=\"http:\/\/static.hupso.com\/share\/js\/counters.js\"><\/script><!-- Hupso Share Buttons --><\/div>","protected":false},"author":5,"featured_media":30554,"comment_status":"closed","ping_status":"closed","sticky":false,"template":"","format":"standard","meta":{"footnotes":""},"categories":[3],"tags":[2834,9760],"class_list":["post-30553","post","type-post","status-publish","format-standard","has-post-thumbnail","hentry","category-musica","tag-leo-sujatovich","tag-luna-sujatovich"],"_links":{"self":[{"href":"http:\/\/cronicasyversiones.com\/index.php?rest_route=\/wp\/v2\/posts\/30553","targetHints":{"allow":["GET"]}}],"collection":[{"href":"http:\/\/cronicasyversiones.com\/index.php?rest_route=\/wp\/v2\/posts"}],"about":[{"href":"http:\/\/cronicasyversiones.com\/index.php?rest_route=\/wp\/v2\/types\/post"}],"author":[{"embeddable":true,"href":"http:\/\/cronicasyversiones.com\/index.php?rest_route=\/wp\/v2\/users\/5"}],"replies":[{"embeddable":true,"href":"http:\/\/cronicasyversiones.com\/index.php?rest_route=%2Fwp%2Fv2%2Fcomments&post=30553"}],"version-history":[{"count":1,"href":"http:\/\/cronicasyversiones.com\/index.php?rest_route=\/wp\/v2\/posts\/30553\/revisions"}],"predecessor-version":[{"id":30555,"href":"http:\/\/cronicasyversiones.com\/index.php?rest_route=\/wp\/v2\/posts\/30553\/revisions\/30555"}],"wp:featuredmedia":[{"embeddable":true,"href":"http:\/\/cronicasyversiones.com\/index.php?rest_route=\/wp\/v2\/media\/30554"}],"wp:attachment":[{"href":"http:\/\/cronicasyversiones.com\/index.php?rest_route=%2Fwp%2Fv2%2Fmedia&parent=30553"}],"wp:term":[{"taxonomy":"category","embeddable":true,"href":"http:\/\/cronicasyversiones.com\/index.php?rest_route=%2Fwp%2Fv2%2Fcategories&post=30553"},{"taxonomy":"post_tag","embeddable":true,"href":"http:\/\/cronicasyversiones.com\/index.php?rest_route=%2Fwp%2Fv2%2Ftags&post=30553"}],"curies":[{"name":"wp","href":"https:\/\/api.w.org\/{rel}","templated":true}]}}