{"id":30747,"date":"2021-05-12T16:42:00","date_gmt":"2021-05-12T19:42:00","guid":{"rendered":"http:\/\/cronicasyversiones.com\/?p=30747"},"modified":"2021-05-12T16:42:00","modified_gmt":"2021-05-12T19:42:00","slug":"tina-turner-foo-fighters-y-jay-z-ingresan-al-salon-de-la-fama-del-rock-and-roll","status":"publish","type":"post","link":"http:\/\/cronicasyversiones.com\/?p=30747","title":{"rendered":"Tina Turner, Foo Fighters, y Jay-Z ingresan al Sal\u00f3n de la Fama del Rock and Roll"},"content":{"rendered":"<div style=\"padding-bottom:20px; padding-top:10px;\" class=\"hupso-share-buttons\"><!-- Hupso Share Buttons - https:\/\/www.hupso.com\/share\/ --><a class=\"hupso_counters\" href=\"https:\/\/www.hupso.com\/share\/\"><img decoding=\"async\" src=\"http:\/\/static.hupso.com\/share\/buttons\/lang\/es\/share-small.png\" style=\"border:0px; padding-top:2px; float:left;\" alt=\"Share Button\"\/><\/a><script type=\"text\/javascript\">var hupso_services_c=new Array(\"twitter\",\"facebook_like\",\"google\");var hupso_counters_lang = \"es_LA\";var hupso_image_folder_url = \"\";var hupso_twitter_via=\"crsyvrs\";var hupso_url_c=\"\";<\/script><script type=\"text\/javascript\" src=\"http:\/\/static.hupso.com\/share\/js\/counters.js\"><\/script><!-- Hupso Share Buttons --><\/div><h2>Tambi\u00e9n se incorporar\u00e1n la banda The Go-Go&#8217;s, los cantantes Carole King y Todd Rundgren y \u00a0grupo alem\u00e1n de m\u00fasica electr\u00f3nica Kraftwerk.<\/h2>\n<p><img loading=\"lazy\" decoding=\"async\" class=\" wp-image-30748 aligncenter\" src=\"http:\/\/cronicasyversiones.com\/wp-content\/uploads\/2021\/05\/tina.jpg\" alt=\"\" width=\"771\" height=\"514\" srcset=\"http:\/\/cronicasyversiones.com\/wp-content\/uploads\/2021\/05\/tina.jpg 900w, http:\/\/cronicasyversiones.com\/wp-content\/uploads\/2021\/05\/tina-300x200.jpg 300w, http:\/\/cronicasyversiones.com\/wp-content\/uploads\/2021\/05\/tina-768x512.jpg 768w, http:\/\/cronicasyversiones.com\/wp-content\/uploads\/2021\/05\/tina-480x320.jpg 480w\" sizes=\"auto, (max-width: 771px) 100vw, 771px\" \/><\/p>\n<p>Ingresar\u00e1n al <strong>Sal\u00f3n de la Fama del Rock and Roll Foo Fighters, Tina Turner<\/strong>, el rapero y productor <strong>Jay-Z,<\/strong> la banda de new wave <strong>The Go-Go&#8217;s<\/strong> y los cantantes <strong>Carole King y Todd Rundgren<\/strong> \u00a0en la ceremonia que la fundaci\u00f3n llevar\u00e1 a cabo en octubre pr\u00f3ximo de manera presencial luego de tener que realizar\u00e1 en forma virtual el a\u00f1o pasado por la pandemia de coronavirus.<\/p>\n<p>El museo tambi\u00e9n incorporar\u00e1 al grupo alem\u00e1n de m\u00fasica electr\u00f3nica <strong>Kraftwerk<\/strong> y al rapero estadounidense L<strong>L Cool J<\/strong>, que si bien no fueron incluidos en la votaci\u00f3n general, ser\u00e1n introducidos en otras categor\u00edas luego de haber sido nominados repetidas veces en ocasiones anteriores.<\/p>\n<p>La noticia fue bien recibida por la prensa y las audiencias, que interpretaron las elecciones de la organizaci\u00f3n como una muestra de reconocimiento a las cr\u00edticas surgidas durante estos \u00faltimos a\u00f1os en materia de inclusi\u00f3n de artistas mujeres y de diversidad racial.<\/p>\n<p>En ese sentido, la mitad de los ingresantes principales de este a\u00f1o son int\u00e9rpretes femeninas, y dos de los candidatos son afroamericanos.<\/p>\n<p>&nbsp;<\/p>\n<blockquote class=\"twitter-tweet\">\n<p dir=\"ltr\" lang=\"en\">Congratulations. We all know who you are. <a href=\"https:\/\/t.co\/ta9dsMJPML\">https:\/\/t.co\/ta9dsMJPML<\/a><\/p>\n<p>\u2014 Rock Hall (@rockhall) <a href=\"https:\/\/twitter.com\/rockhall\/status\/1392495734965035013?ref_src=twsrc%5Etfw\">May 12, 2021<\/a><\/p><\/blockquote>\n<p><script async src=\"https:\/\/platform.twitter.com\/widgets.js\" charset=\"utf-8\"><\/script><\/p>\n<p>Se trata de la segunda vez que <strong>Tina Turner,<\/strong> de 81 a\u00f1os, ser\u00e1 incorporada al Sal\u00f3n, luego de que en 1991 fuera aceptada como parte del d\u00fao de blues y funk que conformaba con su marido, Ike Turner, fallecido en 2007.<\/p>\n<p>Lo mismo sucede con <strong>Carole King,<\/strong> una de las m\u00e1s prol\u00edficas letristas de la m\u00fasica estadounidense, cuya primera incorporaci\u00f3n al museo ubicado en la ciudad de Cleveland ocurri\u00f3 en 1990 a ra\u00edz de su trabajo de composici\u00f3n junto a su esposo, Gerry Goffin.<\/p>\n<p>Ambas representan de esa manera la segunda y tercera vez que una int\u00e9rprete femenina es seleccionada dos veces por la organizaci\u00f3n, luego de que Stevie Nicks lo consiguiera en 2019 como solista y en 1998 como integrante de la banda londinense Fleetwood Mac.<\/p>\n<p>Quien tambi\u00e9n ostentar\u00e1 una doble membres\u00eda es Dave Grohl, l\u00edder del grupo Foo Fighters, quien ya pertenec\u00eda al Sal\u00f3n por su trabajo como baterista de la banda de grunge Nirvana.<\/p>\n<p>Por su parte, Kraftwerk, fundada en 1970 en D\u00fcsseldorf, ser\u00e1 reconocido con un premio a la \u00abInfluencia Temprana\u00bb por su aporte pionero en el g\u00e9nero electr\u00f3nico, mientras que LL Cool J recibir\u00e1 el galard\u00f3n a la \u00abExcelencia Musical\u00bb.<\/p>\n<div style=\"padding-bottom:20px; padding-top:10px;\" class=\"hupso-share-buttons\"><!-- Hupso Share Buttons - https:\/\/www.hupso.com\/share\/ --><a class=\"hupso_counters\" href=\"https:\/\/www.hupso.com\/share\/\"><img decoding=\"async\" src=\"http:\/\/static.hupso.com\/share\/buttons\/lang\/es\/share-small.png\" style=\"border:0px; padding-top:2px; float:left;\" alt=\"Share Button\"\/><\/a><script type=\"text\/javascript\">var hupso_services_c=new Array(\"twitter\",\"facebook_like\",\"google\");var hupso_counters_lang = \"es_LA\";var hupso_image_folder_url = \"\";var hupso_twitter_via=\"crsyvrs\";var hupso_url_c=\"\";<\/script><script type=\"text\/javascript\" src=\"http:\/\/static.hupso.com\/share\/js\/counters.js\"><\/script><!-- Hupso Share Buttons --><\/div> ","protected":false},"excerpt":{"rendered":"<div style=\"padding-bottom:20px; padding-top:10px;\" class=\"hupso-share-buttons\"><!-- Hupso Share Buttons - https:\/\/www.hupso.com\/share\/ --><a class=\"hupso_counters\" href=\"https:\/\/www.hupso.com\/share\/\"><img src=\"http:\/\/static.hupso.com\/share\/buttons\/lang\/es\/share-small.png\" style=\"border:0px; padding-top:2px; float:left;\" alt=\"Share Button\"\/><\/a><script type=\"text\/javascript\">var hupso_services_c=new Array(\"twitter\",\"facebook_like\",\"google\");var hupso_counters_lang = \"es_LA\";var hupso_image_folder_url = \"\";var hupso_twitter_via=\"crsyvrs\";var hupso_url_c=\"\";<\/script><script type=\"text\/javascript\" src=\"http:\/\/static.hupso.com\/share\/js\/counters.js\"><\/script><!-- Hupso Share Buttons --><\/div><p>Tambi\u00e9n se incorporar\u00e1n la banda The Go-Go&#8217;s, los cantantes Carole King y Todd Rundgren y \u00a0grupo alem\u00e1n de m\u00fasica electr\u00f3nica Kraftwerk. Ingresar\u00e1n al Sal\u00f3n de la Fama del Rock and Roll Foo Fighters, Tina Turner, el rapero y productor&#46;&#46;&#46;<\/p>\n<div style=\"padding-bottom:20px; padding-top:10px;\" class=\"hupso-share-buttons\"><!-- Hupso Share Buttons - https:\/\/www.hupso.com\/share\/ --><a class=\"hupso_counters\" href=\"https:\/\/www.hupso.com\/share\/\"><img src=\"http:\/\/static.hupso.com\/share\/buttons\/lang\/es\/share-small.png\" style=\"border:0px; padding-top:2px; float:left;\" alt=\"Share Button\"\/><\/a><script type=\"text\/javascript\">var hupso_services_c=new Array(\"twitter\",\"facebook_like\",\"google\");var hupso_counters_lang = \"es_LA\";var hupso_image_folder_url = \"\";var hupso_twitter_via=\"crsyvrs\";var hupso_url_c=\"\";<\/script><script type=\"text\/javascript\" src=\"http:\/\/static.hupso.com\/share\/js\/counters.js\"><\/script><!-- Hupso Share Buttons --><\/div>","protected":false},"author":5,"featured_media":30748,"comment_status":"closed","ping_status":"closed","sticky":false,"template":"","format":"standard","meta":{"footnotes":""},"categories":[3],"tags":[6265,1652,9019,9178],"class_list":["post-30747","post","type-post","status-publish","format-standard","has-post-thumbnail","hentry","category-musica","tag-carole-king","tag-foo-fighters","tag-salon-de-la-fama-del-rock","tag-tina-turner"],"_links":{"self":[{"href":"http:\/\/cronicasyversiones.com\/index.php?rest_route=\/wp\/v2\/posts\/30747","targetHints":{"allow":["GET"]}}],"collection":[{"href":"http:\/\/cronicasyversiones.com\/index.php?rest_route=\/wp\/v2\/posts"}],"about":[{"href":"http:\/\/cronicasyversiones.com\/index.php?rest_route=\/wp\/v2\/types\/post"}],"author":[{"embeddable":true,"href":"http:\/\/cronicasyversiones.com\/index.php?rest_route=\/wp\/v2\/users\/5"}],"replies":[{"embeddable":true,"href":"http:\/\/cronicasyversiones.com\/index.php?rest_route=%2Fwp%2Fv2%2Fcomments&post=30747"}],"version-history":[{"count":1,"href":"http:\/\/cronicasyversiones.com\/index.php?rest_route=\/wp\/v2\/posts\/30747\/revisions"}],"predecessor-version":[{"id":30749,"href":"http:\/\/cronicasyversiones.com\/index.php?rest_route=\/wp\/v2\/posts\/30747\/revisions\/30749"}],"wp:featuredmedia":[{"embeddable":true,"href":"http:\/\/cronicasyversiones.com\/index.php?rest_route=\/wp\/v2\/media\/30748"}],"wp:attachment":[{"href":"http:\/\/cronicasyversiones.com\/index.php?rest_route=%2Fwp%2Fv2%2Fmedia&parent=30747"}],"wp:term":[{"taxonomy":"category","embeddable":true,"href":"http:\/\/cronicasyversiones.com\/index.php?rest_route=%2Fwp%2Fv2%2Fcategories&post=30747"},{"taxonomy":"post_tag","embeddable":true,"href":"http:\/\/cronicasyversiones.com\/index.php?rest_route=%2Fwp%2Fv2%2Ftags&post=30747"}],"curies":[{"name":"wp","href":"https:\/\/api.w.org\/{rel}","templated":true}]}}