{"id":30824,"date":"2021-05-20T08:39:06","date_gmt":"2021-05-20T11:39:06","guid":{"rendered":"http:\/\/cronicasyversiones.com\/?p=30824"},"modified":"2021-05-20T08:39:08","modified_gmt":"2021-05-20T11:39:08","slug":"comienza-el-cuarto-mundial-de-escritura","status":"publish","type":"post","link":"http:\/\/cronicasyversiones.com\/?p=30824","title":{"rendered":"Comienza el Cuarto Mundial de Escritura"},"content":{"rendered":"<div style=\"padding-bottom:20px; padding-top:10px;\" class=\"hupso-share-buttons\"><!-- Hupso Share Buttons - https:\/\/www.hupso.com\/share\/ --><a class=\"hupso_counters\" href=\"https:\/\/www.hupso.com\/share\/\"><img decoding=\"async\" src=\"http:\/\/static.hupso.com\/share\/buttons\/lang\/es\/share-small.png\" style=\"border:0px; padding-top:2px; float:left;\" alt=\"Share Button\"\/><\/a><script type=\"text\/javascript\">var hupso_services_c=new Array(\"twitter\",\"facebook_like\",\"google\");var hupso_counters_lang = \"es_LA\";var hupso_image_folder_url = \"\";var hupso_twitter_via=\"crsyvrs\";var hupso_url_c=\"\";<\/script><script type=\"text\/javascript\" src=\"http:\/\/static.hupso.com\/share\/js\/counters.js\"><\/script><!-- Hupso Share Buttons --><\/div><h2>En esta nueva edici\u00f3n se jugar\u00e1 desde el 31 de mayo al 12 de junio, con el agregado de charlas, talleres y una categor\u00eda infantil.<\/h2>\n<p><img loading=\"lazy\" decoding=\"async\" class=\"size-full wp-image-30825 aligncenter\" src=\"http:\/\/cronicasyversiones.com\/wp-content\/uploads\/2021\/05\/mundial.jpg\" alt=\"\" width=\"750\" height=\"525\" srcset=\"http:\/\/cronicasyversiones.com\/wp-content\/uploads\/2021\/05\/mundial.jpg 750w, http:\/\/cronicasyversiones.com\/wp-content\/uploads\/2021\/05\/mundial-300x210.jpg 300w\" sizes=\"auto, (max-width: 750px) 100vw, 750px\" \/><\/p>\n<p>El <strong>Mundial de Escritura,<\/strong> que naci\u00f3 en los primeros d\u00edas de aislamiento por la pandemia en 2020, abri\u00f3 la inscripci\u00f3n para su cuarta edici\u00f3n, que tendr\u00e1 entre su jurado a la escritora colombiana Margarita Garc\u00eda Robayo, la argentina Ariana Harwicz y al chileno Alejandro Zambra y se jugar\u00e1 desde el 31 de mayo al 12 de junio, con el agregado de charlas, talleres y una categor\u00eda infantil para incentivar la escritura en los ni\u00f1os.<\/p>\n<p>El Mundial de Escritura es una actividad de inscripci\u00f3n gratuita organizada por el escritor<strong> Santiago Llach,<\/strong> que cuenta con tres primeras ediciones de 2020 en las que participaron m\u00e1s de 15.000<\/p>\n<p><strong>Cada participante tiene que escribir un texto diario de 3.000 caracteres durante dos semanas;<\/strong> de lo contrario, perjudica el desempe\u00f1o general de su equipo. En la categor\u00eda de chicos (de hasta 12 a\u00f1os) el n\u00famero m\u00ednimo de caracteres diarios se reduce a 1.500.<\/p>\n<p>Si bien se juega en equipo, cada miembro escribe sus propios textos de manera individual, a partir de ejercicios propuestos, en esta ocasi\u00f3n, por los docentes de la Escuela de Escritura de Santiago Llach.<\/p>\n<p>Luego de estas dos semanas, cada equipo selecciona un texto de uno solo de sus miembros. Esos textos son le\u00eddos por varias instancias de jurados de preselecci\u00f3n hasta que quedan los diez textos finalistas, de donde surgen los ganadores.<\/p>\n<p>&nbsp;<\/p>\n<blockquote class=\"instagram-media\" style=\"background: #FFF; border: 0; border-radius: 3px; box-shadow: 0 0 1px 0 rgba(0,0,0,0.5),0 1px 10px 0 rgba(0,0,0,0.15); margin: 1px; max-width: 540px; min-width: 326px; padding: 0; width: calc(100% - 2px);\" data-instgrm-captioned=\"\" data-instgrm-permalink=\"https:\/\/www.instagram.com\/p\/CPENCWVgtOL\/?utm_source=ig_embed&amp;utm_campaign=loading\" data-instgrm-version=\"13\">\n<div style=\"padding: 16px;\">\n<p>&nbsp;<\/p>\n<div style=\"display: flex; flex-direction: row; align-items: center;\">\n<div style=\"background-color: #f4f4f4; border-radius: 50%; flex-grow: 0; height: 40px; margin-right: 14px; width: 40px;\"><\/div>\n<div style=\"display: flex; flex-direction: column; flex-grow: 1; justify-content: center;\">\n<div style=\"background-color: #f4f4f4; border-radius: 4px; flex-grow: 0; height: 14px; margin-bottom: 6px; width: 100px;\"><\/div>\n<div style=\"background-color: #f4f4f4; border-radius: 4px; flex-grow: 0; height: 14px; width: 60px;\"><\/div>\n<\/div>\n<\/div>\n<div style=\"padding: 19% 0;\"><\/div>\n<div style=\"display: block; height: 50px; margin: 0 auto 12px; width: 50px;\"><\/div>\n<div style=\"padding-top: 8px;\">\n<div style=\"color: #3897f0; font-family: Arial,sans-serif; font-size: 14px; font-style: normal; font-weight: 550; line-height: 18px;\">Ver esta publicaci\u00f3n en Instagram<\/div>\n<\/div>\n<div style=\"padding: 12.5% 0;\"><\/div>\n<div style=\"display: flex; flex-direction: row; margin-bottom: 14px; align-items: center;\">\n<div>\n<div style=\"background-color: #f4f4f4; border-radius: 50%; height: 12.5px; width: 12.5px; transform: translateX(0px) translateY(7px);\"><\/div>\n<div style=\"background-color: #f4f4f4; height: 12.5px; transform: rotate(-45deg) translateX(3px) translateY(1px); width: 12.5px; flex-grow: 0; margin-right: 14px; margin-left: 2px;\"><\/div>\n<div style=\"background-color: #f4f4f4; border-radius: 50%; height: 12.5px; width: 12.5px; transform: translateX(9px) translateY(-18px);\"><\/div>\n<\/div>\n<div style=\"margin-left: 8px;\">\n<div style=\"background-color: #f4f4f4; border-radius: 50%; flex-grow: 0; height: 20px; width: 20px;\"><\/div>\n<div style=\"width: 0; height: 0; border-top: 2px solid transparent; border-left: 6px solid #f4f4f4; border-bottom: 2px solid transparent; transform: translateX(16px) translateY(-4px) rotate(30deg);\"><\/div>\n<\/div>\n<div style=\"margin-left: auto;\">\n<div style=\"width: 0px; border-top: 8px solid #F4F4F4; border-right: 8px solid transparent; transform: translateY(16px);\"><\/div>\n<div style=\"background-color: #f4f4f4; flex-grow: 0; height: 12px; width: 16px; transform: translateY(-4px);\"><\/div>\n<div style=\"width: 0; height: 0; border-top: 8px solid #F4F4F4; border-left: 8px solid transparent; transform: translateY(-4px) translateX(8px);\"><\/div>\n<\/div>\n<\/div>\n<div style=\"display: flex; flex-direction: column; flex-grow: 1; justify-content: center; margin-bottom: 24px;\">\n<div style=\"background-color: #f4f4f4; border-radius: 4px; flex-grow: 0; height: 14px; margin-bottom: 6px; width: 224px;\"><\/div>\n<div style=\"background-color: #f4f4f4; border-radius: 4px; flex-grow: 0; height: 14px; width: 144px;\"><\/div>\n<\/div>\n<p>&nbsp;<\/p>\n<p style=\"color: #c9c8cd; font-family: Arial,sans-serif; font-size: 14px; line-height: 17px; margin-bottom: 0; margin-top: 8px; overflow: hidden; padding: 8px 0 7px; text-align: center; text-overflow: ellipsis; white-space: nowrap;\"><a style=\"color: #c9c8cd; font-family: Arial,sans-serif; font-size: 14px; font-style: normal; font-weight: normal; line-height: 17px; text-decoration: none;\" href=\"https:\/\/www.instagram.com\/p\/CPENCWVgtOL\/?utm_source=ig_embed&amp;utm_campaign=loading\" target=\"_blank\" rel=\"noopener noreferrer\">Una publicaci\u00f3n compartida por Mundial de Escritura (@mundialdeescritura)<\/a><\/p>\n<\/div>\n<\/blockquote>\n<p><script async=\"\" src=\"\/\/www.instagram.com\/embed.js\"><\/script><\/p>\n<p><strong>La Cuarta edici\u00f3n del Mundia<\/strong>l tambi\u00e9n sumar\u00e1 el ciclo de charlas y talleres gratuitos \u201cDe los 3000 caracteres al libro: escribir, corregir, editar y publicar\u201d para los participantes y el p\u00fablico a cargo de escritores, editores y especialistas. Ser\u00e1n de la partida los escritores argentinos Claudia Pi\u00f1eiro, Gonzalo Heredia y Tamara Tenenbaum, la colombiana Carolina San\u00edn, el director de TEDx R\u00edo de la Plata Gerry Garbulsky, la traductora y editora Carolina Orloff y el escritor brasile\u00f1o Joca Reiners Terron, as\u00ed como editores de libros de Hispanoam\u00e9rica.<\/p>\n<p>Esta vez, el jurado que definir\u00e1 el equipo y los textos ganadores de la categor\u00eda general estar\u00e1 integrado por la escritora colombiana Margarita Garc\u00eda Robayo, la argentina Ariana Harwicz y el chileno Alejandro Zambra. Para la categor\u00eda infantil, los jurados ser\u00e1n los argentinos Pablo Bernasconi y Mar\u00eda In\u00e9s Falconi y la escritora colombiana Yolanda Reyes.<\/p>\n<p>Como premio, los autores de los textos ganadores y los equipos con mejor desempe\u00f1ode la categor\u00eda general acceder\u00e1n a cursos y talleres de la Escuela de Escritura. Adem\u00e1s, los autores de los diez textos finalistas de chicos, adolescentes y adultos participar\u00e1n de una cl\u00ednica de obra exclusiva para ellos. Por \u00faltimo, los autores de los textos ganadores de la categor\u00eda infantil se llevar\u00e1n \u00f3rdenes de compra de libros.<\/p>\n<p>Los interesados en participar de la cuarta edici\u00f3n se pueden inscribir, en equipos o solos (en este caso, la organizaci\u00f3n les asignar\u00e1 un equipo),&nbsp; hasta el 26 de mayo Y tambi\u00e9n pueden consultar el reglamento y las preguntas m\u00e1s frecuentes.<\/p>\n<div style=\"padding-bottom:20px; padding-top:10px;\" class=\"hupso-share-buttons\"><!-- Hupso Share Buttons - https:\/\/www.hupso.com\/share\/ --><a class=\"hupso_counters\" href=\"https:\/\/www.hupso.com\/share\/\"><img decoding=\"async\" src=\"http:\/\/static.hupso.com\/share\/buttons\/lang\/es\/share-small.png\" style=\"border:0px; padding-top:2px; float:left;\" alt=\"Share Button\"\/><\/a><script type=\"text\/javascript\">var hupso_services_c=new Array(\"twitter\",\"facebook_like\",\"google\");var hupso_counters_lang = \"es_LA\";var hupso_image_folder_url = \"\";var hupso_twitter_via=\"crsyvrs\";var hupso_url_c=\"\";<\/script><script type=\"text\/javascript\" src=\"http:\/\/static.hupso.com\/share\/js\/counters.js\"><\/script><!-- Hupso Share Buttons --><\/div> ","protected":false},"excerpt":{"rendered":"<div style=\"padding-bottom:20px; padding-top:10px;\" class=\"hupso-share-buttons\"><!-- Hupso Share Buttons - https:\/\/www.hupso.com\/share\/ --><a class=\"hupso_counters\" href=\"https:\/\/www.hupso.com\/share\/\"><img src=\"http:\/\/static.hupso.com\/share\/buttons\/lang\/es\/share-small.png\" style=\"border:0px; padding-top:2px; float:left;\" alt=\"Share Button\"\/><\/a><script type=\"text\/javascript\">var hupso_services_c=new Array(\"twitter\",\"facebook_like\",\"google\");var hupso_counters_lang = \"es_LA\";var hupso_image_folder_url = \"\";var hupso_twitter_via=\"crsyvrs\";var hupso_url_c=\"\";<\/script><script type=\"text\/javascript\" src=\"http:\/\/static.hupso.com\/share\/js\/counters.js\"><\/script><!-- Hupso Share Buttons --><\/div><p>En esta nueva edici\u00f3n se jugar\u00e1 desde el 31 de mayo al 12 de junio, con el agregado de charlas, talleres y una categor\u00eda infantil. El Mundial de Escritura, que naci\u00f3 en los primeros d\u00edas de aislamiento por la&#46;&#46;&#46;<\/p>\n<div style=\"padding-bottom:20px; padding-top:10px;\" class=\"hupso-share-buttons\"><!-- Hupso Share Buttons - https:\/\/www.hupso.com\/share\/ --><a class=\"hupso_counters\" href=\"https:\/\/www.hupso.com\/share\/\"><img src=\"http:\/\/static.hupso.com\/share\/buttons\/lang\/es\/share-small.png\" style=\"border:0px; padding-top:2px; float:left;\" alt=\"Share Button\"\/><\/a><script type=\"text\/javascript\">var hupso_services_c=new Array(\"twitter\",\"facebook_like\",\"google\");var hupso_counters_lang = \"es_LA\";var hupso_image_folder_url = \"\";var hupso_twitter_via=\"crsyvrs\";var hupso_url_c=\"\";<\/script><script type=\"text\/javascript\" src=\"http:\/\/static.hupso.com\/share\/js\/counters.js\"><\/script><!-- Hupso Share Buttons --><\/div>","protected":false},"author":5,"featured_media":30825,"comment_status":"closed","ping_status":"closed","sticky":false,"template":"","format":"standard","meta":{"footnotes":""},"categories":[7],"tags":[],"class_list":["post-30824","post","type-post","status-publish","format-standard","has-post-thumbnail","hentry","category-literatura"],"_links":{"self":[{"href":"http:\/\/cronicasyversiones.com\/index.php?rest_route=\/wp\/v2\/posts\/30824","targetHints":{"allow":["GET"]}}],"collection":[{"href":"http:\/\/cronicasyversiones.com\/index.php?rest_route=\/wp\/v2\/posts"}],"about":[{"href":"http:\/\/cronicasyversiones.com\/index.php?rest_route=\/wp\/v2\/types\/post"}],"author":[{"embeddable":true,"href":"http:\/\/cronicasyversiones.com\/index.php?rest_route=\/wp\/v2\/users\/5"}],"replies":[{"embeddable":true,"href":"http:\/\/cronicasyversiones.com\/index.php?rest_route=%2Fwp%2Fv2%2Fcomments&post=30824"}],"version-history":[{"count":2,"href":"http:\/\/cronicasyversiones.com\/index.php?rest_route=\/wp\/v2\/posts\/30824\/revisions"}],"predecessor-version":[{"id":30827,"href":"http:\/\/cronicasyversiones.com\/index.php?rest_route=\/wp\/v2\/posts\/30824\/revisions\/30827"}],"wp:featuredmedia":[{"embeddable":true,"href":"http:\/\/cronicasyversiones.com\/index.php?rest_route=\/wp\/v2\/media\/30825"}],"wp:attachment":[{"href":"http:\/\/cronicasyversiones.com\/index.php?rest_route=%2Fwp%2Fv2%2Fmedia&parent=30824"}],"wp:term":[{"taxonomy":"category","embeddable":true,"href":"http:\/\/cronicasyversiones.com\/index.php?rest_route=%2Fwp%2Fv2%2Fcategories&post=30824"},{"taxonomy":"post_tag","embeddable":true,"href":"http:\/\/cronicasyversiones.com\/index.php?rest_route=%2Fwp%2Fv2%2Ftags&post=30824"}],"curies":[{"name":"wp","href":"https:\/\/api.w.org\/{rel}","templated":true}]}}