{"id":30926,"date":"2021-05-28T17:44:38","date_gmt":"2021-05-28T20:44:38","guid":{"rendered":"http:\/\/cronicasyversiones.com\/?p=30926"},"modified":"2021-05-28T17:44:38","modified_gmt":"2021-05-28T20:44:38","slug":"la-familia-spinetta-subio-un-nuevo-registro-de-la-presentacion-de-artaud","status":"publish","type":"post","link":"http:\/\/cronicasyversiones.com\/?p=30926","title":{"rendered":"La familia Spinetta subi\u00f3 un nuevo registro de la presentaci\u00f3n de \u201cArtaud\u201d"},"content":{"rendered":"<div style=\"padding-bottom:20px; padding-top:10px;\" class=\"hupso-share-buttons\"><!-- Hupso Share Buttons - https:\/\/www.hupso.com\/share\/ --><a class=\"hupso_counters\" href=\"https:\/\/www.hupso.com\/share\/\"><img decoding=\"async\" src=\"http:\/\/static.hupso.com\/share\/buttons\/lang\/es\/share-small.png\" style=\"border:0px; padding-top:2px; float:left;\" alt=\"Share Button\"\/><\/a><script type=\"text\/javascript\">var hupso_services_c=new Array(\"twitter\",\"facebook_like\",\"google\");var hupso_counters_lang = \"es_LA\";var hupso_image_folder_url = \"\";var hupso_twitter_via=\"crsyvrs\";var hupso_url_c=\"\";<\/script><script type=\"text\/javascript\" src=\"http:\/\/static.hupso.com\/share\/js\/counters.js\"><\/script><!-- Hupso Share Buttons --><\/div><h2>Los herederos del \u201cFlaco\u201d compartieron en las tiendas digitales una nueva grabaci\u00f3n del embl\u00e1tico disco publicado en 1973.<\/h2>\n<p><img loading=\"lazy\" decoding=\"async\" class=\"wp-image-30927 aligncenter\" src=\"http:\/\/cronicasyversiones.com\/wp-content\/uploads\/2021\/05\/Spinetta2_1593196068-1024x695.jpg\" alt=\"\" width=\"752\" height=\"510\" srcset=\"http:\/\/cronicasyversiones.com\/wp-content\/uploads\/2021\/05\/Spinetta2_1593196068-1024x695.jpg 1024w, http:\/\/cronicasyversiones.com\/wp-content\/uploads\/2021\/05\/Spinetta2_1593196068-300x204.jpg 300w, http:\/\/cronicasyversiones.com\/wp-content\/uploads\/2021\/05\/Spinetta2_1593196068-768x522.jpg 768w, http:\/\/cronicasyversiones.com\/wp-content\/uploads\/2021\/05\/Spinetta2_1593196068.jpg 1072w\" sizes=\"auto, (max-width: 752px) 100vw, 752px\" \/><\/p>\n<p>La familia de<strong> Luis Alberto Spinetta<\/strong> subi\u00f3 a las tiendas digitales un registro en vivo de la presentaci\u00f3n <a href=\"http:\/\/cronicasyversiones.com\/?p=116\">del disco <em><strong>\u201cArtaud\u201d<\/strong> <\/em><\/a>que el \u201cFlaco\u201d \u00a0realiz\u00f3 en el porte\u00f1o Teatro Astral en noviembre de 1973.<\/p>\n<p>El a\u00f1o pasado la familia Spinetta subi\u00f3 la primera de las presentaciones, y cuando Cata Spinetta le contaba el hecho a su madre Patricia Salazar, esta record\u00f3 que guardaba una grabaci\u00f3n que le hab\u00eda alcanzado un amigo.<\/p>\n<blockquote><p>\u201cYo ten\u00eda una grabaci\u00f3n de esos conciertos que me dio un amigo hace mucho tiempo, la voy buscar\u201d, le dijo Salazar a Cata hasta que finalmente pudieron encontrarla y escucharla juntas.<\/p><\/blockquote>\n<p>Mientras la escuchaban, Cata se dio cuenta que era otro show, y no el que se iba a publicar en 2020; era posterior, ya que la grabaci\u00f3n ten\u00eda una etiqueta que dec\u00eda \u201c28\/10\/1973\u201d.<\/p>\n<p><iframe loading=\"lazy\" title=\"YouTube video player\" src=\"https:\/\/www.youtube.com\/embed\/-Dy-M3PUgU0\" width=\"560\" height=\"315\" frameborder=\"0\" allowfullscreen=\"allowfullscreen\"><\/iframe><\/p>\n<blockquote><p>\u00a0\u201cLa sorpresa m\u00e1s grande fue que la lista de temas era muy distinta a la del show a publicar\u201d, cont\u00f3 Cata en un comunicado.<\/p><\/blockquote>\n<p>En este show Spinetta estrenaba temas como \u201cDedos de mimbre\u201d, que despu\u00e9s se incluy\u00f3 en el \u00e1lbum \u201cFuego Gris\u00bb; \u201cOmnipotencia\u201d que luego se llam\u00f3 \u201c\u00a1Ah! &#8230;basta de pensar\u201d y que formar\u00eda parte del disco \u201cKamikaze\u201d.<\/p>\n<p>Contin\u00faa con \u201cJilguero\u201d que es una canci\u00f3n que qued\u00f3 afuera del listado del mismo \u201cArtaud\u201d, con la particularidad de que la letra es bastante distinta a la versi\u00f3n editada a\u00f1os m\u00e1s tarde en \u201cPelus\u00f3n of milk\u201d.<\/p>\n<p>En el medio del show, Spinetta deja la guitarra ac\u00fastica y pasa a la el\u00e9ctrica y luego de zapar y probar efectos, toca tres canciones in\u00e9ditas:<strong> \u201cPsicodelia\u201d, \u201cNo te detengas\u201d, y \u201cBlues\u201d.<\/strong><\/p>\n<p>La familia Spinetta asegur\u00f3 que \u201cestos tres temas son un hallazgo total. Este es un material para fans, con un peso testimonial y documental propio\u201d, y luego agreg\u00f3 que \u201cteniendo en cuenta que es una grabaci\u00f3n de aire en cassette y del a\u00f1o 1973, el audio es resultado de lo que se pudo mejorar, y fue realizado por el ingeniero de sonido Mariano Lopez\u201d.<\/p>\n<div style=\"padding-bottom:20px; padding-top:10px;\" class=\"hupso-share-buttons\"><!-- Hupso Share Buttons - https:\/\/www.hupso.com\/share\/ --><a class=\"hupso_counters\" href=\"https:\/\/www.hupso.com\/share\/\"><img decoding=\"async\" src=\"http:\/\/static.hupso.com\/share\/buttons\/lang\/es\/share-small.png\" style=\"border:0px; padding-top:2px; float:left;\" alt=\"Share Button\"\/><\/a><script type=\"text\/javascript\">var hupso_services_c=new Array(\"twitter\",\"facebook_like\",\"google\");var hupso_counters_lang = \"es_LA\";var hupso_image_folder_url = \"\";var hupso_twitter_via=\"crsyvrs\";var hupso_url_c=\"\";<\/script><script type=\"text\/javascript\" src=\"http:\/\/static.hupso.com\/share\/js\/counters.js\"><\/script><!-- Hupso Share Buttons --><\/div> ","protected":false},"excerpt":{"rendered":"<div style=\"padding-bottom:20px; padding-top:10px;\" class=\"hupso-share-buttons\"><!-- Hupso Share Buttons - https:\/\/www.hupso.com\/share\/ --><a class=\"hupso_counters\" href=\"https:\/\/www.hupso.com\/share\/\"><img src=\"http:\/\/static.hupso.com\/share\/buttons\/lang\/es\/share-small.png\" style=\"border:0px; padding-top:2px; float:left;\" alt=\"Share Button\"\/><\/a><script type=\"text\/javascript\">var hupso_services_c=new Array(\"twitter\",\"facebook_like\",\"google\");var hupso_counters_lang = \"es_LA\";var hupso_image_folder_url = \"\";var hupso_twitter_via=\"crsyvrs\";var hupso_url_c=\"\";<\/script><script type=\"text\/javascript\" src=\"http:\/\/static.hupso.com\/share\/js\/counters.js\"><\/script><!-- Hupso Share Buttons --><\/div><p>Los herederos del \u201cFlaco\u201d compartieron en las tiendas digitales una nueva grabaci\u00f3n del embl\u00e1tico disco publicado en 1973. La familia de Luis Alberto Spinetta subi\u00f3 a las tiendas digitales un registro en vivo de la presentaci\u00f3n del disco \u201cArtaud\u201d&#46;&#46;&#46;<\/p>\n<div style=\"padding-bottom:20px; padding-top:10px;\" class=\"hupso-share-buttons\"><!-- Hupso Share Buttons - https:\/\/www.hupso.com\/share\/ --><a class=\"hupso_counters\" href=\"https:\/\/www.hupso.com\/share\/\"><img src=\"http:\/\/static.hupso.com\/share\/buttons\/lang\/es\/share-small.png\" style=\"border:0px; padding-top:2px; float:left;\" alt=\"Share Button\"\/><\/a><script type=\"text\/javascript\">var hupso_services_c=new Array(\"twitter\",\"facebook_like\",\"google\");var hupso_counters_lang = \"es_LA\";var hupso_image_folder_url = \"\";var hupso_twitter_via=\"crsyvrs\";var hupso_url_c=\"\";<\/script><script type=\"text\/javascript\" src=\"http:\/\/static.hupso.com\/share\/js\/counters.js\"><\/script><!-- Hupso Share Buttons --><\/div>","protected":false},"author":5,"featured_media":30927,"comment_status":"closed","ping_status":"closed","sticky":false,"template":"","format":"standard","meta":{"footnotes":""},"categories":[3,3944],"tags":[47],"class_list":["post-30926","post","type-post","status-publish","format-standard","has-post-thumbnail","hentry","category-musica","category-spinettario","tag-luis-alberto-spinetta"],"_links":{"self":[{"href":"http:\/\/cronicasyversiones.com\/index.php?rest_route=\/wp\/v2\/posts\/30926","targetHints":{"allow":["GET"]}}],"collection":[{"href":"http:\/\/cronicasyversiones.com\/index.php?rest_route=\/wp\/v2\/posts"}],"about":[{"href":"http:\/\/cronicasyversiones.com\/index.php?rest_route=\/wp\/v2\/types\/post"}],"author":[{"embeddable":true,"href":"http:\/\/cronicasyversiones.com\/index.php?rest_route=\/wp\/v2\/users\/5"}],"replies":[{"embeddable":true,"href":"http:\/\/cronicasyversiones.com\/index.php?rest_route=%2Fwp%2Fv2%2Fcomments&post=30926"}],"version-history":[{"count":1,"href":"http:\/\/cronicasyversiones.com\/index.php?rest_route=\/wp\/v2\/posts\/30926\/revisions"}],"predecessor-version":[{"id":30928,"href":"http:\/\/cronicasyversiones.com\/index.php?rest_route=\/wp\/v2\/posts\/30926\/revisions\/30928"}],"wp:featuredmedia":[{"embeddable":true,"href":"http:\/\/cronicasyversiones.com\/index.php?rest_route=\/wp\/v2\/media\/30927"}],"wp:attachment":[{"href":"http:\/\/cronicasyversiones.com\/index.php?rest_route=%2Fwp%2Fv2%2Fmedia&parent=30926"}],"wp:term":[{"taxonomy":"category","embeddable":true,"href":"http:\/\/cronicasyversiones.com\/index.php?rest_route=%2Fwp%2Fv2%2Fcategories&post=30926"},{"taxonomy":"post_tag","embeddable":true,"href":"http:\/\/cronicasyversiones.com\/index.php?rest_route=%2Fwp%2Fv2%2Ftags&post=30926"}],"curies":[{"name":"wp","href":"https:\/\/api.w.org\/{rel}","templated":true}]}}