{"id":30964,"date":"2021-06-06T09:35:27","date_gmt":"2021-06-06T12:35:27","guid":{"rendered":"http:\/\/cronicasyversiones.com\/?p=30964"},"modified":"2021-06-06T09:40:26","modified_gmt":"2021-06-06T12:40:26","slug":"el-filba-celebra-diez-anos-con-una-edicion-virtual-en-la-pampa","status":"publish","type":"post","link":"http:\/\/cronicasyversiones.com\/?p=30964","title":{"rendered":"El Filba celebra sus diez a\u00f1os con una edici\u00f3n virtual en La Pampa"},"content":{"rendered":"<div style=\"padding-bottom:20px; padding-top:10px;\" class=\"hupso-share-buttons\"><!-- Hupso Share Buttons - https:\/\/www.hupso.com\/share\/ --><a class=\"hupso_counters\" href=\"https:\/\/www.hupso.com\/share\/\"><img decoding=\"async\" src=\"http:\/\/static.hupso.com\/share\/buttons\/lang\/es\/share-small.png\" style=\"border:0px; padding-top:2px; float:left;\" alt=\"Share Button\"\/><\/a><script type=\"text\/javascript\">var hupso_services_c=new Array(\"twitter\",\"facebook_like\",\"google\");var hupso_counters_lang = \"es_LA\";var hupso_image_folder_url = \"\";var hupso_twitter_via=\"crsyvrs\";var hupso_url_c=\"\";<\/script><script type=\"text\/javascript\" src=\"http:\/\/static.hupso.com\/share\/js\/counters.js\"><\/script><!-- Hupso Share Buttons --><\/div><h2>Esta vez se presentar\u00e1 un libro con textos escritos a lo largo de estos diez a\u00f1os de actividad por algunos de los escritores participantes, entre otras actividades.<\/h2>\n<p><img loading=\"lazy\" decoding=\"async\" class=\"size-full wp-image-30965 aligncenter\" src=\"http:\/\/cronicasyversiones.com\/wp-content\/uploads\/2021\/06\/filba.jpg\" alt=\"\" width=\"750\" height=\"460\" srcset=\"http:\/\/cronicasyversiones.com\/wp-content\/uploads\/2021\/06\/filba.jpg 750w, http:\/\/cronicasyversiones.com\/wp-content\/uploads\/2021\/06\/filba-300x184.jpg 300w\" sizes=\"auto, (max-width: 750px) 100vw, 750px\" \/><\/p>\n<p>El 10\u00ba<strong> Festival Nacional de Literatura (Filba)<\/strong> se realizar\u00e1 de manera virtual en la ciudad de Santa Rosa, capital de La Pampa, del 16 al 19 de junio, donde se presentar\u00e1 un libro con textos escritos a lo largo de estos diez a\u00f1os de actividad por algunos de los escritores participantes.<\/p>\n<p>Los textos seleccionados fueron escritos por <strong>Selva Almada, Oliverio Coelho, Fernanda Garc\u00eda Lao, Pedro Mairal, Camila Sosa Villada, Juan Jos\u00e9 Becerra, Mar\u00eda Moreno, Hebe Uhart,<\/strong> entre otros.<\/p>\n<p>La apertura del festival el 16 de junio, a las 20, estar\u00e1 a cargo de la escritora cordobesa <strong>Mar\u00eda Teresa Andruetto,<\/strong> con un texto que se referir\u00e1 al oficio de escribir, y del cierre participar\u00e1 <strong>Mariana Enriquez<\/strong>, que har\u00e1 una lectura de cuentos de terror de autores a los que solo por su curiosidad tiene acceso, acompa\u00f1ado por algunas filmaciones.<\/p>\n<p>En esta edici\u00f3n, el encuentro evocar\u00e1 a los pueblos originarios, a trav\u00e9s de algunos autores a los que se convoc\u00f3 para que establezcan una relaci\u00f3n con el territorio pampeano.<\/p>\n<p>A partir de ese rescate, los escritores Mart\u00edn Felipe Castagnet, Mario M\u00e9ndez y Mar\u00eda Rosa Lojo fueron invitados a imaginar una posible biograf\u00eda de algunas de esos sobrevivientes que lograron una identidad a trav\u00e9s de diferentes censos.<\/p>\n<p>&nbsp;<\/p>\n<blockquote class=\"instagram-media\" style=\"background: #FFF; border: 0; border-radius: 3px; box-shadow: 0 0 1px 0 rgba(0,0,0,0.5),0 1px 10px 0 rgba(0,0,0,0.15); margin: 1px; max-width: 540px; min-width: 326px; padding: 0; width: calc(100% - 2px);\" data-instgrm-captioned=\"\" data-instgrm-permalink=\"https:\/\/www.instagram.com\/p\/CPib2qBgol7\/?utm_source=ig_embed&amp;utm_campaign=loading\" data-instgrm-version=\"13\">\n<div style=\"padding: 16px;\">\n<p>&nbsp;<\/p>\n<div style=\"display: flex; flex-direction: row; align-items: center;\">\n<div style=\"background-color: #f4f4f4; border-radius: 50%; flex-grow: 0; height: 40px; margin-right: 14px; width: 40px;\"><\/div>\n<div style=\"display: flex; flex-direction: column; flex-grow: 1; justify-content: center;\">\n<div style=\"background-color: #f4f4f4; border-radius: 4px; flex-grow: 0; height: 14px; margin-bottom: 6px; width: 100px;\"><\/div>\n<div style=\"background-color: #f4f4f4; border-radius: 4px; flex-grow: 0; height: 14px; width: 60px;\"><\/div>\n<\/div>\n<\/div>\n<div style=\"padding: 19% 0;\"><\/div>\n<div style=\"display: block; height: 50px; margin: 0 auto 12px; width: 50px;\"><\/div>\n<div style=\"padding-top: 8px;\">\n<div style=\"color: #3897f0; font-family: Arial,sans-serif; font-size: 14px; font-style: normal; font-weight: 550; line-height: 18px;\">Ver esta publicaci\u00f3n en Instagram<\/div>\n<\/div>\n<div style=\"padding: 12.5% 0;\"><\/div>\n<div style=\"display: flex; flex-direction: row; margin-bottom: 14px; align-items: center;\">\n<div>\n<div style=\"background-color: #f4f4f4; border-radius: 50%; height: 12.5px; width: 12.5px; transform: translateX(0px) translateY(7px);\"><\/div>\n<div style=\"background-color: #f4f4f4; height: 12.5px; transform: rotate(-45deg) translateX(3px) translateY(1px); width: 12.5px; flex-grow: 0; margin-right: 14px; margin-left: 2px;\"><\/div>\n<div style=\"background-color: #f4f4f4; border-radius: 50%; height: 12.5px; width: 12.5px; transform: translateX(9px) translateY(-18px);\"><\/div>\n<\/div>\n<div style=\"margin-left: 8px;\">\n<div style=\"background-color: #f4f4f4; border-radius: 50%; flex-grow: 0; height: 20px; width: 20px;\"><\/div>\n<div style=\"width: 0; height: 0; border-top: 2px solid transparent; border-left: 6px solid #f4f4f4; border-bottom: 2px solid transparent; transform: translateX(16px) translateY(-4px) rotate(30deg);\"><\/div>\n<\/div>\n<div style=\"margin-left: auto;\">\n<div style=\"width: 0px; border-top: 8px solid #F4F4F4; border-right: 8px solid transparent; transform: translateY(16px);\"><\/div>\n<div style=\"background-color: #f4f4f4; flex-grow: 0; height: 12px; width: 16px; transform: translateY(-4px);\"><\/div>\n<div style=\"width: 0; height: 0; border-top: 8px solid #F4F4F4; border-left: 8px solid transparent; transform: translateY(-4px) translateX(8px);\"><\/div>\n<\/div>\n<\/div>\n<div style=\"display: flex; flex-direction: column; flex-grow: 1; justify-content: center; margin-bottom: 24px;\">\n<div style=\"background-color: #f4f4f4; border-radius: 4px; flex-grow: 0; height: 14px; margin-bottom: 6px; width: 224px;\"><\/div>\n<div style=\"background-color: #f4f4f4; border-radius: 4px; flex-grow: 0; height: 14px; width: 144px;\"><\/div>\n<\/div>\n<p>&nbsp;<\/p>\n<p style=\"color: #c9c8cd; font-family: Arial,sans-serif; font-size: 14px; line-height: 17px; margin-bottom: 0; margin-top: 8px; overflow: hidden; padding: 8px 0 7px; text-align: center; text-overflow: ellipsis; white-space: nowrap;\"><a style=\"color: #c9c8cd; font-family: Arial,sans-serif; font-size: 14px; font-style: normal; font-weight: normal; line-height: 17px; text-decoration: none;\" href=\"https:\/\/www.instagram.com\/p\/CPib2qBgol7\/?utm_source=ig_embed&amp;utm_campaign=loading\" target=\"_blank\" rel=\"noopener noreferrer\">Una publicaci\u00f3n compartida por Filba 2021 (@fundacionfilba)<\/a><\/p>\n<\/div>\n<\/blockquote>\n<p><script async=\"\" src=\"\/\/www.instagram.com\/embed.js\"><\/script><\/p>\n<p>Como La Pampa fue tambi\u00e9n escenario de<em><strong> \u00abUna excursi\u00f3n a los indios ranqueles\u00bb,<\/strong> <\/em>obra fundamental de la literatura argentina de Lucio V. Mansilla, para repensar ese texto fueron invitados los escritores Mar\u00eda Moreno, Carlos Gamerro y Pablo Ansolabehere, en una actividad denominada Aventuras.<\/p>\n<p>Para preguntarse por la geograf\u00eda del territorio pampeano, y abordar c\u00f3mo es habitarlo fueron invitados a participar Osvaldo Baigorria, Mar\u00eda Sonia Cristoff y Mat\u00edas Sapegno, y en una entrevista Gabriela Cabez\u00f3n C\u00e1mara dialogar\u00e1 acerca de su abordaje del espacio pampeano en su \u00faltima novela \u00abLas aventuras de la China Iron\u00bb de una manera absolutamente exquisita, record\u00f3 Rodr\u00edguez Lacrouts.<\/p>\n<p>A modo de homenaje se revisitar\u00e1 la obra de Juan Carlos Bustriazo Ortiz y Olga Orozco, con la lectura de su poes\u00eda por los escritores Mat\u00edas Moscardi, Marisa Negri, Tamara Grosso, Valeria Tentoni, Nurit Kasztelan, Eric Schierloh, Jorge Consiglio y Santiago Llach.<\/p>\n<p>Otra de las homenajeadas ser\u00e1 Rosario Bl\u00e9fari, compositora y escritora, santarroce\u00f1a por adopci\u00f3n, quien antes de morir, en julio del a\u00f1o pasado, escribi\u00f3 una serie de art\u00edculos, a modo de entradas de diario, que ser\u00e1n rescatados a trav\u00e9s de la lectura que se va a ir presentando durante la presente edici\u00f3n.<\/p>\n<p>El Filba presentar\u00e1 como todos los a\u00f1os, talleres gratuitos con cupos reducidos, con Daniel Guebel dar\u00e1 uno de narrativa, Angeles Alemandi, dar\u00e1 uno de no ficci\u00f3n a partir de la propia biograf\u00eda, y Mat\u00edas Moscardi, uno de poes\u00eda, y las inscripciones se abrir\u00e1n en filba.org.ar.<\/p>\n<p>En esta nueva edici\u00f3n del<strong> Filbita<\/strong>, habr\u00e1 todos los d\u00edas a las 17 talleres de collage, escritura creativa, e historieta para ni\u00f1as y ni\u00f1os, con inscripci\u00f3n previa, a cargo de Luciano Saracino y Mario M\u00e9ndez.<\/p>\n<div style=\"padding-bottom:20px; padding-top:10px;\" class=\"hupso-share-buttons\"><!-- Hupso Share Buttons - https:\/\/www.hupso.com\/share\/ --><a class=\"hupso_counters\" href=\"https:\/\/www.hupso.com\/share\/\"><img decoding=\"async\" src=\"http:\/\/static.hupso.com\/share\/buttons\/lang\/es\/share-small.png\" style=\"border:0px; padding-top:2px; float:left;\" alt=\"Share Button\"\/><\/a><script type=\"text\/javascript\">var hupso_services_c=new Array(\"twitter\",\"facebook_like\",\"google\");var hupso_counters_lang = \"es_LA\";var hupso_image_folder_url = \"\";var hupso_twitter_via=\"crsyvrs\";var hupso_url_c=\"\";<\/script><script type=\"text\/javascript\" src=\"http:\/\/static.hupso.com\/share\/js\/counters.js\"><\/script><!-- Hupso Share Buttons --><\/div> ","protected":false},"excerpt":{"rendered":"<div style=\"padding-bottom:20px; padding-top:10px;\" class=\"hupso-share-buttons\"><!-- Hupso Share Buttons - https:\/\/www.hupso.com\/share\/ --><a class=\"hupso_counters\" href=\"https:\/\/www.hupso.com\/share\/\"><img src=\"http:\/\/static.hupso.com\/share\/buttons\/lang\/es\/share-small.png\" style=\"border:0px; padding-top:2px; float:left;\" alt=\"Share Button\"\/><\/a><script type=\"text\/javascript\">var hupso_services_c=new Array(\"twitter\",\"facebook_like\",\"google\");var hupso_counters_lang = \"es_LA\";var hupso_image_folder_url = \"\";var hupso_twitter_via=\"crsyvrs\";var hupso_url_c=\"\";<\/script><script type=\"text\/javascript\" src=\"http:\/\/static.hupso.com\/share\/js\/counters.js\"><\/script><!-- Hupso Share Buttons --><\/div><p>Esta vez se presentar\u00e1 un libro con textos escritos a lo largo de estos diez a\u00f1os de actividad por algunos de los escritores participantes, entre otras actividades. El 10\u00ba Festival Nacional de Literatura (Filba) se realizar\u00e1 de manera virtual&#46;&#46;&#46;<\/p>\n<div style=\"padding-bottom:20px; padding-top:10px;\" class=\"hupso-share-buttons\"><!-- Hupso Share Buttons - https:\/\/www.hupso.com\/share\/ --><a class=\"hupso_counters\" href=\"https:\/\/www.hupso.com\/share\/\"><img src=\"http:\/\/static.hupso.com\/share\/buttons\/lang\/es\/share-small.png\" style=\"border:0px; padding-top:2px; float:left;\" alt=\"Share Button\"\/><\/a><script type=\"text\/javascript\">var hupso_services_c=new Array(\"twitter\",\"facebook_like\",\"google\");var hupso_counters_lang = \"es_LA\";var hupso_image_folder_url = \"\";var hupso_twitter_via=\"crsyvrs\";var hupso_url_c=\"\";<\/script><script type=\"text\/javascript\" src=\"http:\/\/static.hupso.com\/share\/js\/counters.js\"><\/script><!-- Hupso Share Buttons --><\/div>","protected":false},"author":5,"featured_media":30965,"comment_status":"closed","ping_status":"closed","sticky":false,"template":"","format":"standard","meta":{"footnotes":""},"categories":[7],"tags":[9332,2895,3121,5041,2657],"class_list":["post-30964","post","type-post","status-publish","format-standard","has-post-thumbnail","hentry","category-literatura","tag-camila-sosa-villada","tag-filba","tag-filbita","tag-mariana-enriquez","tag-selva-almada"],"_links":{"self":[{"href":"http:\/\/cronicasyversiones.com\/index.php?rest_route=\/wp\/v2\/posts\/30964","targetHints":{"allow":["GET"]}}],"collection":[{"href":"http:\/\/cronicasyversiones.com\/index.php?rest_route=\/wp\/v2\/posts"}],"about":[{"href":"http:\/\/cronicasyversiones.com\/index.php?rest_route=\/wp\/v2\/types\/post"}],"author":[{"embeddable":true,"href":"http:\/\/cronicasyversiones.com\/index.php?rest_route=\/wp\/v2\/users\/5"}],"replies":[{"embeddable":true,"href":"http:\/\/cronicasyversiones.com\/index.php?rest_route=%2Fwp%2Fv2%2Fcomments&post=30964"}],"version-history":[{"count":3,"href":"http:\/\/cronicasyversiones.com\/index.php?rest_route=\/wp\/v2\/posts\/30964\/revisions"}],"predecessor-version":[{"id":31011,"href":"http:\/\/cronicasyversiones.com\/index.php?rest_route=\/wp\/v2\/posts\/30964\/revisions\/31011"}],"wp:featuredmedia":[{"embeddable":true,"href":"http:\/\/cronicasyversiones.com\/index.php?rest_route=\/wp\/v2\/media\/30965"}],"wp:attachment":[{"href":"http:\/\/cronicasyversiones.com\/index.php?rest_route=%2Fwp%2Fv2%2Fmedia&parent=30964"}],"wp:term":[{"taxonomy":"category","embeddable":true,"href":"http:\/\/cronicasyversiones.com\/index.php?rest_route=%2Fwp%2Fv2%2Fcategories&post=30964"},{"taxonomy":"post_tag","embeddable":true,"href":"http:\/\/cronicasyversiones.com\/index.php?rest_route=%2Fwp%2Fv2%2Ftags&post=30964"}],"curies":[{"name":"wp","href":"https:\/\/api.w.org\/{rel}","templated":true}]}}