{"id":3100,"date":"2014-08-08T17:16:52","date_gmt":"2014-08-08T20:16:52","guid":{"rendered":"http:\/\/cronicasyversiones.com\/?p=3100"},"modified":"2014-08-08T17:16:52","modified_gmt":"2014-08-08T20:16:52","slug":"raiz-lila-downs-junto-a-nina-pastori-y-soledad","status":"publish","type":"post","link":"http:\/\/cronicasyversiones.com\/?p=3100","title":{"rendered":"\u201cRa\u00edz\u201d, Lila Downs junto a Ni\u00f1a Pastori y Soledad"},"content":{"rendered":"<div style=\"padding-bottom:20px; padding-top:10px;\" class=\"hupso-share-buttons\"><!-- Hupso Share Buttons - https:\/\/www.hupso.com\/share\/ --><a class=\"hupso_counters\" href=\"https:\/\/www.hupso.com\/share\/\"><img decoding=\"async\" src=\"http:\/\/static.hupso.com\/share\/buttons\/lang\/es\/share-small.png\" style=\"border:0px; padding-top:2px; float:left;\" alt=\"Share Button\"\/><\/a><script type=\"text\/javascript\">var hupso_services_c=new Array(\"twitter\",\"facebook_like\",\"google\");var hupso_counters_lang = \"es_LA\";var hupso_image_folder_url = \"\";var hupso_twitter_via=\"crsyvrs\";var hupso_url_c=\"\";<\/script><script type=\"text\/javascript\" src=\"http:\/\/static.hupso.com\/share\/js\/counters.js\"><\/script><!-- Hupso Share Buttons --><\/div><h2 style=\"text-align: justify;\">En el nuevo disco de la cantautora mexicana, que incluye una gran variedad de ritmos latinoamericanos, participan la cantante espa\u00f1ola y la folklorista argentina.<\/h2>\n<p><a href=\"http:\/\/cronicasyversiones.com\/wp-content\/uploads\/2014\/08\/lila-downs.jpg\"><img loading=\"lazy\" decoding=\"async\" class=\"wp-image-3101 aligncenter\" src=\"http:\/\/cronicasyversiones.com\/wp-content\/uploads\/2014\/08\/lila-downs-1024x709.jpg\" alt=\"lila-downs\" width=\"744\" height=\"515\" srcset=\"http:\/\/cronicasyversiones.com\/wp-content\/uploads\/2014\/08\/lila-downs-1024x709.jpg 1024w, http:\/\/cronicasyversiones.com\/wp-content\/uploads\/2014\/08\/lila-downs-300x207.jpg 300w, http:\/\/cronicasyversiones.com\/wp-content\/uploads\/2014\/08\/lila-downs-624x432.jpg 624w, http:\/\/cronicasyversiones.com\/wp-content\/uploads\/2014\/08\/lila-downs.jpg 1200w\" sizes=\"auto, (max-width: 744px) 100vw, 744px\" \/><\/a><\/p>\n<p style=\"text-align: justify;\"><strong>Lila Downs<\/strong> arranca su gira de conciertos en Estados Unidos el pr\u00f3ximo 11 de agosto, un d\u00eda antes de que publique su nuevo disco, <em><strong>\u201cRa\u00edz\u201d,<\/strong><\/em> en el que colabora con la espa\u00f1ola <strong>Ni\u00f1a Pastori<\/strong> y <strong>Soledad Pastorutti.<\/strong><\/p>\n<p style=\"text-align: justify;\">\u201cHace dos a\u00f1os que empezamos con la idea de \u2018Ra\u00edz\u2019, <strong>hicimos amistad y familia con la m\u00fasica de<\/strong> <strong>M\u00e9xico, Argentina y Espa\u00f1a.<\/strong> Empezamos a trabajarlo en el estudio y sali\u00f3 un resultado con el que las tres est\u00e1bamos muy contentas, porque nos gusta mucho la idea de hacer folclor, m\u00fasica de ra\u00edz, con elementos modernos\u201d, explic\u00f3 la cantautora mexicana ala agencia de noticas EFE.<\/p>\n<p style=\"text-align: justify;\">Seg\u00fan la cantante, \u201cRa\u00edz\u201d acent\u00faa el origen latino de las cantantes:<strong> \u201cLas tres tenemos la idea de que sobreviva el folklore fusionado con la m\u00fasica moderna\u201d.<\/strong><\/p>\n<p style=\"text-align: justify;\">El \u00e1lbum, compuesto por doce temas, incluye tres originales de Lila Downs: \u201c<em><strong>Zapata se queda\u201d, \u201cTierra de luz\u201d y \u201cCumbia del Mole\u201d,<\/strong> <\/em>que la cantante compuso en homenjae a las mujeres de su pa\u00eds natal.<\/p>\n<p style=\"text-align: justify;\">\u201c\u2018La Cumbia del Mole\u2019 la hice cuando estaba fuera de mi pa\u00eds y quise rendir <strong>tributo a las mujeres mexicanas que se levantan en la ma\u00f1ana a hacer las cosas del hogar<\/strong>, las cosas cotidianas. Y el mole es un elemento sagrado de nuestras vidas, que se hace en las fiestas de los pueblos y se comparte. Es una tradici\u00f3n en todo M\u00e9xico\u201d, se\u00f1ala.<\/p>\n<p style=\"text-align: justify;\">Adem\u00e1s, la el disco incluye versiones de cl\u00e1sicos de la m\u00fasica latinoamericana como<em> <strong>\u201cEl d\u00eda que me quieras\u201d<\/strong><\/em>, de Gardel y Lepera, y<strong><em> \u201cLa Maza\u201d,<\/em><\/strong> de Silvio Rodr\u00edguez.<\/p>\n<p style=\"text-align: justify;\">Adem\u00e1s, Ni\u00f1a Pastori, dos veces ganadora del Grammy Latino, aporta el tema <strong><em>\u201cV\u00e1lgame Dios<\/em><\/strong>\u201d, mientras que Soledad aporta <em><strong>\u201cEl tren del cielo\u201d.<\/strong><\/em><\/p>\n<p style=\"text-align: justify;\">\u201c\u2018El Tren del Cielo\u2019 es un tema sobre un tren de las monta\u00f1as andinas. Me pareci\u00f3 interesante por la cuesti\u00f3n de la migraci\u00f3n; habla de cierta forma sobre un tema oscuro para nosotros en M\u00e9xico de un tren llamado \u2018La bestia\u2019 (que utilizan los indocumentados para llegar a Estados Unidos)\u201d, agreg\u00f3 la mexicana.<\/p>\n<p style=\"text-align: justify;\">Es estilo de \u201cRa\u00edz\u201d abarcan una amplia variedad de estilos iberoamericanos, desde <strong>boleros y chacareras a tanguillos y huapango<\/strong>s y las tres cantantes participan en todas las canciones, cada una dando al material su toque particular.<\/p>\n<p style=\"text-align: justify;\">Ese toque que aporta su bagaje cultural de sus respectivas tierras, que queda traducida en el clip del tema \u201cRa\u00edz\u201d en mantones bordados tradicionales de sus pa\u00edses, elementos que Lila Downs, como antrop\u00f3loga, estudi\u00f3.<\/p>\n<p><object width=\"560\" height=\"315\"><param name=\"movie\" value=\"\/\/www.youtube.com\/v\/_8ZHvCTCoAc?version=3&amp;hl=es_MX\"><\/param><param name=\"allowFullScreen\" value=\"true\"><\/param><param name=\"allowscriptaccess\" value=\"always\"><\/param><embed src=\"\/\/www.youtube.com\/v\/_8ZHvCTCoAc?version=3&amp;hl=es_MX\" type=\"application\/x-shockwave-flash\" width=\"560\" height=\"315\" allowscriptaccess=\"always\" allowfullscreen=\"true\"><\/embed><\/object><\/p>\n<div style=\"padding-bottom:20px; padding-top:10px;\" class=\"hupso-share-buttons\"><!-- Hupso Share Buttons - https:\/\/www.hupso.com\/share\/ --><a class=\"hupso_counters\" href=\"https:\/\/www.hupso.com\/share\/\"><img decoding=\"async\" src=\"http:\/\/static.hupso.com\/share\/buttons\/lang\/es\/share-small.png\" style=\"border:0px; padding-top:2px; float:left;\" alt=\"Share Button\"\/><\/a><script type=\"text\/javascript\">var hupso_services_c=new Array(\"twitter\",\"facebook_like\",\"google\");var hupso_counters_lang = \"es_LA\";var hupso_image_folder_url = \"\";var hupso_twitter_via=\"crsyvrs\";var hupso_url_c=\"\";<\/script><script type=\"text\/javascript\" src=\"http:\/\/static.hupso.com\/share\/js\/counters.js\"><\/script><!-- Hupso Share Buttons --><\/div> ","protected":false},"excerpt":{"rendered":"<div style=\"padding-bottom:20px; padding-top:10px;\" class=\"hupso-share-buttons\"><!-- Hupso Share Buttons - https:\/\/www.hupso.com\/share\/ --><a class=\"hupso_counters\" href=\"https:\/\/www.hupso.com\/share\/\"><img src=\"http:\/\/static.hupso.com\/share\/buttons\/lang\/es\/share-small.png\" style=\"border:0px; padding-top:2px; float:left;\" alt=\"Share Button\"\/><\/a><script type=\"text\/javascript\">var hupso_services_c=new Array(\"twitter\",\"facebook_like\",\"google\");var hupso_counters_lang = \"es_LA\";var hupso_image_folder_url = \"\";var hupso_twitter_via=\"crsyvrs\";var hupso_url_c=\"\";<\/script><script type=\"text\/javascript\" src=\"http:\/\/static.hupso.com\/share\/js\/counters.js\"><\/script><!-- Hupso Share Buttons --><\/div><p>En el nuevo disco de la cantautora mexicana, que incluye una gran variedad de ritmos latinoamericanos, participan la cantante espa\u00f1ola y la folklorista argentina. Lila Downs arranca su gira de conciertos en Estados Unidos el pr\u00f3ximo 11 de agosto,&#46;&#46;&#46;<\/p>\n<div style=\"padding-bottom:20px; padding-top:10px;\" class=\"hupso-share-buttons\"><!-- Hupso Share Buttons - https:\/\/www.hupso.com\/share\/ --><a class=\"hupso_counters\" href=\"https:\/\/www.hupso.com\/share\/\"><img src=\"http:\/\/static.hupso.com\/share\/buttons\/lang\/es\/share-small.png\" style=\"border:0px; padding-top:2px; float:left;\" alt=\"Share Button\"\/><\/a><script type=\"text\/javascript\">var hupso_services_c=new Array(\"twitter\",\"facebook_like\",\"google\");var hupso_counters_lang = \"es_LA\";var hupso_image_folder_url = \"\";var hupso_twitter_via=\"crsyvrs\";var hupso_url_c=\"\";<\/script><script type=\"text\/javascript\" src=\"http:\/\/static.hupso.com\/share\/js\/counters.js\"><\/script><!-- Hupso Share Buttons --><\/div>","protected":false},"author":5,"featured_media":0,"comment_status":"open","ping_status":"open","sticky":false,"template":"","format":"standard","meta":{"footnotes":""},"categories":[3],"tags":[1136,2442,773,2444,2443],"class_list":["post-3100","post","type-post","status-publish","format-standard","hentry","category-musica","tag-folklore","tag-lila-downs","tag-mexico","tag-nina-pastori","tag-soledad-pastorutti"],"_links":{"self":[{"href":"http:\/\/cronicasyversiones.com\/index.php?rest_route=\/wp\/v2\/posts\/3100","targetHints":{"allow":["GET"]}}],"collection":[{"href":"http:\/\/cronicasyversiones.com\/index.php?rest_route=\/wp\/v2\/posts"}],"about":[{"href":"http:\/\/cronicasyversiones.com\/index.php?rest_route=\/wp\/v2\/types\/post"}],"author":[{"embeddable":true,"href":"http:\/\/cronicasyversiones.com\/index.php?rest_route=\/wp\/v2\/users\/5"}],"replies":[{"embeddable":true,"href":"http:\/\/cronicasyversiones.com\/index.php?rest_route=%2Fwp%2Fv2%2Fcomments&post=3100"}],"version-history":[{"count":0,"href":"http:\/\/cronicasyversiones.com\/index.php?rest_route=\/wp\/v2\/posts\/3100\/revisions"}],"wp:attachment":[{"href":"http:\/\/cronicasyversiones.com\/index.php?rest_route=%2Fwp%2Fv2%2Fmedia&parent=3100"}],"wp:term":[{"taxonomy":"category","embeddable":true,"href":"http:\/\/cronicasyversiones.com\/index.php?rest_route=%2Fwp%2Fv2%2Fcategories&post=3100"},{"taxonomy":"post_tag","embeddable":true,"href":"http:\/\/cronicasyversiones.com\/index.php?rest_route=%2Fwp%2Fv2%2Ftags&post=3100"}],"curies":[{"name":"wp","href":"https:\/\/api.w.org\/{rel}","templated":true}]}}