{"id":3108,"date":"2014-08-09T18:13:20","date_gmt":"2014-08-09T21:13:20","guid":{"rendered":"http:\/\/cronicasyversiones.com\/?p=3108"},"modified":"2014-08-09T18:26:59","modified_gmt":"2014-08-09T21:26:59","slug":"se-viene-el-feca-el-festival-de-cultura-augestionada","status":"publish","type":"post","link":"http:\/\/cronicasyversiones.com\/?p=3108","title":{"rendered":"Se viene el FeCA, el Festival de Cultura Augestionada"},"content":{"rendered":"<div style=\"padding-bottom:20px; padding-top:10px;\" class=\"hupso-share-buttons\"><!-- Hupso Share Buttons - https:\/\/www.hupso.com\/share\/ --><a class=\"hupso_counters\" href=\"https:\/\/www.hupso.com\/share\/\"><img decoding=\"async\" src=\"http:\/\/static.hupso.com\/share\/buttons\/lang\/es\/share-small.png\" style=\"border:0px; padding-top:2px; float:left;\" alt=\"Share Button\"\/><\/a><script type=\"text\/javascript\">var hupso_services_c=new Array(\"twitter\",\"facebook_like\",\"google\");var hupso_counters_lang = \"es_LA\";var hupso_image_folder_url = \"\";var hupso_twitter_via=\"crsyvrs\";var hupso_url_c=\"\";<\/script><script type=\"text\/javascript\" src=\"http:\/\/static.hupso.com\/share\/js\/counters.js\"><\/script><!-- Hupso Share Buttons --><\/div><h2 style=\"text-align: justify;\">Se realizar\u00e1 del 21 al 28 de septiembre en m\u00e1s de 60 espacios culturales y art\u00edsticos de la Ciudad de Buenos Aires que abrir\u00e1n sus puertas en simult\u00e1neo para compartir espect\u00e1culos en vivo.<\/h2>\n<p><a href=\"http:\/\/cronicasyversiones.com\/wp-content\/uploads\/2014\/08\/FECA.jpg\"><img loading=\"lazy\" decoding=\"async\" class=\"wp-image-3109 aligncenter\" src=\"http:\/\/cronicasyversiones.com\/wp-content\/uploads\/2014\/08\/FECA.jpg\" alt=\"FECA\" width=\"740\" height=\"555\" srcset=\"http:\/\/cronicasyversiones.com\/wp-content\/uploads\/2014\/08\/FECA.jpg 960w, http:\/\/cronicasyversiones.com\/wp-content\/uploads\/2014\/08\/FECA-300x225.jpg 300w, http:\/\/cronicasyversiones.com\/wp-content\/uploads\/2014\/08\/FECA-640x480.jpg 640w, http:\/\/cronicasyversiones.com\/wp-content\/uploads\/2014\/08\/FECA-624x468.jpg 624w\" sizes=\"auto, (max-width: 740px) 100vw, 740px\" \/><\/a><\/p>\n<p style=\"text-align: justify;\">En el <strong>Festival de Cultura Autogestionada<\/strong>, del 21 al 28 de septiembre, m\u00e1s de 60 espacios culturales y art\u00edsticos de la Ciudad de Buenos Aires abrir\u00e1n sus puertas en simult\u00e1neo para compartir espect\u00e1culos musicales, muestras de arte, proyecciones audiovisuales y performances, entre otras disciplinas.<\/p>\n<p style=\"text-align: justify;\">Adem\u00e1s, en esta edici\u00f3n del<strong> FeCA<\/strong> se organizar\u00e1n jornadas de reflexi\u00f3n, charlas y debates sobre herramientas y nuevas metodolog\u00edas de gesti\u00f3n colectiva y producci\u00f3n art\u00edstica. En los pr\u00f3ximos d\u00edas se conocer\u00e1 la programaci\u00f3n completa.<\/p>\n<p>El domingo 28 se realizar\u00e1 un gran festival de cierre en un espacio p\u00fablico, <strong>con m\u00faltiples escenarios y disciplinas<\/strong>, m\u00e1s una gran feria de libros y discos donde productores, colectivos art\u00edsticos, sellos y plataformas compartir\u00e1n sus proyectos.<\/p>\n<p style=\"text-align: justify;\">El FeCA se trata de un f<strong>estival impulsado por productores, artistas y espacios porte\u00f1os<\/strong> que entienden la gesti\u00f3n cultural como un veh\u00edculo de expresi\u00f3n art\u00edstica, una fuente de trabajo y una herramienta con capacidad de modificar socialmente el entorno<\/p>\n<p>La movida se propone promover el crecimiento del <strong>circuito cultural auto-gestionado de la Ciuda<\/strong>d, dando visibilidad a este modelo colectivo de producci\u00f3n que integra espacios, artistas, gestores culturales y p\u00fablicos, compartiendo recursos y fortaleciendo las redes de trabajo.<\/p>\n<div style=\"padding-bottom:20px; padding-top:10px;\" class=\"hupso-share-buttons\"><!-- Hupso Share Buttons - https:\/\/www.hupso.com\/share\/ --><a class=\"hupso_counters\" href=\"https:\/\/www.hupso.com\/share\/\"><img decoding=\"async\" src=\"http:\/\/static.hupso.com\/share\/buttons\/lang\/es\/share-small.png\" style=\"border:0px; padding-top:2px; float:left;\" alt=\"Share Button\"\/><\/a><script type=\"text\/javascript\">var hupso_services_c=new Array(\"twitter\",\"facebook_like\",\"google\");var hupso_counters_lang = \"es_LA\";var hupso_image_folder_url = \"\";var hupso_twitter_via=\"crsyvrs\";var hupso_url_c=\"\";<\/script><script type=\"text\/javascript\" src=\"http:\/\/static.hupso.com\/share\/js\/counters.js\"><\/script><!-- Hupso Share Buttons --><\/div> ","protected":false},"excerpt":{"rendered":"<div style=\"padding-bottom:20px; padding-top:10px;\" class=\"hupso-share-buttons\"><!-- Hupso Share Buttons - https:\/\/www.hupso.com\/share\/ --><a class=\"hupso_counters\" href=\"https:\/\/www.hupso.com\/share\/\"><img src=\"http:\/\/static.hupso.com\/share\/buttons\/lang\/es\/share-small.png\" style=\"border:0px; padding-top:2px; float:left;\" alt=\"Share Button\"\/><\/a><script type=\"text\/javascript\">var hupso_services_c=new Array(\"twitter\",\"facebook_like\",\"google\");var hupso_counters_lang = \"es_LA\";var hupso_image_folder_url = \"\";var hupso_twitter_via=\"crsyvrs\";var hupso_url_c=\"\";<\/script><script type=\"text\/javascript\" src=\"http:\/\/static.hupso.com\/share\/js\/counters.js\"><\/script><!-- Hupso Share Buttons --><\/div><p>Se realizar\u00e1 del 21 al 28 de septiembre en m\u00e1s de 60 espacios culturales y art\u00edsticos de la Ciudad de Buenos Aires que abrir\u00e1n sus puertas en simult\u00e1neo para compartir espect\u00e1culos en vivo. En el Festival de Cultura Autogestionada,&#46;&#46;&#46;<\/p>\n<div style=\"padding-bottom:20px; padding-top:10px;\" class=\"hupso-share-buttons\"><!-- Hupso Share Buttons - https:\/\/www.hupso.com\/share\/ --><a class=\"hupso_counters\" href=\"https:\/\/www.hupso.com\/share\/\"><img src=\"http:\/\/static.hupso.com\/share\/buttons\/lang\/es\/share-small.png\" style=\"border:0px; padding-top:2px; float:left;\" alt=\"Share Button\"\/><\/a><script type=\"text\/javascript\">var hupso_services_c=new Array(\"twitter\",\"facebook_like\",\"google\");var hupso_counters_lang = \"es_LA\";var hupso_image_folder_url = \"\";var hupso_twitter_via=\"crsyvrs\";var hupso_url_c=\"\";<\/script><script type=\"text\/javascript\" src=\"http:\/\/static.hupso.com\/share\/js\/counters.js\"><\/script><!-- Hupso Share Buttons --><\/div>","protected":false},"author":5,"featured_media":0,"comment_status":"open","ping_status":"open","sticky":false,"template":"","format":"standard","meta":{"footnotes":""},"categories":[9],"tags":[2453,2452,2450,2451],"class_list":["post-3108","post","type-post","status-publish","format-standard","hentry","category-sociedad","tag-ciudad-de-buenos-aires","tag-cultura-augestionada","tag-feca","tag-festival-de-cultura-autogestionada"],"_links":{"self":[{"href":"http:\/\/cronicasyversiones.com\/index.php?rest_route=\/wp\/v2\/posts\/3108","targetHints":{"allow":["GET"]}}],"collection":[{"href":"http:\/\/cronicasyversiones.com\/index.php?rest_route=\/wp\/v2\/posts"}],"about":[{"href":"http:\/\/cronicasyversiones.com\/index.php?rest_route=\/wp\/v2\/types\/post"}],"author":[{"embeddable":true,"href":"http:\/\/cronicasyversiones.com\/index.php?rest_route=\/wp\/v2\/users\/5"}],"replies":[{"embeddable":true,"href":"http:\/\/cronicasyversiones.com\/index.php?rest_route=%2Fwp%2Fv2%2Fcomments&post=3108"}],"version-history":[{"count":0,"href":"http:\/\/cronicasyversiones.com\/index.php?rest_route=\/wp\/v2\/posts\/3108\/revisions"}],"wp:attachment":[{"href":"http:\/\/cronicasyversiones.com\/index.php?rest_route=%2Fwp%2Fv2%2Fmedia&parent=3108"}],"wp:term":[{"taxonomy":"category","embeddable":true,"href":"http:\/\/cronicasyversiones.com\/index.php?rest_route=%2Fwp%2Fv2%2Fcategories&post=3108"},{"taxonomy":"post_tag","embeddable":true,"href":"http:\/\/cronicasyversiones.com\/index.php?rest_route=%2Fwp%2Fv2%2Ftags&post=3108"}],"curies":[{"name":"wp","href":"https:\/\/api.w.org\/{rel}","templated":true}]}}