{"id":31116,"date":"2021-06-17T08:33:40","date_gmt":"2021-06-17T11:33:40","guid":{"rendered":"http:\/\/cronicasyversiones.com\/?p=31116"},"modified":"2021-06-17T08:33:41","modified_gmt":"2021-06-17T11:33:41","slug":"katla-la-primera-serie-islandesa-de-netflix","status":"publish","type":"post","link":"http:\/\/cronicasyversiones.com\/?p=31116","title":{"rendered":"\u00abKatla\u00bb, la primera serie islandesa de Netflix"},"content":{"rendered":"<div style=\"padding-bottom:20px; padding-top:10px;\" class=\"hupso-share-buttons\"><!-- Hupso Share Buttons - https:\/\/www.hupso.com\/share\/ --><a class=\"hupso_counters\" href=\"https:\/\/www.hupso.com\/share\/\"><img decoding=\"async\" src=\"http:\/\/static.hupso.com\/share\/buttons\/lang\/es\/share-small.png\" style=\"border:0px; padding-top:2px; float:left;\" alt=\"Share Button\"\/><\/a><script type=\"text\/javascript\">var hupso_services_c=new Array(\"twitter\",\"facebook_like\",\"google\");var hupso_counters_lang = \"es_LA\";var hupso_image_folder_url = \"\";var hupso_twitter_via=\"crsyvrs\";var hupso_url_c=\"\";<\/script><script type=\"text\/javascript\" src=\"http:\/\/static.hupso.com\/share\/js\/counters.js\"><\/script><!-- Hupso Share Buttons --><\/div><h2>La historia trata sobre la erupci\u00f3n del volc\u00e1n subglacial Katla y las consecuencias que surgen a un a\u00f1o del fen\u00f3meno natural.<\/h2>\n<p><img loading=\"lazy\" decoding=\"async\" class=\" wp-image-31117 aligncenter\" src=\"http:\/\/cronicasyversiones.com\/wp-content\/uploads\/2021\/06\/serie.jpg\" alt=\"\" width=\"764\" height=\"509\" srcset=\"http:\/\/cronicasyversiones.com\/wp-content\/uploads\/2021\/06\/serie.jpg 750w, http:\/\/cronicasyversiones.com\/wp-content\/uploads\/2021\/06\/serie-300x200.jpg 300w, http:\/\/cronicasyversiones.com\/wp-content\/uploads\/2021\/06\/serie-480x320.jpg 480w\" sizes=\"auto, (max-width: 764px) 100vw, 764px\" \/><\/p>\n<p><strong>Netflix<\/strong> presenta<em><strong> \u00abKatla\u00bb<\/strong><\/em>, la primera serie original de origen island\u00e9s, creada por Baltasar Korm\u00e1kur y Sigurj\u00f3n Kjartansson y consta de ocho cap\u00edtulos que giran alrededor de la erupci\u00f3n del volc\u00e1n subglacial Katla y las consecuencias que surgen a un a\u00f1o del fen\u00f3meno natural.<\/p>\n<p>Todo comienza con la sorpresiva aparici\u00f3n de As\u00e1 P\u00f3rsd\u00f3ttir (\u00cdris Tanja Flygenring), una joven que estuvo perdida durante un a\u00f1o y a la que daban por muerta. Pero ya no es la misma de antes, ni recuerda por lo que pas\u00f3 durante tantos meses lejos de su casa.<\/p>\n<p><strong>&nbsp;Y su caso se ver\u00e1 replicado en otros habitantes del pueblo ficticio de Vik.<\/strong> Adem\u00e1s, tambi\u00e9n emerger\u00e1n del glaciar distintos elementos que permanecieron congelados durante miles de a\u00f1os y desencadenar\u00e1n distintos procesos sobrenaturales.<\/p>\n<p><iframe loading=\"lazy\" title=\"YouTube video player\" src=\"https:\/\/www.youtube.com\/embed\/rqA7t6_CDjE\" width=\"600\" height=\"350\" frameborder=\"0\" allowfullscreen=\"allowfullscreen\"><span data-mce-type=\"bookmark\" style=\"display: inline-block; width: 0px; overflow: hidden; line-height: 0;\" class=\"mce_SELRES_start\">?<\/span><\/iframe><\/p>\n<p>La serie no solo promete suspenso a lo largo de toda su primera temporada, lograda de la mano de una fotograf\u00eda fr\u00eda y tenebrosa, sino que mantendr\u00e1 a sus espectadores constantemente en alerta para poder entender la trama, en la que no faltar\u00e1n los viajes en el tiempo y teor\u00edas varias sobre los motivos por los que la naturaleza se manifiesta agresivamente.<\/p>\n<p>El elenco se completa con <strong>Ingvar Sigur\u00f0sson, Bj\u00f6rn Thors, Gu\u00f0r\u00fan \u00ddr Eyfj\u00f6r\u00f0, Aliette Opheim, \u00deorsteinn Bachmann y S\u00f3lveig Arnarsd\u00f3ttir.<\/strong><\/p>\n<p>Baltasar Korm\u00e1kur, que anteriormente dirigi\u00f3 \u00abEverest\u00bb (2015), \u00abLo profundo\u00bb (2012) y \u00abContrabando\u00bb (2012), entre otras pel\u00edculas, comenz\u00f3 a trabajar en la serie en 2019.<\/p>\n<div style=\"padding-bottom:20px; padding-top:10px;\" class=\"hupso-share-buttons\"><!-- Hupso Share Buttons - https:\/\/www.hupso.com\/share\/ --><a class=\"hupso_counters\" href=\"https:\/\/www.hupso.com\/share\/\"><img decoding=\"async\" src=\"http:\/\/static.hupso.com\/share\/buttons\/lang\/es\/share-small.png\" style=\"border:0px; padding-top:2px; float:left;\" alt=\"Share Button\"\/><\/a><script type=\"text\/javascript\">var hupso_services_c=new Array(\"twitter\",\"facebook_like\",\"google\");var hupso_counters_lang = \"es_LA\";var hupso_image_folder_url = \"\";var hupso_twitter_via=\"crsyvrs\";var hupso_url_c=\"\";<\/script><script type=\"text\/javascript\" src=\"http:\/\/static.hupso.com\/share\/js\/counters.js\"><\/script><!-- Hupso Share Buttons --><\/div> ","protected":false},"excerpt":{"rendered":"<div style=\"padding-bottom:20px; padding-top:10px;\" class=\"hupso-share-buttons\"><!-- Hupso Share Buttons - https:\/\/www.hupso.com\/share\/ --><a class=\"hupso_counters\" href=\"https:\/\/www.hupso.com\/share\/\"><img src=\"http:\/\/static.hupso.com\/share\/buttons\/lang\/es\/share-small.png\" style=\"border:0px; padding-top:2px; float:left;\" alt=\"Share Button\"\/><\/a><script type=\"text\/javascript\">var hupso_services_c=new Array(\"twitter\",\"facebook_like\",\"google\");var hupso_counters_lang = \"es_LA\";var hupso_image_folder_url = \"\";var hupso_twitter_via=\"crsyvrs\";var hupso_url_c=\"\";<\/script><script type=\"text\/javascript\" src=\"http:\/\/static.hupso.com\/share\/js\/counters.js\"><\/script><!-- Hupso Share Buttons --><\/div><p>La historia trata sobre la erupci\u00f3n del volc\u00e1n subglacial Katla y las consecuencias que surgen a un a\u00f1o del fen\u00f3meno natural. Netflix presenta \u00abKatla\u00bb, la primera serie original de origen island\u00e9s, creada por Baltasar Korm\u00e1kur y Sigurj\u00f3n Kjartansson y&#46;&#46;&#46;<\/p>\n<div style=\"padding-bottom:20px; padding-top:10px;\" class=\"hupso-share-buttons\"><!-- Hupso Share Buttons - https:\/\/www.hupso.com\/share\/ --><a class=\"hupso_counters\" href=\"https:\/\/www.hupso.com\/share\/\"><img src=\"http:\/\/static.hupso.com\/share\/buttons\/lang\/es\/share-small.png\" style=\"border:0px; padding-top:2px; float:left;\" alt=\"Share Button\"\/><\/a><script type=\"text\/javascript\">var hupso_services_c=new Array(\"twitter\",\"facebook_like\",\"google\");var hupso_counters_lang = \"es_LA\";var hupso_image_folder_url = \"\";var hupso_twitter_via=\"crsyvrs\";var hupso_url_c=\"\";<\/script><script type=\"text\/javascript\" src=\"http:\/\/static.hupso.com\/share\/js\/counters.js\"><\/script><!-- Hupso Share Buttons --><\/div>","protected":false},"author":5,"featured_media":31117,"comment_status":"closed","ping_status":"closed","sticky":false,"template":"","format":"standard","meta":{"footnotes":""},"categories":[6],"tags":[3095],"class_list":["post-31116","post","type-post","status-publish","format-standard","has-post-thumbnail","hentry","category-radio-y-tv","tag-netfllix"],"_links":{"self":[{"href":"http:\/\/cronicasyversiones.com\/index.php?rest_route=\/wp\/v2\/posts\/31116","targetHints":{"allow":["GET"]}}],"collection":[{"href":"http:\/\/cronicasyversiones.com\/index.php?rest_route=\/wp\/v2\/posts"}],"about":[{"href":"http:\/\/cronicasyversiones.com\/index.php?rest_route=\/wp\/v2\/types\/post"}],"author":[{"embeddable":true,"href":"http:\/\/cronicasyversiones.com\/index.php?rest_route=\/wp\/v2\/users\/5"}],"replies":[{"embeddable":true,"href":"http:\/\/cronicasyversiones.com\/index.php?rest_route=%2Fwp%2Fv2%2Fcomments&post=31116"}],"version-history":[{"count":2,"href":"http:\/\/cronicasyversiones.com\/index.php?rest_route=\/wp\/v2\/posts\/31116\/revisions"}],"predecessor-version":[{"id":31143,"href":"http:\/\/cronicasyversiones.com\/index.php?rest_route=\/wp\/v2\/posts\/31116\/revisions\/31143"}],"wp:featuredmedia":[{"embeddable":true,"href":"http:\/\/cronicasyversiones.com\/index.php?rest_route=\/wp\/v2\/media\/31117"}],"wp:attachment":[{"href":"http:\/\/cronicasyversiones.com\/index.php?rest_route=%2Fwp%2Fv2%2Fmedia&parent=31116"}],"wp:term":[{"taxonomy":"category","embeddable":true,"href":"http:\/\/cronicasyversiones.com\/index.php?rest_route=%2Fwp%2Fv2%2Fcategories&post=31116"},{"taxonomy":"post_tag","embeddable":true,"href":"http:\/\/cronicasyversiones.com\/index.php?rest_route=%2Fwp%2Fv2%2Ftags&post=31116"}],"curies":[{"name":"wp","href":"https:\/\/api.w.org\/{rel}","templated":true}]}}