{"id":3112,"date":"2014-08-10T10:41:07","date_gmt":"2014-08-10T13:41:07","guid":{"rendered":"http:\/\/cronicasyversiones.com\/?p=3112"},"modified":"2014-08-10T10:41:07","modified_gmt":"2014-08-10T13:41:07","slug":"arranca-la-novena-temporada-de-peter-capusotto-y-sus-videos","status":"publish","type":"post","link":"http:\/\/cronicasyversiones.com\/?p=3112","title":{"rendered":"Arranca la novena temporada de  \u201cPeter Capusotto y sus videos\u201d"},"content":{"rendered":"<div style=\"padding-bottom:20px; padding-top:10px;\" class=\"hupso-share-buttons\"><!-- Hupso Share Buttons - https:\/\/www.hupso.com\/share\/ --><a class=\"hupso_counters\" href=\"https:\/\/www.hupso.com\/share\/\"><img decoding=\"async\" src=\"http:\/\/static.hupso.com\/share\/buttons\/lang\/es\/share-small.png\" style=\"border:0px; padding-top:2px; float:left;\" alt=\"Share Button\"\/><\/a><script type=\"text\/javascript\">var hupso_services_c=new Array(\"twitter\",\"facebook_like\",\"google\");var hupso_counters_lang = \"es_LA\";var hupso_image_folder_url = \"\";var hupso_twitter_via=\"crsyvrs\";var hupso_url_c=\"\";<\/script><script type=\"text\/javascript\" src=\"http:\/\/static.hupso.com\/share\/js\/counters.js\"><\/script><!-- Hupso Share Buttons --><\/div><h2 style=\"text-align: justify;\">El programa creado por el actor y su secuaz Pedro Saborido vuelve a la pantalla el lunes 25 de agosto. El ciclo aborda en clave sat\u00edrica a los clich\u00e9s de la cultura rock.<\/h2>\n<p><a href=\"http:\/\/cronicasyversiones.com\/wp-content\/uploads\/2014\/08\/peter-cappusotto.jpg\"><img loading=\"lazy\" decoding=\"async\" class=\"size-full wp-image-3113 aligncenter\" src=\"http:\/\/cronicasyversiones.com\/wp-content\/uploads\/2014\/08\/peter-cappusotto.jpg\" alt=\"peter-cappusotto\" width=\"700\" height=\"350\" srcset=\"http:\/\/cronicasyversiones.com\/wp-content\/uploads\/2014\/08\/peter-cappusotto.jpg 700w, http:\/\/cronicasyversiones.com\/wp-content\/uploads\/2014\/08\/peter-cappusotto-300x150.jpg 300w, http:\/\/cronicasyversiones.com\/wp-content\/uploads\/2014\/08\/peter-cappusotto-624x312.jpg 624w\" sizes=\"auto, (max-width: 700px) 100vw, 700px\" \/><\/a><\/p>\n<p style=\"text-align: justify;\"><em><strong>\u00abPeter Capusotto y sus videos\u00bb<\/strong> <\/em>irrumpir\u00e1 en pantalla con su novena temporada en la <strong>TV P\u00fablica<\/strong> a partir del lunes 25 de agosto, aunque su presencia trasciende largamente los ciclos televisivos y todo indicaba que este a\u00f1o no estar\u00eda al aire con programas nuevos.<\/p>\n<p style=\"text-align: justify;\">El ciclo protagonizado por <strong>Diego Capusotto<\/strong> y sostenido en los guiones que el actor crea junto a su secuaz <strong>Pedro Saborido<\/strong>, volver\u00e1 a abordar en clave burlona y sat\u00edrica los pliegues y clich\u00e9s de la cultura rock y su presencia en la vida cotidiana.<\/p>\n<p style=\"text-align: justify;\">La propuesta que instal\u00f3 una galer\u00eda de personajes que forman parte de las perlas de la televisi\u00f3n, como <strong>Pomelo, Luis Almirante Brown, Violencia Rivas y Bombita Rodr\u00edguez<\/strong>, entre otros, volver\u00e1 a sumar los videos rockeros seleccionados por <strong>Marcelo Iconomidis<\/strong>, quien es due\u00f1o de suculento archivo de im\u00e1genes.<\/p>\n<p style=\"text-align: justify;\">Al margen de la presencia televisiva del ciclo, el programa es un verdadero furor en <strong>YouTube<\/strong> y los sketchs de sus distintos personajes suman a diario miles de repeticiones de su fans, en especial de los primeros episodios.<\/p>\n<p><object width=\"560\" height=\"315\"><param name=\"movie\" value=\"\/\/www.youtube.com\/v\/7r_biZFMwI8?version=3&amp;hl=es_MX\"><\/param><param name=\"allowFullScreen\" value=\"true\"><\/param><param name=\"allowscriptaccess\" value=\"always\"><\/param><embed src=\"\/\/www.youtube.com\/v\/7r_biZFMwI8?version=3&amp;hl=es_MX\" type=\"application\/x-shockwave-flash\" width=\"560\" height=\"315\" allowscriptaccess=\"always\" allowfullscreen=\"true\"><\/embed><\/object><\/p>\n<div style=\"padding-bottom:20px; padding-top:10px;\" class=\"hupso-share-buttons\"><!-- Hupso Share Buttons - https:\/\/www.hupso.com\/share\/ --><a class=\"hupso_counters\" href=\"https:\/\/www.hupso.com\/share\/\"><img decoding=\"async\" src=\"http:\/\/static.hupso.com\/share\/buttons\/lang\/es\/share-small.png\" style=\"border:0px; padding-top:2px; float:left;\" alt=\"Share Button\"\/><\/a><script type=\"text\/javascript\">var hupso_services_c=new Array(\"twitter\",\"facebook_like\",\"google\");var hupso_counters_lang = \"es_LA\";var hupso_image_folder_url = \"\";var hupso_twitter_via=\"crsyvrs\";var hupso_url_c=\"\";<\/script><script type=\"text\/javascript\" src=\"http:\/\/static.hupso.com\/share\/js\/counters.js\"><\/script><!-- Hupso Share Buttons --><\/div> ","protected":false},"excerpt":{"rendered":"<div style=\"padding-bottom:20px; padding-top:10px;\" class=\"hupso-share-buttons\"><!-- Hupso Share Buttons - https:\/\/www.hupso.com\/share\/ --><a class=\"hupso_counters\" href=\"https:\/\/www.hupso.com\/share\/\"><img src=\"http:\/\/static.hupso.com\/share\/buttons\/lang\/es\/share-small.png\" style=\"border:0px; padding-top:2px; float:left;\" alt=\"Share Button\"\/><\/a><script type=\"text\/javascript\">var hupso_services_c=new Array(\"twitter\",\"facebook_like\",\"google\");var hupso_counters_lang = \"es_LA\";var hupso_image_folder_url = \"\";var hupso_twitter_via=\"crsyvrs\";var hupso_url_c=\"\";<\/script><script type=\"text\/javascript\" src=\"http:\/\/static.hupso.com\/share\/js\/counters.js\"><\/script><!-- Hupso Share Buttons --><\/div><p>El programa creado por el actor y su secuaz Pedro Saborido vuelve a la pantalla el lunes 25 de agosto. El ciclo aborda en clave sat\u00edrica a los clich\u00e9s de la cultura rock. \u00abPeter Capusotto y sus videos\u00bb irrumpir\u00e1&#46;&#46;&#46;<\/p>\n<div style=\"padding-bottom:20px; padding-top:10px;\" class=\"hupso-share-buttons\"><!-- Hupso Share Buttons - https:\/\/www.hupso.com\/share\/ --><a class=\"hupso_counters\" href=\"https:\/\/www.hupso.com\/share\/\"><img src=\"http:\/\/static.hupso.com\/share\/buttons\/lang\/es\/share-small.png\" style=\"border:0px; padding-top:2px; float:left;\" alt=\"Share Button\"\/><\/a><script type=\"text\/javascript\">var hupso_services_c=new Array(\"twitter\",\"facebook_like\",\"google\");var hupso_counters_lang = \"es_LA\";var hupso_image_folder_url = \"\";var hupso_twitter_via=\"crsyvrs\";var hupso_url_c=\"\";<\/script><script type=\"text\/javascript\" src=\"http:\/\/static.hupso.com\/share\/js\/counters.js\"><\/script><!-- Hupso Share Buttons --><\/div>","protected":false},"author":5,"featured_media":0,"comment_status":"open","ping_status":"open","sticky":false,"template":"","format":"standard","meta":{"footnotes":""},"categories":[6],"tags":[2314,2457,2455,2454,2456,2168,2458],"class_list":["post-3112","post","type-post","status-publish","format-standard","hentry","category-radio-y-tv","tag-diego-capusotto","tag-luis-almirante-brown","tag-pedro-saborido","tag-peter-capusotto","tag-pomelo","tag-tv-publica","tag-violencia-rivas"],"_links":{"self":[{"href":"http:\/\/cronicasyversiones.com\/index.php?rest_route=\/wp\/v2\/posts\/3112","targetHints":{"allow":["GET"]}}],"collection":[{"href":"http:\/\/cronicasyversiones.com\/index.php?rest_route=\/wp\/v2\/posts"}],"about":[{"href":"http:\/\/cronicasyversiones.com\/index.php?rest_route=\/wp\/v2\/types\/post"}],"author":[{"embeddable":true,"href":"http:\/\/cronicasyversiones.com\/index.php?rest_route=\/wp\/v2\/users\/5"}],"replies":[{"embeddable":true,"href":"http:\/\/cronicasyversiones.com\/index.php?rest_route=%2Fwp%2Fv2%2Fcomments&post=3112"}],"version-history":[{"count":0,"href":"http:\/\/cronicasyversiones.com\/index.php?rest_route=\/wp\/v2\/posts\/3112\/revisions"}],"wp:attachment":[{"href":"http:\/\/cronicasyversiones.com\/index.php?rest_route=%2Fwp%2Fv2%2Fmedia&parent=3112"}],"wp:term":[{"taxonomy":"category","embeddable":true,"href":"http:\/\/cronicasyversiones.com\/index.php?rest_route=%2Fwp%2Fv2%2Fcategories&post=3112"},{"taxonomy":"post_tag","embeddable":true,"href":"http:\/\/cronicasyversiones.com\/index.php?rest_route=%2Fwp%2Fv2%2Ftags&post=3112"}],"curies":[{"name":"wp","href":"https:\/\/api.w.org\/{rel}","templated":true}]}}