{"id":31184,"date":"2021-06-23T08:39:46","date_gmt":"2021-06-23T11:39:46","guid":{"rendered":"http:\/\/cronicasyversiones.com\/?p=31184"},"modified":"2021-06-23T08:39:47","modified_gmt":"2021-06-23T11:39:47","slug":"massacre-celebra-el-lanzamiento-en-vinillo-de-el-mamut","status":"publish","type":"post","link":"http:\/\/cronicasyversiones.com\/?p=31184","title":{"rendered":"Massacre celebra el lanzamiento en vinillo de \u201cEl Mamut\u201d"},"content":{"rendered":"<div style=\"padding-bottom:20px; padding-top:10px;\" class=\"hupso-share-buttons\"><!-- Hupso Share Buttons - https:\/\/www.hupso.com\/share\/ --><a class=\"hupso_counters\" href=\"https:\/\/www.hupso.com\/share\/\"><img decoding=\"async\" src=\"http:\/\/static.hupso.com\/share\/buttons\/lang\/es\/share-small.png\" style=\"border:0px; padding-top:2px; float:left;\" alt=\"Share Button\"\/><\/a><script type=\"text\/javascript\">var hupso_services_c=new Array(\"twitter\",\"facebook_like\",\"google\");var hupso_counters_lang = \"es_LA\";var hupso_image_folder_url = \"\";var hupso_twitter_via=\"crsyvrs\";var hupso_url_c=\"\";<\/script><script type=\"text\/javascript\" src=\"http:\/\/static.hupso.com\/share\/js\/counters.js\"><\/script><!-- Hupso Share Buttons --><\/div><h2>Festejar\u00e1 la reedici\u00f3n de su ic\u00f3nico disco &nbsp;con un recital en vivo que ofrecer\u00e1 el s\u00e1bado 3 de julio a en el Teatro Coliseo.<\/h2>\n<p><img loading=\"lazy\" decoding=\"async\" class=\"wp-image-31185 aligncenter\" src=\"http:\/\/cronicasyversiones.com\/wp-content\/uploads\/2021\/06\/masacre-1024x683.jpg\" alt=\"\" width=\"756\" height=\"504\" srcset=\"http:\/\/cronicasyversiones.com\/wp-content\/uploads\/2021\/06\/masacre-1024x683.jpg 1024w, http:\/\/cronicasyversiones.com\/wp-content\/uploads\/2021\/06\/masacre-300x200.jpg 300w, http:\/\/cronicasyversiones.com\/wp-content\/uploads\/2021\/06\/masacre-768x512.jpg 768w, http:\/\/cronicasyversiones.com\/wp-content\/uploads\/2021\/06\/masacre-1536x1024.jpg 1536w, http:\/\/cronicasyversiones.com\/wp-content\/uploads\/2021\/06\/masacre-480x320.jpg 480w, http:\/\/cronicasyversiones.com\/wp-content\/uploads\/2021\/06\/masacre.jpg 2048w\" sizes=\"auto, (max-width: 756px) 100vw, 756px\" \/><\/p>\n<p><strong>Massacre<\/strong> celebrar\u00e1 festejar\u00e1 con su p\u00fablico la edici\u00f3n en vinilo de su emblem\u00e1tico disco <em><strong>\u201cEl Mamut\u201d<\/strong> <\/em>(2007) con un recital en vivo que ofrecer\u00e1 el s\u00e1bado 3 de julio a las 20.30 en el <strong>Teatro Coliseo<\/strong> y que marcar\u00e1 su regreso a los escenarios.<\/p>\n<p dir=\"ltr\"><span id=\"x_m_-923551031915151419m_2041202574776926442docs-internal-guid-c2899b93-7fff-423b-cd1b-2d6e58d86a52\"><span style=\"color: #000000;\">A m\u00e1s de una d\u00e9cada de la edici\u00f3n de <em><strong>\u00abEl Mamut\u00bb<\/strong><\/em> (2007), el emblem\u00e1tico&nbsp; trabajo que le valiera al grupo la consagraci\u00f3n definitiva del p\u00fablico, sus colegas m\u00fasicos y la prensa, <strong><span class=\"markps307vuxf\" data-markjs=\"true\" data-ogac=\"\" data-ogab=\"\" data-ogsc=\"\" data-ogsb=\"\">Massacre<\/span><\/strong>&nbsp;se presenta en vivo para celebrar la tan ansiada edici\u00f3n en vinilo.<\/span><\/span><\/p>\n<div><span style=\"color: #000000;\">&nbsp;<\/span><span id=\"x_m_-923551031915151419m_2041202574776926442docs-internal-guid-c2899b93-7fff-423b-cd1b-2d6e58d86a52\"><span style=\"color: #000000;\">Creadores de un nuevo y arriesgado lenguaje donde el punk, la poes\u00eda, y el existencialismo conviven en inquietante armon\u00eda, la banda se transform\u00f3 en un referente indiscutido de la escena argentina a partir de esta obra.<\/span><\/span><\/div>\n<p dir=\"ltr\"><span id=\"x_m_-923551031915151419m_2041202574776926442docs-internal-guid-c2899b93-7fff-423b-cd1b-2d6e58d86a52\"><span style=\"color: #000000;\">Tras&nbsp; d\u00e9cadas de experimentaci\u00f3n constante y luego de trajinar todos los circuitos, El Mamut acaso sea la s\u00edntesis m\u00e1s acabada de la propuesta art\u00edstica del grupo hasta ahora: libres y apasionadas, salvajes y d\u00f3ciles, fieles a s\u00ed mismas y a la eterna esencia indie rock que las insufla, las canciones de este disco conmueven con punter\u00eda artera y mantienen la vigencia de las grandes obras<\/span><\/span><\/p>\n<blockquote><p>\u201cPara celebrar el lanzamiento de este vinilo Massacre inicia su gira El Mamut 2021, donde prometen recorrer todas sus canciones, en una experiencia sensorial con sonido actual, imprimi\u00e9ndole en vivo la furia a la que nos tienen acostumbrados\u201d, expresa un comunicado la banda pionera del skate rock y del rock alternativo en la Argentina.<\/p><\/blockquote>\n<p>Las entradas por asistir a este show programado respetando todos los cuidados y protocolos pertinentes en este contexto, pueden conseguirse a trav\u00e9s del sistema Ticketek.<\/p>\n<div style=\"padding-bottom:20px; padding-top:10px;\" class=\"hupso-share-buttons\"><!-- Hupso Share Buttons - https:\/\/www.hupso.com\/share\/ --><a class=\"hupso_counters\" href=\"https:\/\/www.hupso.com\/share\/\"><img decoding=\"async\" src=\"http:\/\/static.hupso.com\/share\/buttons\/lang\/es\/share-small.png\" style=\"border:0px; padding-top:2px; float:left;\" alt=\"Share Button\"\/><\/a><script type=\"text\/javascript\">var hupso_services_c=new Array(\"twitter\",\"facebook_like\",\"google\");var hupso_counters_lang = \"es_LA\";var hupso_image_folder_url = \"\";var hupso_twitter_via=\"crsyvrs\";var hupso_url_c=\"\";<\/script><script type=\"text\/javascript\" src=\"http:\/\/static.hupso.com\/share\/js\/counters.js\"><\/script><!-- Hupso Share Buttons --><\/div> ","protected":false},"excerpt":{"rendered":"<div style=\"padding-bottom:20px; padding-top:10px;\" class=\"hupso-share-buttons\"><!-- Hupso Share Buttons - https:\/\/www.hupso.com\/share\/ --><a class=\"hupso_counters\" href=\"https:\/\/www.hupso.com\/share\/\"><img src=\"http:\/\/static.hupso.com\/share\/buttons\/lang\/es\/share-small.png\" style=\"border:0px; padding-top:2px; float:left;\" alt=\"Share Button\"\/><\/a><script type=\"text\/javascript\">var hupso_services_c=new Array(\"twitter\",\"facebook_like\",\"google\");var hupso_counters_lang = \"es_LA\";var hupso_image_folder_url = \"\";var hupso_twitter_via=\"crsyvrs\";var hupso_url_c=\"\";<\/script><script type=\"text\/javascript\" src=\"http:\/\/static.hupso.com\/share\/js\/counters.js\"><\/script><!-- Hupso Share Buttons --><\/div><p>Festejar\u00e1 la reedici\u00f3n de su ic\u00f3nico disco &nbsp;con un recital en vivo que ofrecer\u00e1 el s\u00e1bado 3 de julio a en el Teatro Coliseo. Massacre celebrar\u00e1 festejar\u00e1 con su p\u00fablico la edici\u00f3n en vinilo de su emblem\u00e1tico disco \u201cEl&#46;&#46;&#46;<\/p>\n<div style=\"padding-bottom:20px; padding-top:10px;\" class=\"hupso-share-buttons\"><!-- Hupso Share Buttons - https:\/\/www.hupso.com\/share\/ --><a class=\"hupso_counters\" href=\"https:\/\/www.hupso.com\/share\/\"><img src=\"http:\/\/static.hupso.com\/share\/buttons\/lang\/es\/share-small.png\" style=\"border:0px; padding-top:2px; float:left;\" alt=\"Share Button\"\/><\/a><script type=\"text\/javascript\">var hupso_services_c=new Array(\"twitter\",\"facebook_like\",\"google\");var hupso_counters_lang = \"es_LA\";var hupso_image_folder_url = \"\";var hupso_twitter_via=\"crsyvrs\";var hupso_url_c=\"\";<\/script><script type=\"text\/javascript\" src=\"http:\/\/static.hupso.com\/share\/js\/counters.js\"><\/script><!-- Hupso Share Buttons --><\/div>","protected":false},"author":5,"featured_media":31185,"comment_status":"closed","ping_status":"closed","sticky":false,"template":"","format":"standard","meta":{"footnotes":""},"categories":[3],"tags":[5960],"class_list":["post-31184","post","type-post","status-publish","format-standard","has-post-thumbnail","hentry","category-musica","tag-massacre"],"_links":{"self":[{"href":"http:\/\/cronicasyversiones.com\/index.php?rest_route=\/wp\/v2\/posts\/31184","targetHints":{"allow":["GET"]}}],"collection":[{"href":"http:\/\/cronicasyversiones.com\/index.php?rest_route=\/wp\/v2\/posts"}],"about":[{"href":"http:\/\/cronicasyversiones.com\/index.php?rest_route=\/wp\/v2\/types\/post"}],"author":[{"embeddable":true,"href":"http:\/\/cronicasyversiones.com\/index.php?rest_route=\/wp\/v2\/users\/5"}],"replies":[{"embeddable":true,"href":"http:\/\/cronicasyversiones.com\/index.php?rest_route=%2Fwp%2Fv2%2Fcomments&post=31184"}],"version-history":[{"count":2,"href":"http:\/\/cronicasyversiones.com\/index.php?rest_route=\/wp\/v2\/posts\/31184\/revisions"}],"predecessor-version":[{"id":31207,"href":"http:\/\/cronicasyversiones.com\/index.php?rest_route=\/wp\/v2\/posts\/31184\/revisions\/31207"}],"wp:featuredmedia":[{"embeddable":true,"href":"http:\/\/cronicasyversiones.com\/index.php?rest_route=\/wp\/v2\/media\/31185"}],"wp:attachment":[{"href":"http:\/\/cronicasyversiones.com\/index.php?rest_route=%2Fwp%2Fv2%2Fmedia&parent=31184"}],"wp:term":[{"taxonomy":"category","embeddable":true,"href":"http:\/\/cronicasyversiones.com\/index.php?rest_route=%2Fwp%2Fv2%2Fcategories&post=31184"},{"taxonomy":"post_tag","embeddable":true,"href":"http:\/\/cronicasyversiones.com\/index.php?rest_route=%2Fwp%2Fv2%2Ftags&post=31184"}],"curies":[{"name":"wp","href":"https:\/\/api.w.org\/{rel}","templated":true}]}}