{"id":31395,"date":"2021-07-11T09:52:27","date_gmt":"2021-07-11T12:52:27","guid":{"rendered":"http:\/\/cronicasyversiones.com\/?p=31395"},"modified":"2021-07-11T09:52:27","modified_gmt":"2021-07-11T12:52:27","slug":"otras-puertas-otros-mundos-el-nueva-cancion-de-skay","status":"publish","type":"post","link":"http:\/\/cronicasyversiones.com\/?p=31395","title":{"rendered":"\u00abOtras puertas otros mundos\u00bb, el nueva canci\u00f3n de Skay"},"content":{"rendered":"<div style=\"padding-bottom:20px; padding-top:10px;\" class=\"hupso-share-buttons\"><!-- Hupso Share Buttons - https:\/\/www.hupso.com\/share\/ --><a class=\"hupso_counters\" href=\"https:\/\/www.hupso.com\/share\/\"><img decoding=\"async\" src=\"http:\/\/static.hupso.com\/share\/buttons\/lang\/es\/share-small.png\" style=\"border:0px; padding-top:2px; float:left;\" alt=\"Share Button\"\/><\/a><script type=\"text\/javascript\">var hupso_services_c=new Array(\"twitter\",\"facebook_like\",\"google\");var hupso_counters_lang = \"es_LA\";var hupso_image_folder_url = \"\";var hupso_twitter_via=\"crsyvrs\";var hupso_url_c=\"\";<\/script><script type=\"text\/javascript\" src=\"http:\/\/static.hupso.com\/share\/js\/counters.js\"><\/script><!-- Hupso Share Buttons --><\/div><h2>Se trata de tercera entrega desde 2019 cuando public\u00f3 el s\u00e9ptimo disco de su andar solista, \u00abEn el coraz\u00f3n del laberinto\u00bb.<\/h2>\n<p><img loading=\"lazy\" decoding=\"async\" class=\"wp-image-31396 aligncenter\" src=\"http:\/\/cronicasyversiones.com\/wp-content\/uploads\/2021\/07\/5fe30eb27a2be_1004x565.jpg\" alt=\"\" width=\"769\" height=\"433\" srcset=\"http:\/\/cronicasyversiones.com\/wp-content\/uploads\/2021\/07\/5fe30eb27a2be_1004x565.jpg 1004w, http:\/\/cronicasyversiones.com\/wp-content\/uploads\/2021\/07\/5fe30eb27a2be_1004x565-300x169.jpg 300w, http:\/\/cronicasyversiones.com\/wp-content\/uploads\/2021\/07\/5fe30eb27a2be_1004x565-768x432.jpg 768w\" sizes=\"auto, (max-width: 769px) 100vw, 769px\" \/><\/p>\n<p><strong>Skay Beilinson<\/strong> public\u00f3 <em><strong>\u00abOtras puertas otros mundos\u00bb,<\/strong><\/em> su tercera canci\u00f3n desde 2019 cuando public\u00f3 el s\u00e9ptimo disco de su andar solista,<em><strong> \u00abEn el coraz\u00f3n del laberinto\u00bb.<\/strong><\/em><\/p>\n<blockquote><p>El m\u00fasico, compositor y cantante hab\u00eda adelantado el jueves en sus redes sociales \u201c\u00bfY si escuchamos una nueva canci\u00f3n?\u201d y la pregunta tuvo respuesta este s\u00e1bado.<\/p><\/blockquote>\n<p>El tema \u00a0que se inscribe en el abrasador y envolvente universo rockero de Skay comienza diciendo <em><strong>\u201cOtras puertas otros mundos, otros fuegos nuevos rumbos\u201d.<\/strong><\/em><\/p>\n<p><iframe loading=\"lazy\" title=\"YouTube video player\" src=\"https:\/\/www.youtube.com\/embed\/bhpVdmYeIJY\" width=\"560\" height=\"315\" frameborder=\"0\" allowfullscreen=\"allowfullscreen\"><\/iframe><\/p>\n<p>Una nota de prensa en torno al lanzamiento se\u00f1al\u00f3 que a partir del tema \u201cpodremos vislumbrar que nada est\u00e1 escrito en nuestro destino. El mismo que vemos como obra del azar, tan arraigado a esa idea como nuestra imaginaci\u00f3n lo permita\u201d.<\/p>\n<p>Beilinson, de 69 a\u00f1os, y l\u00edder creativo del Indio \u00a0de Los Redonditos de Ricota, a\u00f1ade una nueva entrega sonora que antes tuvo a \u00ab\u00a1Corre, corre, corre!\u00bb y \u00abUn fugaz resplandor\u00bb.<\/p>\n<p>Junto a su banda Los Fakires adem\u00e1s public\u00f3 los \u00e1lbumes \u201cA trav\u00e9s del Mar de los Sargazos\u201d (2002), \u201cTalism\u00e1n\u201d (2004), \u201cLa Marca de Ca\u00edn\u201d (2007), \u201c\u00bfD\u00f3nde Vas?\u201d (2010), \u201cLa Luna Hueca\u201d (2013) y \u201cEl Engranaje de Cristal\u201d (2016).<\/p>\n<div style=\"padding-bottom:20px; padding-top:10px;\" class=\"hupso-share-buttons\"><!-- Hupso Share Buttons - https:\/\/www.hupso.com\/share\/ --><a class=\"hupso_counters\" href=\"https:\/\/www.hupso.com\/share\/\"><img decoding=\"async\" src=\"http:\/\/static.hupso.com\/share\/buttons\/lang\/es\/share-small.png\" style=\"border:0px; padding-top:2px; float:left;\" alt=\"Share Button\"\/><\/a><script type=\"text\/javascript\">var hupso_services_c=new Array(\"twitter\",\"facebook_like\",\"google\");var hupso_counters_lang = \"es_LA\";var hupso_image_folder_url = \"\";var hupso_twitter_via=\"crsyvrs\";var hupso_url_c=\"\";<\/script><script type=\"text\/javascript\" src=\"http:\/\/static.hupso.com\/share\/js\/counters.js\"><\/script><!-- Hupso Share Buttons --><\/div> ","protected":false},"excerpt":{"rendered":"<div style=\"padding-bottom:20px; padding-top:10px;\" class=\"hupso-share-buttons\"><!-- Hupso Share Buttons - https:\/\/www.hupso.com\/share\/ --><a class=\"hupso_counters\" href=\"https:\/\/www.hupso.com\/share\/\"><img src=\"http:\/\/static.hupso.com\/share\/buttons\/lang\/es\/share-small.png\" style=\"border:0px; padding-top:2px; float:left;\" alt=\"Share Button\"\/><\/a><script type=\"text\/javascript\">var hupso_services_c=new Array(\"twitter\",\"facebook_like\",\"google\");var hupso_counters_lang = \"es_LA\";var hupso_image_folder_url = \"\";var hupso_twitter_via=\"crsyvrs\";var hupso_url_c=\"\";<\/script><script type=\"text\/javascript\" src=\"http:\/\/static.hupso.com\/share\/js\/counters.js\"><\/script><!-- Hupso Share Buttons --><\/div><p>Se trata de tercera entrega desde 2019 cuando public\u00f3 el s\u00e9ptimo disco de su andar solista, \u00abEn el coraz\u00f3n del laberinto\u00bb. Skay Beilinson public\u00f3 \u00abOtras puertas otros mundos\u00bb, su tercera canci\u00f3n desde 2019 cuando public\u00f3 el s\u00e9ptimo disco de&#46;&#46;&#46;<\/p>\n<div style=\"padding-bottom:20px; padding-top:10px;\" class=\"hupso-share-buttons\"><!-- Hupso Share Buttons - https:\/\/www.hupso.com\/share\/ --><a class=\"hupso_counters\" href=\"https:\/\/www.hupso.com\/share\/\"><img src=\"http:\/\/static.hupso.com\/share\/buttons\/lang\/es\/share-small.png\" style=\"border:0px; padding-top:2px; float:left;\" alt=\"Share Button\"\/><\/a><script type=\"text\/javascript\">var hupso_services_c=new Array(\"twitter\",\"facebook_like\",\"google\");var hupso_counters_lang = \"es_LA\";var hupso_image_folder_url = \"\";var hupso_twitter_via=\"crsyvrs\";var hupso_url_c=\"\";<\/script><script type=\"text\/javascript\" src=\"http:\/\/static.hupso.com\/share\/js\/counters.js\"><\/script><!-- Hupso Share Buttons --><\/div>","protected":false},"author":5,"featured_media":31396,"comment_status":"closed","ping_status":"closed","sticky":false,"template":"","format":"standard","meta":{"footnotes":""},"categories":[3],"tags":[1769,3451],"class_list":["post-31395","post","type-post","status-publish","format-standard","has-post-thumbnail","hentry","category-musica","tag-patricio-rey-y-sus-redonditos-de-ricota","tag-skay"],"_links":{"self":[{"href":"http:\/\/cronicasyversiones.com\/index.php?rest_route=\/wp\/v2\/posts\/31395","targetHints":{"allow":["GET"]}}],"collection":[{"href":"http:\/\/cronicasyversiones.com\/index.php?rest_route=\/wp\/v2\/posts"}],"about":[{"href":"http:\/\/cronicasyversiones.com\/index.php?rest_route=\/wp\/v2\/types\/post"}],"author":[{"embeddable":true,"href":"http:\/\/cronicasyversiones.com\/index.php?rest_route=\/wp\/v2\/users\/5"}],"replies":[{"embeddable":true,"href":"http:\/\/cronicasyversiones.com\/index.php?rest_route=%2Fwp%2Fv2%2Fcomments&post=31395"}],"version-history":[{"count":1,"href":"http:\/\/cronicasyversiones.com\/index.php?rest_route=\/wp\/v2\/posts\/31395\/revisions"}],"predecessor-version":[{"id":31397,"href":"http:\/\/cronicasyversiones.com\/index.php?rest_route=\/wp\/v2\/posts\/31395\/revisions\/31397"}],"wp:featuredmedia":[{"embeddable":true,"href":"http:\/\/cronicasyversiones.com\/index.php?rest_route=\/wp\/v2\/media\/31396"}],"wp:attachment":[{"href":"http:\/\/cronicasyversiones.com\/index.php?rest_route=%2Fwp%2Fv2%2Fmedia&parent=31395"}],"wp:term":[{"taxonomy":"category","embeddable":true,"href":"http:\/\/cronicasyversiones.com\/index.php?rest_route=%2Fwp%2Fv2%2Fcategories&post=31395"},{"taxonomy":"post_tag","embeddable":true,"href":"http:\/\/cronicasyversiones.com\/index.php?rest_route=%2Fwp%2Fv2%2Ftags&post=31395"}],"curies":[{"name":"wp","href":"https:\/\/api.w.org\/{rel}","templated":true}]}}