{"id":31451,"date":"2021-07-18T09:22:11","date_gmt":"2021-07-18T12:22:11","guid":{"rendered":"http:\/\/cronicasyversiones.com\/?p=31451"},"modified":"2021-07-18T09:22:12","modified_gmt":"2021-07-18T12:22:12","slug":"llega-100-foot-wave-a-hbo-max","status":"publish","type":"post","link":"http:\/\/cronicasyversiones.com\/?p=31451","title":{"rendered":"Llega \u201c100 Foot Wave\u201d a HBO Max"},"content":{"rendered":"<div style=\"padding-bottom:20px; padding-top:10px;\" class=\"hupso-share-buttons\"><!-- Hupso Share Buttons - https:\/\/www.hupso.com\/share\/ --><a class=\"hupso_counters\" href=\"https:\/\/www.hupso.com\/share\/\"><img decoding=\"async\" src=\"http:\/\/static.hupso.com\/share\/buttons\/lang\/es\/share-small.png\" style=\"border:0px; padding-top:2px; float:left;\" alt=\"Share Button\"\/><\/a><script type=\"text\/javascript\">var hupso_services_c=new Array(\"twitter\",\"facebook_like\",\"google\");var hupso_counters_lang = \"es_LA\";var hupso_image_folder_url = \"\";var hupso_twitter_via=\"crsyvrs\";var hupso_url_c=\"\";<\/script><script type=\"text\/javascript\" src=\"http:\/\/static.hupso.com\/share\/js\/counters.js\"><\/script><!-- Hupso Share Buttons --><\/div><h2>El documental muestra c\u00f3mo hace 10 a\u00f1os los ciudadanos del peque\u00f1o pueblo pesquero de Portugal&nbsp; acudieron a un especialista en surf.<\/h2>\n<p><img loading=\"lazy\" decoding=\"async\" class=\" wp-image-31452 aligncenter\" src=\"http:\/\/cronicasyversiones.com\/wp-content\/uploads\/2021\/07\/unnamed-1.jpg\" alt=\"\" width=\"684\" height=\"382\" srcset=\"http:\/\/cronicasyversiones.com\/wp-content\/uploads\/2021\/07\/unnamed-1.jpg 512w, http:\/\/cronicasyversiones.com\/wp-content\/uploads\/2021\/07\/unnamed-1-300x168.jpg 300w\" sizes=\"auto, (max-width: 684px) 100vw, 684px\" \/><\/p>\n<p><em><strong>\u201c100 Foot Wave\u201d,<\/strong><\/em> &nbsp;la nueva serie documental dirigida por<strong> Chris Smith,<\/strong> que gira en torno al surfista <strong>Garrett McNamara,<\/strong> llega a <strong>HBO y a HBO MAX.<\/strong><\/p>\n<p>En seis episodios, el documental muestra c\u00f3mo hace 10 a\u00f1os los ciudadanos del peque\u00f1o pueblo pesquero de Nazar\u00e9, en Portugal, acudieron al especialista <strong>Garrett McNamara.<\/strong><\/p>\n<p>Su intenci\u00f3n era saber si los peligrosos y gigantes swells que hab\u00edan visto en sus playas eran surfeables.<\/p>\n<p><iframe loading=\"lazy\" title=\"YouTube video player\" src=\"https:\/\/www.youtube.com\/embed\/Zv0Wv-2Rblw\" width=\"600\" height=\"350\" frameborder=\"0\" allowfullscreen=\"allowfullscreen\"><span data-mce-type=\"bookmark\" style=\"display: inline-block; width: 0px; overflow: hidden; line-height: 0;\" class=\"mce_SELRES_start\">?<\/span><\/iframe><\/p>\n<p>Desde un faro abandonado 500 a\u00f1os atr\u00e1s en lo alto de un acantilado pudieron observar la espectacularidad de la ola m\u00e1s grande que hab\u00edan visto nunca.<\/p>\n<p>Tanto fue as\u00ed que McNamara y su mujer se mudaron a esta localidad portuguesa en 2010.Este grupo de locales, McNamara y surfistas de todos los continentes descubrieron en Nazar\u00e9 un nuevo mundo de posibilidades, un sitio en el que es posible que alg\u00fan d\u00eda rompa una ola de 30 metros y alguien est\u00e9 all\u00ed para surfearla, un spot que cambi\u00f3 la historia del surfing de olas grandes.<\/p>\n<div style=\"padding-bottom:20px; padding-top:10px;\" class=\"hupso-share-buttons\"><!-- Hupso Share Buttons - https:\/\/www.hupso.com\/share\/ --><a class=\"hupso_counters\" href=\"https:\/\/www.hupso.com\/share\/\"><img decoding=\"async\" src=\"http:\/\/static.hupso.com\/share\/buttons\/lang\/es\/share-small.png\" style=\"border:0px; padding-top:2px; float:left;\" alt=\"Share Button\"\/><\/a><script type=\"text\/javascript\">var hupso_services_c=new Array(\"twitter\",\"facebook_like\",\"google\");var hupso_counters_lang = \"es_LA\";var hupso_image_folder_url = \"\";var hupso_twitter_via=\"crsyvrs\";var hupso_url_c=\"\";<\/script><script type=\"text\/javascript\" src=\"http:\/\/static.hupso.com\/share\/js\/counters.js\"><\/script><!-- Hupso Share Buttons --><\/div> ","protected":false},"excerpt":{"rendered":"<div style=\"padding-bottom:20px; padding-top:10px;\" class=\"hupso-share-buttons\"><!-- Hupso Share Buttons - https:\/\/www.hupso.com\/share\/ --><a class=\"hupso_counters\" href=\"https:\/\/www.hupso.com\/share\/\"><img src=\"http:\/\/static.hupso.com\/share\/buttons\/lang\/es\/share-small.png\" style=\"border:0px; padding-top:2px; float:left;\" alt=\"Share Button\"\/><\/a><script type=\"text\/javascript\">var hupso_services_c=new Array(\"twitter\",\"facebook_like\",\"google\");var hupso_counters_lang = \"es_LA\";var hupso_image_folder_url = \"\";var hupso_twitter_via=\"crsyvrs\";var hupso_url_c=\"\";<\/script><script type=\"text\/javascript\" src=\"http:\/\/static.hupso.com\/share\/js\/counters.js\"><\/script><!-- Hupso Share Buttons --><\/div><p>El documental muestra c\u00f3mo hace 10 a\u00f1os los ciudadanos del peque\u00f1o pueblo pesquero de Portugal&nbsp; acudieron a un especialista en surf. \u201c100 Foot Wave\u201d, &nbsp;la nueva serie documental dirigida por Chris Smith, que gira en torno al surfista Garrett&#46;&#46;&#46;<\/p>\n<div style=\"padding-bottom:20px; padding-top:10px;\" class=\"hupso-share-buttons\"><!-- Hupso Share Buttons - https:\/\/www.hupso.com\/share\/ --><a class=\"hupso_counters\" href=\"https:\/\/www.hupso.com\/share\/\"><img src=\"http:\/\/static.hupso.com\/share\/buttons\/lang\/es\/share-small.png\" style=\"border:0px; padding-top:2px; float:left;\" alt=\"Share Button\"\/><\/a><script type=\"text\/javascript\">var hupso_services_c=new Array(\"twitter\",\"facebook_like\",\"google\");var hupso_counters_lang = \"es_LA\";var hupso_image_folder_url = \"\";var hupso_twitter_via=\"crsyvrs\";var hupso_url_c=\"\";<\/script><script type=\"text\/javascript\" src=\"http:\/\/static.hupso.com\/share\/js\/counters.js\"><\/script><!-- Hupso Share Buttons --><\/div>","protected":false},"author":5,"featured_media":31452,"comment_status":"closed","ping_status":"closed","sticky":false,"template":"","format":"standard","meta":{"footnotes":""},"categories":[6],"tags":[944,1003],"class_list":["post-31451","post","type-post","status-publish","format-standard","has-post-thumbnail","hentry","category-radio-y-tv","tag-documentales","tag-hbo"],"_links":{"self":[{"href":"http:\/\/cronicasyversiones.com\/index.php?rest_route=\/wp\/v2\/posts\/31451","targetHints":{"allow":["GET"]}}],"collection":[{"href":"http:\/\/cronicasyversiones.com\/index.php?rest_route=\/wp\/v2\/posts"}],"about":[{"href":"http:\/\/cronicasyversiones.com\/index.php?rest_route=\/wp\/v2\/types\/post"}],"author":[{"embeddable":true,"href":"http:\/\/cronicasyversiones.com\/index.php?rest_route=\/wp\/v2\/users\/5"}],"replies":[{"embeddable":true,"href":"http:\/\/cronicasyversiones.com\/index.php?rest_route=%2Fwp%2Fv2%2Fcomments&post=31451"}],"version-history":[{"count":2,"href":"http:\/\/cronicasyversiones.com\/index.php?rest_route=\/wp\/v2\/posts\/31451\/revisions"}],"predecessor-version":[{"id":31471,"href":"http:\/\/cronicasyversiones.com\/index.php?rest_route=\/wp\/v2\/posts\/31451\/revisions\/31471"}],"wp:featuredmedia":[{"embeddable":true,"href":"http:\/\/cronicasyversiones.com\/index.php?rest_route=\/wp\/v2\/media\/31452"}],"wp:attachment":[{"href":"http:\/\/cronicasyversiones.com\/index.php?rest_route=%2Fwp%2Fv2%2Fmedia&parent=31451"}],"wp:term":[{"taxonomy":"category","embeddable":true,"href":"http:\/\/cronicasyversiones.com\/index.php?rest_route=%2Fwp%2Fv2%2Fcategories&post=31451"},{"taxonomy":"post_tag","embeddable":true,"href":"http:\/\/cronicasyversiones.com\/index.php?rest_route=%2Fwp%2Fv2%2Ftags&post=31451"}],"curies":[{"name":"wp","href":"https:\/\/api.w.org\/{rel}","templated":true}]}}