{"id":31549,"date":"2021-07-26T21:47:00","date_gmt":"2021-07-27T00:47:00","guid":{"rendered":"http:\/\/cronicasyversiones.com\/?p=31549"},"modified":"2021-07-26T21:47:01","modified_gmt":"2021-07-27T00:47:01","slug":"ruben-rada-prepara-un-disco-con-sus-amigos","status":"publish","type":"post","link":"http:\/\/cronicasyversiones.com\/?p=31549","title":{"rendered":"Rub\u00e9n Rada prepara un disco con sus amigos"},"content":{"rendered":"<div style=\"padding-bottom:20px; padding-top:10px;\" class=\"hupso-share-buttons\"><!-- Hupso Share Buttons - https:\/\/www.hupso.com\/share\/ --><a class=\"hupso_counters\" href=\"https:\/\/www.hupso.com\/share\/\"><img decoding=\"async\" src=\"http:\/\/static.hupso.com\/share\/buttons\/lang\/es\/share-small.png\" style=\"border:0px; padding-top:2px; float:left;\" alt=\"Share Button\"\/><\/a><script type=\"text\/javascript\">var hupso_services_c=new Array(\"twitter\",\"facebook_like\",\"google\");var hupso_counters_lang = \"es_LA\";var hupso_image_folder_url = \"\";var hupso_twitter_via=\"crsyvrs\";var hupso_url_c=\"\";<\/script><script type=\"text\/javascript\" src=\"http:\/\/static.hupso.com\/share\/js\/counters.js\"><\/script><!-- Hupso Share Buttons --><\/div><h2>El m\u00fasico uruguayo tendr\u00e1 invitados estelares, como Fito P\u00e1ez, Pablo Milan\u00e9s, Fernando Cabrera, Julia Zenco y Carlos Vives.<\/h2>\n<p><img loading=\"lazy\" decoding=\"async\" class=\"size-full wp-image-31550 aligncenter\" src=\"http:\/\/cronicasyversiones.com\/wp-content\/uploads\/2021\/07\/Efemerides-Portal-Uruguay-Educa-630_380-7.png\" alt=\"\" width=\"630\" height=\"380\" srcset=\"http:\/\/cronicasyversiones.com\/wp-content\/uploads\/2021\/07\/Efemerides-Portal-Uruguay-Educa-630_380-7.png 630w, http:\/\/cronicasyversiones.com\/wp-content\/uploads\/2021\/07\/Efemerides-Portal-Uruguay-Educa-630_380-7-300x181.png 300w\" sizes=\"auto, (max-width: 630px) 100vw, 630px\" \/><\/p>\n<p><strong>Rub\u00e9n Rada<\/strong> puso manos a la obra en un disco \u201cde puro candombe\u201d cuyo t\u00edtulo ser\u00eda<strong> \u201cCandombe con la ayudita de mis amigos\u201d<\/strong>, en un claro gui\u00f1o a Los Beatles, en el que participan artistas de su entorno como <em>Fito P\u00e1ez, Pablo Milan\u00e9s, Fernando Cabrera, Julia Zenco y Carlos Vives.<\/em><\/p>\n<p>El m\u00fasico uruguayo est\u00e1 cumpliendo este fin de semana en una sala de la Ciudad Vieja montevideana, en lo que significa su reencuentro con el p\u00fablico tras alejarse de los escenarios por la pandemia de coronavirus.<\/p>\n<blockquote><p>Rada cumpli\u00f3 78 a\u00f1os el pasado 16 de julio y por eso dijo al medio La Diaria que a su edad estar inactivo un a\u00f1o y medio es \u00abcomo perder cinco o seis a\u00f1os\u00bb, un tiempo que no recuperar\u00e1 jam\u00e1s.<\/p>\n<p>&nbsp;<\/p><\/blockquote>\n<p><iframe loading=\"lazy\" title=\"YouTube video player\" src=\"https:\/\/www.youtube.com\/embed\/sBquxVmf38k\" width=\"560\" height=\"315\" frameborder=\"0\" allowfullscreen=\"allowfullscreen\"><\/iframe><br \/>\n\u201cLo not\u00e9 en el toque: se me cansan las manos. Tengo que volver a ponerme a tocar todos los d\u00edas, a mover los brazos y esas cosas, porque yo toco las congas y canto, entonces, la respiraci\u00f3n es otra \u2013se\u00f1al\u00f3-. Pero fue una alegr\u00eda enorme (volver a ensayar), nos re\u00edmos y contamos los mismos chistes y las mismas boludeces de siempre\u201d.<\/p>\n<p>En medio de su encierro, edit\u00f3 \u201cAs noites do Rio\/ Aerol\u00edneas Candombe\u201d, con el brasile\u00f1o Ronaldo Bastos, un \u00e1lbum que desparrama m\u00fasica de Brasil como homenaje a su madre, oriunda de ese pa\u00eds.<\/p>\n<div style=\"padding-bottom:20px; padding-top:10px;\" class=\"hupso-share-buttons\"><!-- Hupso Share Buttons - https:\/\/www.hupso.com\/share\/ --><a class=\"hupso_counters\" href=\"https:\/\/www.hupso.com\/share\/\"><img decoding=\"async\" src=\"http:\/\/static.hupso.com\/share\/buttons\/lang\/es\/share-small.png\" style=\"border:0px; padding-top:2px; float:left;\" alt=\"Share Button\"\/><\/a><script type=\"text\/javascript\">var hupso_services_c=new Array(\"twitter\",\"facebook_like\",\"google\");var hupso_counters_lang = \"es_LA\";var hupso_image_folder_url = \"\";var hupso_twitter_via=\"crsyvrs\";var hupso_url_c=\"\";<\/script><script type=\"text\/javascript\" src=\"http:\/\/static.hupso.com\/share\/js\/counters.js\"><\/script><!-- Hupso Share Buttons --><\/div> ","protected":false},"excerpt":{"rendered":"<div style=\"padding-bottom:20px; padding-top:10px;\" class=\"hupso-share-buttons\"><!-- Hupso Share Buttons - https:\/\/www.hupso.com\/share\/ --><a class=\"hupso_counters\" href=\"https:\/\/www.hupso.com\/share\/\"><img src=\"http:\/\/static.hupso.com\/share\/buttons\/lang\/es\/share-small.png\" style=\"border:0px; padding-top:2px; float:left;\" alt=\"Share Button\"\/><\/a><script type=\"text\/javascript\">var hupso_services_c=new Array(\"twitter\",\"facebook_like\",\"google\");var hupso_counters_lang = \"es_LA\";var hupso_image_folder_url = \"\";var hupso_twitter_via=\"crsyvrs\";var hupso_url_c=\"\";<\/script><script type=\"text\/javascript\" src=\"http:\/\/static.hupso.com\/share\/js\/counters.js\"><\/script><!-- Hupso Share Buttons --><\/div><p>El m\u00fasico uruguayo tendr\u00e1 invitados estelares, como Fito P\u00e1ez, Pablo Milan\u00e9s, Fernando Cabrera, Julia Zenco y Carlos Vives. Rub\u00e9n Rada puso manos a la obra en un disco \u201cde puro candombe\u201d cuyo t\u00edtulo ser\u00eda \u201cCandombe con la ayudita de&#46;&#46;&#46;<\/p>\n<div style=\"padding-bottom:20px; padding-top:10px;\" class=\"hupso-share-buttons\"><!-- Hupso Share Buttons - https:\/\/www.hupso.com\/share\/ --><a class=\"hupso_counters\" href=\"https:\/\/www.hupso.com\/share\/\"><img src=\"http:\/\/static.hupso.com\/share\/buttons\/lang\/es\/share-small.png\" style=\"border:0px; padding-top:2px; float:left;\" alt=\"Share Button\"\/><\/a><script type=\"text\/javascript\">var hupso_services_c=new Array(\"twitter\",\"facebook_like\",\"google\");var hupso_counters_lang = \"es_LA\";var hupso_image_folder_url = \"\";var hupso_twitter_via=\"crsyvrs\";var hupso_url_c=\"\";<\/script><script type=\"text\/javascript\" src=\"http:\/\/static.hupso.com\/share\/js\/counters.js\"><\/script><!-- Hupso Share Buttons --><\/div>","protected":false},"author":5,"featured_media":31550,"comment_status":"closed","ping_status":"closed","sticky":false,"template":"","format":"standard","meta":{"footnotes":""},"categories":[3],"tags":[4581,1071],"class_list":["post-31549","post","type-post","status-publish","format-standard","has-post-thumbnail","hentry","category-musica","tag-ruben-rada","tag-uruguay"],"_links":{"self":[{"href":"http:\/\/cronicasyversiones.com\/index.php?rest_route=\/wp\/v2\/posts\/31549","targetHints":{"allow":["GET"]}}],"collection":[{"href":"http:\/\/cronicasyversiones.com\/index.php?rest_route=\/wp\/v2\/posts"}],"about":[{"href":"http:\/\/cronicasyversiones.com\/index.php?rest_route=\/wp\/v2\/types\/post"}],"author":[{"embeddable":true,"href":"http:\/\/cronicasyversiones.com\/index.php?rest_route=\/wp\/v2\/users\/5"}],"replies":[{"embeddable":true,"href":"http:\/\/cronicasyversiones.com\/index.php?rest_route=%2Fwp%2Fv2%2Fcomments&post=31549"}],"version-history":[{"count":2,"href":"http:\/\/cronicasyversiones.com\/index.php?rest_route=\/wp\/v2\/posts\/31549\/revisions"}],"predecessor-version":[{"id":31562,"href":"http:\/\/cronicasyversiones.com\/index.php?rest_route=\/wp\/v2\/posts\/31549\/revisions\/31562"}],"wp:featuredmedia":[{"embeddable":true,"href":"http:\/\/cronicasyversiones.com\/index.php?rest_route=\/wp\/v2\/media\/31550"}],"wp:attachment":[{"href":"http:\/\/cronicasyversiones.com\/index.php?rest_route=%2Fwp%2Fv2%2Fmedia&parent=31549"}],"wp:term":[{"taxonomy":"category","embeddable":true,"href":"http:\/\/cronicasyversiones.com\/index.php?rest_route=%2Fwp%2Fv2%2Fcategories&post=31549"},{"taxonomy":"post_tag","embeddable":true,"href":"http:\/\/cronicasyversiones.com\/index.php?rest_route=%2Fwp%2Fv2%2Ftags&post=31549"}],"curies":[{"name":"wp","href":"https:\/\/api.w.org\/{rel}","templated":true}]}}