{"id":31908,"date":"2021-09-06T16:50:05","date_gmt":"2021-09-06T19:50:05","guid":{"rendered":"http:\/\/cronicasyversiones.com\/?p=31908"},"modified":"2021-09-06T16:53:16","modified_gmt":"2021-09-06T19:53:16","slug":"celeste-carballo-lanzo-una-version-de-rezo-por-vos","status":"publish","type":"post","link":"http:\/\/cronicasyversiones.com\/?p=31908","title":{"rendered":"Celeste Carballo lanz\u00f3 una versi\u00f3n de \u00abRezo por vos\u00bb"},"content":{"rendered":"<div style=\"padding-bottom:20px; padding-top:10px;\" class=\"hupso-share-buttons\"><!-- Hupso Share Buttons - https:\/\/www.hupso.com\/share\/ --><a class=\"hupso_counters\" href=\"https:\/\/www.hupso.com\/share\/\"><img decoding=\"async\" src=\"http:\/\/static.hupso.com\/share\/buttons\/lang\/es\/share-small.png\" style=\"border:0px; padding-top:2px; float:left;\" alt=\"Share Button\"\/><\/a><script type=\"text\/javascript\">var hupso_services_c=new Array(\"twitter\",\"facebook_like\",\"google\");var hupso_counters_lang = \"es_LA\";var hupso_image_folder_url = \"\";var hupso_twitter_via=\"crsyvrs\";var hupso_url_c=\"\";<\/script><script type=\"text\/javascript\" src=\"http:\/\/static.hupso.com\/share\/js\/counters.js\"><\/script><!-- Hupso Share Buttons --><\/div><h2>La cantante public\u00f3 el cl\u00e1sico compuesto por Luis Alberto Spinetta y Charly Garc\u00eda, que ser\u00e1 incluido en la reedici\u00f3n especial de \u00abCelesteac\u00fastica\u201d.<\/h2>\n<p><img loading=\"lazy\" decoding=\"async\" class=\"alignleft size-full wp-image-31909\" src=\"http:\/\/cronicasyversiones.com\/wp-content\/uploads\/2021\/09\/5d80e9079764e_1004x565.jpg\" alt=\"\" width=\"1004\" height=\"565\" srcset=\"http:\/\/cronicasyversiones.com\/wp-content\/uploads\/2021\/09\/5d80e9079764e_1004x565.jpg 1004w, http:\/\/cronicasyversiones.com\/wp-content\/uploads\/2021\/09\/5d80e9079764e_1004x565-300x169.jpg 300w, http:\/\/cronicasyversiones.com\/wp-content\/uploads\/2021\/09\/5d80e9079764e_1004x565-768x432.jpg 768w\" sizes=\"auto, (max-width: 1004px) 100vw, 1004px\" \/><\/p>\n<p><strong>Celeste Carballo<\/strong> lanz\u00f3 una versi\u00f3n de<em><strong> \u00abRezo por vos\u00bb<\/strong><\/em>, el cl\u00e1sico compuesto por <strong>Luis Alberto Spinetta y Charly Garc\u00eda<\/strong>, que ser\u00e1 incluido como extra en la reedici\u00f3n especial del disco<em> \u00abCelesteac\u00fastica\u00bb<\/em> por su 20\u00ba aniversario.<\/p>\n<p>La canci\u00f3n fue grabada a d\u00fao por el Flaco y el Bicolor para un proyecto de un disco a d\u00fao, que no lleg\u00f3 a concretarse. Luego ambos la grabaron por separado en distintas versiones.<\/p>\n<p>Celeste, con su estilo distintivo pero a la vez con sumo respeto por su versi\u00f3n original, la cantante aborda esta interpretaci\u00f3n y se hace cargo de las guitarras y la bater\u00eda, junto con Fabi\u00e1n \u00abZorrito\u00bb Von Quintiero, quien tuvo a su cargo los teclados y el bajo.<\/p>\n<p><iframe loading=\"lazy\" title=\"YouTube video player\" src=\"https:\/\/www.youtube.com\/embed\/2hBtkQjJKnU\" width=\"560\" height=\"315\" frameborder=\"0\" allowfullscreen=\"allowfullscreen\"><\/iframe><\/p>\n<p><em><strong>\u00abRezo por vos\u00bb<\/strong><\/em> es el primero de los tres cortes extras que se agregar\u00e1n en la reedici\u00f3n de la obra de Celeste Carballo de 2001, en la que realiz\u00f3 despejadas lecturas de sus propios \u00e9xitos.<\/p>\n<p>De esa manera, en \u00abCelesteac\u00fastica\u00bb aparecen versiones de \u00abUna canci\u00f3n diferente\u00bb, \u00abLos poetas de Latinoam\u00e9rica\u00bb y \u00abPaloma\u00bb, de Andr\u00e9s Calamaro, entre otras.<\/p>\n<p>En las pr\u00f3ximas semanas se dar\u00e1n a conocer los otros dos cortes agregados y finalmente el material completo llegar\u00e1 al p\u00fablico en formato f\u00edsico y plataformas.<\/p>\n<div style=\"padding-bottom:20px; padding-top:10px;\" class=\"hupso-share-buttons\"><!-- Hupso Share Buttons - https:\/\/www.hupso.com\/share\/ --><a class=\"hupso_counters\" href=\"https:\/\/www.hupso.com\/share\/\"><img decoding=\"async\" src=\"http:\/\/static.hupso.com\/share\/buttons\/lang\/es\/share-small.png\" style=\"border:0px; padding-top:2px; float:left;\" alt=\"Share Button\"\/><\/a><script type=\"text\/javascript\">var hupso_services_c=new Array(\"twitter\",\"facebook_like\",\"google\");var hupso_counters_lang = \"es_LA\";var hupso_image_folder_url = \"\";var hupso_twitter_via=\"crsyvrs\";var hupso_url_c=\"\";<\/script><script type=\"text\/javascript\" src=\"http:\/\/static.hupso.com\/share\/js\/counters.js\"><\/script><!-- Hupso Share Buttons --><\/div> ","protected":false},"excerpt":{"rendered":"<div style=\"padding-bottom:20px; padding-top:10px;\" class=\"hupso-share-buttons\"><!-- Hupso Share Buttons - https:\/\/www.hupso.com\/share\/ --><a class=\"hupso_counters\" href=\"https:\/\/www.hupso.com\/share\/\"><img src=\"http:\/\/static.hupso.com\/share\/buttons\/lang\/es\/share-small.png\" style=\"border:0px; padding-top:2px; float:left;\" alt=\"Share Button\"\/><\/a><script type=\"text\/javascript\">var hupso_services_c=new Array(\"twitter\",\"facebook_like\",\"google\");var hupso_counters_lang = \"es_LA\";var hupso_image_folder_url = \"\";var hupso_twitter_via=\"crsyvrs\";var hupso_url_c=\"\";<\/script><script type=\"text\/javascript\" src=\"http:\/\/static.hupso.com\/share\/js\/counters.js\"><\/script><!-- Hupso Share Buttons --><\/div><p>La cantante public\u00f3 el cl\u00e1sico compuesto por Luis Alberto Spinetta y Charly Garc\u00eda, que ser\u00e1 incluido en la reedici\u00f3n especial de \u00abCelesteac\u00fastica\u201d. Celeste Carballo lanz\u00f3 una versi\u00f3n de \u00abRezo por vos\u00bb, el cl\u00e1sico compuesto por Luis Alberto Spinetta y&#46;&#46;&#46;<\/p>\n<div style=\"padding-bottom:20px; padding-top:10px;\" class=\"hupso-share-buttons\"><!-- Hupso Share Buttons - https:\/\/www.hupso.com\/share\/ --><a class=\"hupso_counters\" href=\"https:\/\/www.hupso.com\/share\/\"><img src=\"http:\/\/static.hupso.com\/share\/buttons\/lang\/es\/share-small.png\" style=\"border:0px; padding-top:2px; float:left;\" alt=\"Share Button\"\/><\/a><script type=\"text\/javascript\">var hupso_services_c=new Array(\"twitter\",\"facebook_like\",\"google\");var hupso_counters_lang = \"es_LA\";var hupso_image_folder_url = \"\";var hupso_twitter_via=\"crsyvrs\";var hupso_url_c=\"\";<\/script><script type=\"text\/javascript\" src=\"http:\/\/static.hupso.com\/share\/js\/counters.js\"><\/script><!-- Hupso Share Buttons --><\/div>","protected":false},"author":5,"featured_media":31909,"comment_status":"closed","ping_status":"closed","sticky":false,"template":"","format":"standard","meta":{"footnotes":""},"categories":[3,3944],"tags":[126,47],"class_list":["post-31908","post","type-post","status-publish","format-standard","has-post-thumbnail","hentry","category-musica","category-spinettario","tag-charly-garcia","tag-luis-alberto-spinetta"],"_links":{"self":[{"href":"http:\/\/cronicasyversiones.com\/index.php?rest_route=\/wp\/v2\/posts\/31908","targetHints":{"allow":["GET"]}}],"collection":[{"href":"http:\/\/cronicasyversiones.com\/index.php?rest_route=\/wp\/v2\/posts"}],"about":[{"href":"http:\/\/cronicasyversiones.com\/index.php?rest_route=\/wp\/v2\/types\/post"}],"author":[{"embeddable":true,"href":"http:\/\/cronicasyversiones.com\/index.php?rest_route=\/wp\/v2\/users\/5"}],"replies":[{"embeddable":true,"href":"http:\/\/cronicasyversiones.com\/index.php?rest_route=%2Fwp%2Fv2%2Fcomments&post=31908"}],"version-history":[{"count":2,"href":"http:\/\/cronicasyversiones.com\/index.php?rest_route=\/wp\/v2\/posts\/31908\/revisions"}],"predecessor-version":[{"id":31912,"href":"http:\/\/cronicasyversiones.com\/index.php?rest_route=\/wp\/v2\/posts\/31908\/revisions\/31912"}],"wp:featuredmedia":[{"embeddable":true,"href":"http:\/\/cronicasyversiones.com\/index.php?rest_route=\/wp\/v2\/media\/31909"}],"wp:attachment":[{"href":"http:\/\/cronicasyversiones.com\/index.php?rest_route=%2Fwp%2Fv2%2Fmedia&parent=31908"}],"wp:term":[{"taxonomy":"category","embeddable":true,"href":"http:\/\/cronicasyversiones.com\/index.php?rest_route=%2Fwp%2Fv2%2Fcategories&post=31908"},{"taxonomy":"post_tag","embeddable":true,"href":"http:\/\/cronicasyversiones.com\/index.php?rest_route=%2Fwp%2Fv2%2Ftags&post=31908"}],"curies":[{"name":"wp","href":"https:\/\/api.w.org\/{rel}","templated":true}]}}