{"id":32101,"date":"2021-10-17T09:06:00","date_gmt":"2021-10-17T12:06:00","guid":{"rendered":"http:\/\/cronicasyversiones.com\/?p=32101"},"modified":"2021-10-17T09:06:01","modified_gmt":"2021-10-17T12:06:01","slug":"se-viene-un-nuevo-filba-internacional","status":"publish","type":"post","link":"http:\/\/cronicasyversiones.com\/?p=32101","title":{"rendered":"Se viene un nuevo Filba Internacional"},"content":{"rendered":"<div style=\"padding-bottom:20px; padding-top:10px;\" class=\"hupso-share-buttons\"><!-- Hupso Share Buttons - https:\/\/www.hupso.com\/share\/ --><a class=\"hupso_counters\" href=\"https:\/\/www.hupso.com\/share\/\"><img decoding=\"async\" src=\"http:\/\/static.hupso.com\/share\/buttons\/lang\/es\/share-small.png\" style=\"border:0px; padding-top:2px; float:left;\" alt=\"Share Button\"\/><\/a><script type=\"text\/javascript\">var hupso_services_c=new Array(\"twitter\",\"facebook_like\",\"google\");var hupso_counters_lang = \"es_LA\";var hupso_image_folder_url = \"\";var hupso_twitter_via=\"crsyvrs\";var hupso_url_c=\"\";<\/script><script type=\"text\/javascript\" src=\"http:\/\/static.hupso.com\/share\/js\/counters.js\"><\/script><!-- Hupso Share Buttons --><\/div><h2>Con actividades virtuales y presenciales y la participaci\u00f3n de grandes figuras, &nbsp;el encuentro tendr\u00e1 lugar del 20 al 24 de octubre.<\/h2>\n<p><img loading=\"lazy\" decoding=\"async\" class=\"wp-image-32102 aligncenter\" src=\"http:\/\/cronicasyversiones.com\/wp-content\/uploads\/2021\/09\/61523e9bd94a9_1004x565.jpg\" alt=\"\" width=\"757\" height=\"426\" srcset=\"http:\/\/cronicasyversiones.com\/wp-content\/uploads\/2021\/09\/61523e9bd94a9_1004x565.jpg 1004w, http:\/\/cronicasyversiones.com\/wp-content\/uploads\/2021\/09\/61523e9bd94a9_1004x565-300x169.jpg 300w, http:\/\/cronicasyversiones.com\/wp-content\/uploads\/2021\/09\/61523e9bd94a9_1004x565-768x432.jpg 768w\" sizes=\"auto, (max-width: 757px) 100vw, 757px\" \/><\/p>\n<p>En un formato mixto de virtualidad y presencial, el<strong> Festival Internacional de Literatura Filba<\/strong> celebra una nueva edici\u00f3n del 20 al 24 de octubre con la participaci\u00f3n de 30 autores internacionales -entre ellos <strong>Paul Auster y Elena Poniatowska<\/strong>-, otros 60 nacionales, m\u00e1s de 50 actividades con di\u00e1logos, conversaciones y talleres, y la apertura inaugural de la reconocida poeta uruguaya Ida Vitale, que se transmitir\u00e1 online.<\/p>\n<p>El encuentro eligi\u00f3 como tema de este 2021, precisamente, la ansiedad, \u00abuna suerte de versi\u00f3n punk e improductiva de la paciencia\u00bb, como la definen sus organizadoras, pero que al mismo tiempo tiene una dimensi\u00f3n creadora: \u00abel ansia como motor, para poner en movimiento lo que qued\u00f3 suspendido, para volver\u00bb.<\/p>\n<blockquote><p>\u00abTal vez, entonces, sea el momento, una vez m\u00e1s, de buscar refugio en los libros. Barthes nos da una clave en la figura del lector, aquel que se sale de la fila del v\u00e9rtigo y deja de correr para ser solamente un lector. Cuando leemos, nos instalamos en el tiempo presente, nadie nos corre, no corremos a nadie, caminamos con una naturalidad propia, nuestra\u00bb, invitan desde Fundaci\u00f3n Filba.<\/p><\/blockquote>\n<p>La inauguraci\u00f3n de esta edici\u00f3n h\u00edbrida estar\u00e1 a cargo de <strong>Ida Vitale,<\/strong> la poeta uruguaya de 97 a\u00f1os ganadora de numerosos premios como el Cervantes y quien acaba de lanzar un nuevo poemario. De manera virtual, a trav\u00e9s de las cuentas de Filba y Malba -hist\u00f3rica sede de apertura del festival- se transmitir\u00e1n sus palabras de inauguraci\u00f3n que versar\u00e1n sobre las posibilidades y l\u00edmites de la poes\u00eda, el mi\u00e9rcoles 20 de octubre a las 21.<\/p>\n<p>El encuentro incluye conversaciones destacadas como el di\u00e1logo que tendr\u00e1n Paul Auster y Siri Hustvedt sobre las formas de escritura y la pol\u00edtica; el encuentro mano a mano entre dos grandes mexicanas, <strong>Margo Glantz y Elena Poniatowska, o la charla entre Tatiana Tibuleac y Milena Busquets,<\/strong> dos autoras que confluyen en temas como la muerte de la madre.<\/p>\n<p>Mientras esas actividades se desarrollar\u00e1n de forma virtual (como todas las que incluyen invitados internacionales), un di\u00e1logo presencial de alto voltaje ser\u00e1 la charla entre Fabi\u00e1n Casas y Leila Guerriero, con la moderaci\u00f3n de Diego Erlan, que indagar\u00e1 sobre \u00abla ansiedad que llega de la mano de la anhelada post pandemia acumula meses de incertidumbre estallados en las manos\u00bb, seg\u00fan adelantaron.<\/p>\n<p>Otra parte del evento son las entrevistas en primera persona a cargo de escritoras y escritores, tal es el caso de la canadiense Rachel Cusk con Mar\u00eda Sonia Cristoff; la estadounidense Lydia Davis con Betina Gonz\u00e1lez; la japonesa Minae Mizumura que ser\u00e1 entrevistada por Mart\u00edn Felipe Castagnet; o la francomarroqu\u00ed Leila Slimani, por Anne-Sophie Vignolles.<\/p>\n<p>En los jardines del Museo S\u00edvori, que oficiar\u00e1 de anfitriona para muchas actividades presenciales del fin de semana del Filba, una ilustradora dibujar\u00e1 los sue\u00f1os de los participantes; la escritora y editora Paula P\u00e9rez Alonso estar\u00e1 al frente de una cata de libros para compartir lecturas; habr\u00e1 un espacio para el trueque de libros para quienes quieran intercambiar ejemplares, tambi\u00e9n un rinc\u00f3n de lectura.<\/p>\n<p>Otras dos actividades muy significativas que transcurrir\u00e1n frente al museo ubicado en el Rosedal de Palermo ser\u00e1 la actividad obras en construcci\u00f3n, esa ventanita que abre el Filba para que autores y autoras cuenten, adelanten, compartan algo de lo que est\u00e1n escribiendo, o la lectura perform\u00e1tica<em><strong> \u00abEl mundo tiembla en mis manos\u00bb<\/strong><\/em> sobre la obra de Clarice Lispector.<\/p>\n<p>Tambi\u00e9n la terraza de la librer\u00eda Eterna Cadencia ser\u00e1 espacio para el encuentro cercano en la Noche de Poes\u00eda, que reunir\u00e1 a Eleonora Gonz\u00e1lez Capria, Guillermo Saavedra, Rosario Aquebeque, Nahuel Lardies, Liliana Garc\u00eda Carril y Alejandro Crotto, mientras que otra actividad presencial ser\u00e1 en el Bellas Artes, cuando bajo la direcci\u00f3n de Luciana Mastromauro se llevar\u00e1 adelante una intervenci\u00f3n literaria con las obras de la colecci\u00f3n de la sala Hirsch del museo.<\/p>\n<p>Todas las actividades de Filba son gratuitas, en tanto, los talleres y algunas actividades presenciales cuentan con cupo limitado e inscripci\u00f3n previa. Para m\u00e1s informaci\u00f3n y acceder a la programaci\u00f3n completa se puede consultar en la web: <strong>https:\/\/filba.org.ar.<\/strong><\/p>\n<div style=\"padding-bottom:20px; padding-top:10px;\" class=\"hupso-share-buttons\"><!-- Hupso Share Buttons - https:\/\/www.hupso.com\/share\/ --><a class=\"hupso_counters\" href=\"https:\/\/www.hupso.com\/share\/\"><img decoding=\"async\" src=\"http:\/\/static.hupso.com\/share\/buttons\/lang\/es\/share-small.png\" style=\"border:0px; padding-top:2px; float:left;\" alt=\"Share Button\"\/><\/a><script type=\"text\/javascript\">var hupso_services_c=new Array(\"twitter\",\"facebook_like\",\"google\");var hupso_counters_lang = \"es_LA\";var hupso_image_folder_url = \"\";var hupso_twitter_via=\"crsyvrs\";var hupso_url_c=\"\";<\/script><script type=\"text\/javascript\" src=\"http:\/\/static.hupso.com\/share\/js\/counters.js\"><\/script><!-- Hupso Share Buttons --><\/div> ","protected":false},"excerpt":{"rendered":"<div style=\"padding-bottom:20px; padding-top:10px;\" class=\"hupso-share-buttons\"><!-- Hupso Share Buttons - https:\/\/www.hupso.com\/share\/ --><a class=\"hupso_counters\" href=\"https:\/\/www.hupso.com\/share\/\"><img src=\"http:\/\/static.hupso.com\/share\/buttons\/lang\/es\/share-small.png\" style=\"border:0px; padding-top:2px; float:left;\" alt=\"Share Button\"\/><\/a><script type=\"text\/javascript\">var hupso_services_c=new Array(\"twitter\",\"facebook_like\",\"google\");var hupso_counters_lang = \"es_LA\";var hupso_image_folder_url = \"\";var hupso_twitter_via=\"crsyvrs\";var hupso_url_c=\"\";<\/script><script type=\"text\/javascript\" src=\"http:\/\/static.hupso.com\/share\/js\/counters.js\"><\/script><!-- Hupso Share Buttons --><\/div><p>Con actividades virtuales y presenciales y la participaci\u00f3n de grandes figuras, &nbsp;el encuentro tendr\u00e1 lugar del 20 al 24 de octubre. En un formato mixto de virtualidad y presencial, el Festival Internacional de Literatura Filba celebra una nueva edici\u00f3n&#46;&#46;&#46;<\/p>\n<div style=\"padding-bottom:20px; padding-top:10px;\" class=\"hupso-share-buttons\"><!-- Hupso Share Buttons - https:\/\/www.hupso.com\/share\/ --><a class=\"hupso_counters\" href=\"https:\/\/www.hupso.com\/share\/\"><img src=\"http:\/\/static.hupso.com\/share\/buttons\/lang\/es\/share-small.png\" style=\"border:0px; padding-top:2px; float:left;\" alt=\"Share Button\"\/><\/a><script type=\"text\/javascript\">var hupso_services_c=new Array(\"twitter\",\"facebook_like\",\"google\");var hupso_counters_lang = \"es_LA\";var hupso_image_folder_url = \"\";var hupso_twitter_via=\"crsyvrs\";var hupso_url_c=\"\";<\/script><script type=\"text\/javascript\" src=\"http:\/\/static.hupso.com\/share\/js\/counters.js\"><\/script><!-- Hupso Share Buttons --><\/div>","protected":false},"author":5,"featured_media":32102,"comment_status":"closed","ping_status":"closed","sticky":false,"template":"","format":"standard","meta":{"footnotes":""},"categories":[7,9],"tags":[2895],"class_list":["post-32101","post","type-post","status-publish","format-standard","has-post-thumbnail","hentry","category-literatura","category-sociedad","tag-filba"],"_links":{"self":[{"href":"http:\/\/cronicasyversiones.com\/index.php?rest_route=\/wp\/v2\/posts\/32101","targetHints":{"allow":["GET"]}}],"collection":[{"href":"http:\/\/cronicasyversiones.com\/index.php?rest_route=\/wp\/v2\/posts"}],"about":[{"href":"http:\/\/cronicasyversiones.com\/index.php?rest_route=\/wp\/v2\/types\/post"}],"author":[{"embeddable":true,"href":"http:\/\/cronicasyversiones.com\/index.php?rest_route=\/wp\/v2\/users\/5"}],"replies":[{"embeddable":true,"href":"http:\/\/cronicasyversiones.com\/index.php?rest_route=%2Fwp%2Fv2%2Fcomments&post=32101"}],"version-history":[{"count":2,"href":"http:\/\/cronicasyversiones.com\/index.php?rest_route=\/wp\/v2\/posts\/32101\/revisions"}],"predecessor-version":[{"id":32277,"href":"http:\/\/cronicasyversiones.com\/index.php?rest_route=\/wp\/v2\/posts\/32101\/revisions\/32277"}],"wp:featuredmedia":[{"embeddable":true,"href":"http:\/\/cronicasyversiones.com\/index.php?rest_route=\/wp\/v2\/media\/32102"}],"wp:attachment":[{"href":"http:\/\/cronicasyversiones.com\/index.php?rest_route=%2Fwp%2Fv2%2Fmedia&parent=32101"}],"wp:term":[{"taxonomy":"category","embeddable":true,"href":"http:\/\/cronicasyversiones.com\/index.php?rest_route=%2Fwp%2Fv2%2Fcategories&post=32101"},{"taxonomy":"post_tag","embeddable":true,"href":"http:\/\/cronicasyversiones.com\/index.php?rest_route=%2Fwp%2Fv2%2Ftags&post=32101"}],"curies":[{"name":"wp","href":"https:\/\/api.w.org\/{rel}","templated":true}]}}