{"id":32208,"date":"2021-10-27T21:55:22","date_gmt":"2021-10-28T00:55:22","guid":{"rendered":"http:\/\/cronicasyversiones.com\/?p=32208"},"modified":"2021-10-27T21:55:23","modified_gmt":"2021-10-28T00:55:23","slug":"filmarts-presenta-gesualdo-madrigales-y-muerte","status":"publish","type":"post","link":"http:\/\/cronicasyversiones.com\/?p=32208","title":{"rendered":"Film&#038;Arts presenta \u201cGesualdo: Madrigales y muerte\u201d"},"content":{"rendered":"<div style=\"padding-bottom:20px; padding-top:10px;\" class=\"hupso-share-buttons\"><!-- Hupso Share Buttons - https:\/\/www.hupso.com\/share\/ --><a class=\"hupso_counters\" href=\"https:\/\/www.hupso.com\/share\/\"><img decoding=\"async\" src=\"http:\/\/static.hupso.com\/share\/buttons\/lang\/es\/share-small.png\" style=\"border:0px; padding-top:2px; float:left;\" alt=\"Share Button\"\/><\/a><script type=\"text\/javascript\">var hupso_services_c=new Array(\"twitter\",\"facebook_like\",\"google\");var hupso_counters_lang = \"es_LA\";var hupso_image_folder_url = \"\";var hupso_twitter_via=\"crsyvrs\";var hupso_url_c=\"\";<\/script><script type=\"text\/javascript\" src=\"http:\/\/static.hupso.com\/share\/js\/counters.js\"><\/script><!-- Hupso Share Buttons --><\/div><h2>La se\u00f1al emite un documental sobre la particular vida de una las figuras m\u00e1s llamativas de la historia de la m\u00fasica.<\/h2>\n<p><img loading=\"lazy\" decoding=\"async\" class=\" wp-image-32209 aligncenter\" src=\"http:\/\/cronicasyversiones.com\/wp-content\/uploads\/2021\/10\/TAPA-600X428-2021-10-11T091619.631-561x400-1.png\" alt=\"\" width=\"635\" height=\"453\" srcset=\"http:\/\/cronicasyversiones.com\/wp-content\/uploads\/2021\/10\/TAPA-600X428-2021-10-11T091619.631-561x400-1.png 561w, http:\/\/cronicasyversiones.com\/wp-content\/uploads\/2021\/10\/TAPA-600X428-2021-10-11T091619.631-561x400-1-300x214.png 300w, http:\/\/cronicasyversiones.com\/wp-content\/uploads\/2021\/10\/TAPA-600X428-2021-10-11T091619.631-561x400-1-350x250.png 350w\" sizes=\"auto, (max-width: 635px) 100vw, 635px\" \/><\/p>\n<p>El s\u00e1bado 30 de octubre a las 19, <strong>Film&amp;Arts<\/strong> pondr\u00e1 en pantalla el documental estreno<em><strong> \u201cGesualdo: Madrigales y muerte\u201d.<\/strong><\/em><\/p>\n<p>Carlo Gesualdo, asesino bestial y compositor divino, es una de las figuras m\u00e1s llamativas de la historia de la m\u00fasica.<\/p>\n<p>Basada en el dram\u00e1tico asesinato por honor que cometi\u00f3, la pel\u00edcula cuenta la historia de la m\u00fasica revolucionaria multifac\u00e9tica y la b\u00fasqueda del perd\u00f3n.<\/p>\n<p><strong>Gesualdo, de 47 a\u00f1os, es el Pr\u00edncipe de Venosa, un genio musical e insomne<\/strong>. Todas las noches permanece despierto, atormentado por el espantoso acto que cometi\u00f3 el 16 de octubre de 1590.<\/p>\n<p>A partir de esta secuencia inicial, el documental cuenta la historia de este personaje extraordinario, bien ilustrado a trav\u00e9s de visitas a los escenarios originales en N\u00e1poles y el pueblo de Gesualdo, as\u00ed como escenas representadas.<\/p>\n<p>A trav\u00e9s del poder de la m\u00fasica, el documental explora la delgada l\u00ednea entre la fascinaci\u00f3n y el disgusto. \u00bfC\u00f3mo es posible cometer un crimen capital y, sin embargo, escribir m\u00fasica divina? \u00bfEst\u00e1n el crimen y el genio entrelazados? \u00bfY se puede lograr la salvaci\u00f3n a trav\u00e9s de la m\u00fasica?<\/p>\n<div style=\"padding-bottom:20px; padding-top:10px;\" class=\"hupso-share-buttons\"><!-- Hupso Share Buttons - https:\/\/www.hupso.com\/share\/ --><a class=\"hupso_counters\" href=\"https:\/\/www.hupso.com\/share\/\"><img decoding=\"async\" src=\"http:\/\/static.hupso.com\/share\/buttons\/lang\/es\/share-small.png\" style=\"border:0px; padding-top:2px; float:left;\" alt=\"Share Button\"\/><\/a><script type=\"text\/javascript\">var hupso_services_c=new Array(\"twitter\",\"facebook_like\",\"google\");var hupso_counters_lang = \"es_LA\";var hupso_image_folder_url = \"\";var hupso_twitter_via=\"crsyvrs\";var hupso_url_c=\"\";<\/script><script type=\"text\/javascript\" src=\"http:\/\/static.hupso.com\/share\/js\/counters.js\"><\/script><!-- Hupso Share Buttons --><\/div> ","protected":false},"excerpt":{"rendered":"<div style=\"padding-bottom:20px; padding-top:10px;\" class=\"hupso-share-buttons\"><!-- Hupso Share Buttons - https:\/\/www.hupso.com\/share\/ --><a class=\"hupso_counters\" href=\"https:\/\/www.hupso.com\/share\/\"><img src=\"http:\/\/static.hupso.com\/share\/buttons\/lang\/es\/share-small.png\" style=\"border:0px; padding-top:2px; float:left;\" alt=\"Share Button\"\/><\/a><script type=\"text\/javascript\">var hupso_services_c=new Array(\"twitter\",\"facebook_like\",\"google\");var hupso_counters_lang = \"es_LA\";var hupso_image_folder_url = \"\";var hupso_twitter_via=\"crsyvrs\";var hupso_url_c=\"\";<\/script><script type=\"text\/javascript\" src=\"http:\/\/static.hupso.com\/share\/js\/counters.js\"><\/script><!-- Hupso Share Buttons --><\/div><p>La se\u00f1al emite un documental sobre la particular vida de una las figuras m\u00e1s llamativas de la historia de la m\u00fasica. El s\u00e1bado 30 de octubre a las 19, Film&amp;Arts pondr\u00e1 en pantalla el documental estreno \u201cGesualdo: Madrigales y&#46;&#46;&#46;<\/p>\n<div style=\"padding-bottom:20px; padding-top:10px;\" class=\"hupso-share-buttons\"><!-- Hupso Share Buttons - https:\/\/www.hupso.com\/share\/ --><a class=\"hupso_counters\" href=\"https:\/\/www.hupso.com\/share\/\"><img src=\"http:\/\/static.hupso.com\/share\/buttons\/lang\/es\/share-small.png\" style=\"border:0px; padding-top:2px; float:left;\" alt=\"Share Button\"\/><\/a><script type=\"text\/javascript\">var hupso_services_c=new Array(\"twitter\",\"facebook_like\",\"google\");var hupso_counters_lang = \"es_LA\";var hupso_image_folder_url = \"\";var hupso_twitter_via=\"crsyvrs\";var hupso_url_c=\"\";<\/script><script type=\"text\/javascript\" src=\"http:\/\/static.hupso.com\/share\/js\/counters.js\"><\/script><!-- Hupso Share Buttons --><\/div>","protected":false},"author":5,"featured_media":32209,"comment_status":"closed","ping_status":"closed","sticky":false,"template":"","format":"standard","meta":{"footnotes":""},"categories":[6],"tags":[944],"class_list":["post-32208","post","type-post","status-publish","format-standard","has-post-thumbnail","hentry","category-radio-y-tv","tag-documentales"],"_links":{"self":[{"href":"http:\/\/cronicasyversiones.com\/index.php?rest_route=\/wp\/v2\/posts\/32208","targetHints":{"allow":["GET"]}}],"collection":[{"href":"http:\/\/cronicasyversiones.com\/index.php?rest_route=\/wp\/v2\/posts"}],"about":[{"href":"http:\/\/cronicasyversiones.com\/index.php?rest_route=\/wp\/v2\/types\/post"}],"author":[{"embeddable":true,"href":"http:\/\/cronicasyversiones.com\/index.php?rest_route=\/wp\/v2\/users\/5"}],"replies":[{"embeddable":true,"href":"http:\/\/cronicasyversiones.com\/index.php?rest_route=%2Fwp%2Fv2%2Fcomments&post=32208"}],"version-history":[{"count":2,"href":"http:\/\/cronicasyversiones.com\/index.php?rest_route=\/wp\/v2\/posts\/32208\/revisions"}],"predecessor-version":[{"id":32391,"href":"http:\/\/cronicasyversiones.com\/index.php?rest_route=\/wp\/v2\/posts\/32208\/revisions\/32391"}],"wp:featuredmedia":[{"embeddable":true,"href":"http:\/\/cronicasyversiones.com\/index.php?rest_route=\/wp\/v2\/media\/32209"}],"wp:attachment":[{"href":"http:\/\/cronicasyversiones.com\/index.php?rest_route=%2Fwp%2Fv2%2Fmedia&parent=32208"}],"wp:term":[{"taxonomy":"category","embeddable":true,"href":"http:\/\/cronicasyversiones.com\/index.php?rest_route=%2Fwp%2Fv2%2Fcategories&post=32208"},{"taxonomy":"post_tag","embeddable":true,"href":"http:\/\/cronicasyversiones.com\/index.php?rest_route=%2Fwp%2Fv2%2Ftags&post=32208"}],"curies":[{"name":"wp","href":"https:\/\/api.w.org\/{rel}","templated":true}]}}