{"id":32288,"date":"2021-11-02T21:56:42","date_gmt":"2021-11-03T00:56:42","guid":{"rendered":"http:\/\/cronicasyversiones.com\/?p=32288"},"modified":"2021-11-02T21:56:43","modified_gmt":"2021-11-03T00:56:43","slug":"pianistas-argentinos-recrean-la-obra-de-manolo-juarez","status":"publish","type":"post","link":"http:\/\/cronicasyversiones.com\/?p=32288","title":{"rendered":"Pianistas argentinos recrean la obra de Manolo Ju\u00e1rez"},"content":{"rendered":"<div style=\"padding-bottom:20px; padding-top:10px;\" class=\"hupso-share-buttons\"><!-- Hupso Share Buttons - https:\/\/www.hupso.com\/share\/ --><a class=\"hupso_counters\" href=\"https:\/\/www.hupso.com\/share\/\"><img decoding=\"async\" src=\"http:\/\/static.hupso.com\/share\/buttons\/lang\/es\/share-small.png\" style=\"border:0px; padding-top:2px; float:left;\" alt=\"Share Button\"\/><\/a><script type=\"text\/javascript\">var hupso_services_c=new Array(\"twitter\",\"facebook_like\",\"google\");var hupso_counters_lang = \"es_LA\";var hupso_image_folder_url = \"\";var hupso_twitter_via=\"crsyvrs\";var hupso_url_c=\"\";<\/script><script type=\"text\/javascript\" src=\"http:\/\/static.hupso.com\/share\/js\/counters.js\"><\/script><!-- Hupso Share Buttons --><\/div><h2>El encuentro ser\u00e1 en el CCK, en forma presencial y virtual, para celebrar la obra del gran pianista, int\u00e9rprete y&nbsp; compositor.<\/h2>\n<p><img loading=\"lazy\" decoding=\"async\" class=\" wp-image-32289 aligncenter\" src=\"http:\/\/cronicasyversiones.com\/wp-content\/uploads\/2021\/10\/Manolo-Juarez-300x169.jpg\" alt=\"\" width=\"389\" height=\"219\" srcset=\"http:\/\/cronicasyversiones.com\/wp-content\/uploads\/2021\/10\/Manolo-Juarez-300x169.jpg 300w, http:\/\/cronicasyversiones.com\/wp-content\/uploads\/2021\/10\/Manolo-Juarez-768x432.jpg 768w, http:\/\/cronicasyversiones.com\/wp-content\/uploads\/2021\/10\/Manolo-Juarez-520x292.jpg 520w, http:\/\/cronicasyversiones.com\/wp-content\/uploads\/2021\/10\/Manolo-Juarez-720x404.jpg 720w, http:\/\/cronicasyversiones.com\/wp-content\/uploads\/2021\/10\/Manolo-Juarez.jpg 850w\" sizes=\"auto, (max-width: 389px) 100vw, 389px\" \/><\/p>\n<p><em><strong>\u201cUniverso Manolo Ju\u00e1rez\u201d<\/strong> <\/em>es el nombre del concierto que se realizar\u00e1 el pr\u00f3ximo 5 de noviembre en el Centro <strong>Cultural Kirchner (CCK)<\/strong> para celebrar la obra del gran pianista, int\u00e9rprete y&nbsp; compositor, en el marco del festival <em><strong>\u201cPiano Piano\u201d.<\/strong><\/em><\/p>\n<p>Notables m\u00fasicos argentinos estar\u00e1n a cargo de la presentaci\u00f3n que se podr\u00e1 ver en vivo y por streaming a trav\u00e9s del canal de YouTube del CCK y de la plataforma cont.ar, y en la que se interpretar\u00e1n obras que el gran m\u00fasico argentino fallecido el a\u00f1o pasado a los 83 a\u00f1os no tocaba habitualmente.<\/p>\n<p><strong>Manolo Ju\u00e1rez naci\u00f3 en C\u00f3rdoba en 1937<\/strong> y se caracteriz\u00f3 por trazar un camino dentro de lo popular y lo acad\u00e9mico ampliando las posibilidades expresivas de la m\u00fasica argentina.<\/p>\n<p>Adem\u00e1s de pianista y compositor, fue formador, rol desde el que fue uno de los fundadores en 1986 de la Escuela de M\u00fasica Popular de Avellaneda (Empa).<\/p>\n<p>El concierto que se realizar\u00e1 en el Auditorio Nacional del complejo cultural porte\u00f1o -cuyas entradas pueden conseguirse sin cargo con reserva previa en la web del lugar- constar\u00e1 de tres partes: la instrumental, la incidental y la grupal.<\/p>\n<p>La primera parte de piano solo contar\u00e1 con los pianistas Hern\u00e1n Jacinto, Fernanda Morello, Mingui Ingaramo y Luna Sujatovich -cada uno proveniente de diversos mundos musicales- quienes interpretar\u00e1n la obra de Manolo Ju\u00e1rez por primera vez. En esta oportunidad, abordar\u00e1n un repertorio poco visitado del compositor,<\/p>\n<p>La parte incidental hace eje en una faceta poco conocida de su trayectoria, vinculada a su incursi\u00f3n en la m\u00fasica para teatro y danza en los 60 y 70 y la realizaci\u00f3n de la m\u00fasica para el film \u201cEl oro nazi en Argentina\u201d en 2000.<\/p>\n<p><strong>Estos temas fueron recopilados en un disco que se llama \u201cIncidental\u201d.<\/strong><\/p>\n<p>Muchas de estas piezas tienen que ver con su universo personal: obras de jazz (Manolo inici\u00f3 su carrera en grandes orquestas y el jazz era un g\u00e9nero que amaba), los tangos y el universo teatral.<\/p>\n<p>Este segmento constar\u00e1 de una libre interpretaci\u00f3n del gran pianista Nicol\u00e1s Guerschberg, a quien acompa\u00f1ar\u00e1 el Mono Hurtado en contrabajo y Facundo Guevara en percusi\u00f3n.<\/p>\n<p>Para esta ocasi\u00f3n, Guerschberg viene realizando un trabajo de recopilaci\u00f3n debido a que no hay partituras originales de estas m\u00fasicas.<\/p>\n<div style=\"padding-bottom:20px; padding-top:10px;\" class=\"hupso-share-buttons\"><!-- Hupso Share Buttons - https:\/\/www.hupso.com\/share\/ --><a class=\"hupso_counters\" href=\"https:\/\/www.hupso.com\/share\/\"><img decoding=\"async\" src=\"http:\/\/static.hupso.com\/share\/buttons\/lang\/es\/share-small.png\" style=\"border:0px; padding-top:2px; float:left;\" alt=\"Share Button\"\/><\/a><script type=\"text\/javascript\">var hupso_services_c=new Array(\"twitter\",\"facebook_like\",\"google\");var hupso_counters_lang = \"es_LA\";var hupso_image_folder_url = \"\";var hupso_twitter_via=\"crsyvrs\";var hupso_url_c=\"\";<\/script><script type=\"text\/javascript\" src=\"http:\/\/static.hupso.com\/share\/js\/counters.js\"><\/script><!-- Hupso Share Buttons --><\/div> ","protected":false},"excerpt":{"rendered":"<div style=\"padding-bottom:20px; padding-top:10px;\" class=\"hupso-share-buttons\"><!-- Hupso Share Buttons - https:\/\/www.hupso.com\/share\/ --><a class=\"hupso_counters\" href=\"https:\/\/www.hupso.com\/share\/\"><img src=\"http:\/\/static.hupso.com\/share\/buttons\/lang\/es\/share-small.png\" style=\"border:0px; padding-top:2px; float:left;\" alt=\"Share Button\"\/><\/a><script type=\"text\/javascript\">var hupso_services_c=new Array(\"twitter\",\"facebook_like\",\"google\");var hupso_counters_lang = \"es_LA\";var hupso_image_folder_url = \"\";var hupso_twitter_via=\"crsyvrs\";var hupso_url_c=\"\";<\/script><script type=\"text\/javascript\" src=\"http:\/\/static.hupso.com\/share\/js\/counters.js\"><\/script><!-- Hupso Share Buttons --><\/div><p>El encuentro ser\u00e1 en el CCK, en forma presencial y virtual, para celebrar la obra del gran pianista, int\u00e9rprete y&nbsp; compositor. \u201cUniverso Manolo Ju\u00e1rez\u201d es el nombre del concierto que se realizar\u00e1 el pr\u00f3ximo 5 de noviembre en el&#46;&#46;&#46;<\/p>\n<div style=\"padding-bottom:20px; padding-top:10px;\" class=\"hupso-share-buttons\"><!-- Hupso Share Buttons - https:\/\/www.hupso.com\/share\/ --><a class=\"hupso_counters\" href=\"https:\/\/www.hupso.com\/share\/\"><img src=\"http:\/\/static.hupso.com\/share\/buttons\/lang\/es\/share-small.png\" style=\"border:0px; padding-top:2px; float:left;\" alt=\"Share Button\"\/><\/a><script type=\"text\/javascript\">var hupso_services_c=new Array(\"twitter\",\"facebook_like\",\"google\");var hupso_counters_lang = \"es_LA\";var hupso_image_folder_url = \"\";var hupso_twitter_via=\"crsyvrs\";var hupso_url_c=\"\";<\/script><script type=\"text\/javascript\" src=\"http:\/\/static.hupso.com\/share\/js\/counters.js\"><\/script><!-- Hupso Share Buttons --><\/div>","protected":false},"author":5,"featured_media":32289,"comment_status":"closed","ping_status":"closed","sticky":false,"template":"","format":"standard","meta":{"footnotes":""},"categories":[3],"tags":[],"class_list":["post-32288","post","type-post","status-publish","format-standard","has-post-thumbnail","hentry","category-musica"],"_links":{"self":[{"href":"http:\/\/cronicasyversiones.com\/index.php?rest_route=\/wp\/v2\/posts\/32288","targetHints":{"allow":["GET"]}}],"collection":[{"href":"http:\/\/cronicasyversiones.com\/index.php?rest_route=\/wp\/v2\/posts"}],"about":[{"href":"http:\/\/cronicasyversiones.com\/index.php?rest_route=\/wp\/v2\/types\/post"}],"author":[{"embeddable":true,"href":"http:\/\/cronicasyversiones.com\/index.php?rest_route=\/wp\/v2\/users\/5"}],"replies":[{"embeddable":true,"href":"http:\/\/cronicasyversiones.com\/index.php?rest_route=%2Fwp%2Fv2%2Fcomments&post=32288"}],"version-history":[{"count":2,"href":"http:\/\/cronicasyversiones.com\/index.php?rest_route=\/wp\/v2\/posts\/32288\/revisions"}],"predecessor-version":[{"id":32291,"href":"http:\/\/cronicasyversiones.com\/index.php?rest_route=\/wp\/v2\/posts\/32288\/revisions\/32291"}],"wp:featuredmedia":[{"embeddable":true,"href":"http:\/\/cronicasyversiones.com\/index.php?rest_route=\/wp\/v2\/media\/32289"}],"wp:attachment":[{"href":"http:\/\/cronicasyversiones.com\/index.php?rest_route=%2Fwp%2Fv2%2Fmedia&parent=32288"}],"wp:term":[{"taxonomy":"category","embeddable":true,"href":"http:\/\/cronicasyversiones.com\/index.php?rest_route=%2Fwp%2Fv2%2Fcategories&post=32288"},{"taxonomy":"post_tag","embeddable":true,"href":"http:\/\/cronicasyversiones.com\/index.php?rest_route=%2Fwp%2Fv2%2Ftags&post=32288"}],"curies":[{"name":"wp","href":"https:\/\/api.w.org\/{rel}","templated":true}]}}