{"id":32334,"date":"2021-11-23T21:37:48","date_gmt":"2021-11-24T00:37:48","guid":{"rendered":"http:\/\/cronicasyversiones.com\/?p=32334"},"modified":"2021-11-23T21:37:50","modified_gmt":"2021-11-24T00:37:50","slug":"eliana-sosa-presenta-de-donde-vengo-en-el-caff","status":"publish","type":"post","link":"http:\/\/cronicasyversiones.com\/?p=32334","title":{"rendered":"Eliana Sosa presenta \u201cDe d\u00f3nde vengo\u201d en el CAFF"},"content":{"rendered":"<div style=\"padding-bottom:20px; padding-top:10px;\" class=\"hupso-share-buttons\"><!-- Hupso Share Buttons - https:\/\/www.hupso.com\/share\/ --><a class=\"hupso_counters\" href=\"https:\/\/www.hupso.com\/share\/\"><img decoding=\"async\" src=\"http:\/\/static.hupso.com\/share\/buttons\/lang\/es\/share-small.png\" style=\"border:0px; padding-top:2px; float:left;\" alt=\"Share Button\"\/><\/a><script type=\"text\/javascript\">var hupso_services_c=new Array(\"twitter\",\"facebook_like\",\"google\");var hupso_counters_lang = \"es_LA\";var hupso_image_folder_url = \"\";var hupso_twitter_via=\"crsyvrs\";var hupso_url_c=\"\";<\/script><script type=\"text\/javascript\" src=\"http:\/\/static.hupso.com\/share\/js\/counters.js\"><\/script><!-- Hupso Share Buttons --><\/div><h2>La cantante de tango har\u00e1 la presentaci\u00f3n oficial de su nuevo \u00e1lbum con temas cl\u00e1sicos del g\u00e9nero y de autores contempor\u00e1neos.<\/h2>\n<p><img loading=\"lazy\" decoding=\"async\" class=\"size-medium wp-image-32335 aligncenter\" src=\"http:\/\/cronicasyversiones.com\/wp-content\/uploads\/2021\/10\/eliana-sosa-300x210.jpeg\" alt=\"\" width=\"300\" height=\"210\" srcset=\"http:\/\/cronicasyversiones.com\/wp-content\/uploads\/2021\/10\/eliana-sosa-300x210.jpeg 300w, http:\/\/cronicasyversiones.com\/wp-content\/uploads\/2021\/10\/eliana-sosa-1024x716.jpeg 1024w, http:\/\/cronicasyversiones.com\/wp-content\/uploads\/2021\/10\/eliana-sosa-768x537.jpeg 768w, http:\/\/cronicasyversiones.com\/wp-content\/uploads\/2021\/10\/eliana-sosa-1536x1074.jpeg 1536w, http:\/\/cronicasyversiones.com\/wp-content\/uploads\/2021\/10\/eliana-sosa.jpeg 1792w\" sizes=\"auto, (max-width: 300px) 100vw, 300px\" \/><\/p>\n<p>La cantante de tango <strong>Eliana Sosa<\/strong> realizar\u00e1 la presentaci\u00f3n oficial de<em><strong> \u201cDe d\u00f3nde vengo\u201d,<\/strong><\/em> &nbsp;su nuevo \u00e1lbum, &nbsp;el 10 de diciembre a las 21 en el <strong>Club Atl\u00e9tico Fern\u00e1ndez Fierro.<\/strong><\/p>\n<p>En febrero de este a\u00f1o sali\u00f3 en todas las plataformas digitales y hoy, con un panorama generalizado de post pandemia para los espect\u00e1culos en vivo, anuncia este reencuentro con el p\u00fablico porte\u00f1o en el m\u00edtico CAFF.<\/p>\n<p><strong>Eliana es la voz actual de La Orquesta T\u00edpica Misteriosa Buenos Aires y de La Orquesta Juan Pablo Gallardo<\/strong>, realiz\u00f3 giras en nuestro pa\u00eds y por Europa en milongas, festivales y teatros. Adem\u00e1s, integr\u00f3 el elenco del Thailnd Tango Festival junto a la Tango Select en Asia y participo junto a La Misteriosa en el festival de tango de Medell\u00edn en Colombia.<\/p>\n<p>En esta oportunidad, adem\u00e1s de grandes cl\u00e1sicos del tango y autores contempor\u00e1neos como El Tape Rub\u00edn y la artista mexicana Natalia Lafourcade, Eliana nos trae composiciones propias como Hermana, El tren de las 6, Bailarines, De d\u00f3nde vengo, (milonga que le da nombre al \u00e1lbum) y Sepia, tango compuesto junto a Guido Iacopetti.<\/p>\n<blockquote><p>\u201cA lo largo de mi carrera interpret\u00e9 a grandes letristas del tango como Homero Manzi, Enrique Santos Disc\u00e9polo y compositores a quienes admiro y seguir\u00e1n siendo parte de m\u00ed. Y en esta ocasi\u00f3n tuve la necesidad de cantarle a mi gente, a mi barrio, a mi familia, a quienes me hacen qui\u00e9n soy y es por eso que DE DONDE es mucho m\u00e1s que mi segundo disco de tango, es lo genuino de mi ser y espero lo disfruten\u00bb, comenta Eliana.<\/p>\n<p>&nbsp;<\/p><\/blockquote>\n<p><iframe loading=\"lazy\" title=\"YouTube video player\" src=\"https:\/\/www.youtube.com\/embed\/lp4M7tFnRRU\" width=\"560\" height=\"315\" frameborder=\"0\" allowfullscreen=\"allowfullscreen\"><\/iframe><\/p>\n<p>En 2013 present\u00f3 su primer disco solista Sinergia Tanguera con grandes m\u00fasicos de la actualidad del tango. Lanz\u00f3 tres discos con La Orquesta T\u00edpica Misteriosa Bs. As lanz\u00f3, \u201cUna noche en la milonga\u201d (2013), \u201cTu lado ac\u00fastico\u201d (2015) y \u201cHoy Misteriosa\u201d (2018).<\/p>\n<p><em><strong>\u201cDe culto y popular\u201d<\/strong><\/em> es el nombre que lleva el disco que presentaron en 2019 con La Juan Pablo Gallardo.<\/p>\n<p>Fue conductora del programa radial Tango que fuiste y ser\u00e1s junto a Norberto Barleand en Radio Nacional Folcl\u00f3rica, es docente y creadora del curso para cantantes Tango para voz que hoy es parte del programa cultural del Gobierno de la Ciudad de Buenos Aires Tango joven.<\/p>\n<p>Pertenece al staff de la Casa de la Cultura de Florencio Varela desde hace m\u00e1s de 12 a\u00f1os donde se desempe\u00f1a como artista y docente.<\/p>\n<p>&nbsp;<\/p>\n<div style=\"padding-bottom:20px; padding-top:10px;\" class=\"hupso-share-buttons\"><!-- Hupso Share Buttons - https:\/\/www.hupso.com\/share\/ --><a class=\"hupso_counters\" href=\"https:\/\/www.hupso.com\/share\/\"><img decoding=\"async\" src=\"http:\/\/static.hupso.com\/share\/buttons\/lang\/es\/share-small.png\" style=\"border:0px; padding-top:2px; float:left;\" alt=\"Share Button\"\/><\/a><script type=\"text\/javascript\">var hupso_services_c=new Array(\"twitter\",\"facebook_like\",\"google\");var hupso_counters_lang = \"es_LA\";var hupso_image_folder_url = \"\";var hupso_twitter_via=\"crsyvrs\";var hupso_url_c=\"\";<\/script><script type=\"text\/javascript\" src=\"http:\/\/static.hupso.com\/share\/js\/counters.js\"><\/script><!-- Hupso Share Buttons --><\/div> ","protected":false},"excerpt":{"rendered":"<div style=\"padding-bottom:20px; padding-top:10px;\" class=\"hupso-share-buttons\"><!-- Hupso Share Buttons - https:\/\/www.hupso.com\/share\/ --><a class=\"hupso_counters\" href=\"https:\/\/www.hupso.com\/share\/\"><img src=\"http:\/\/static.hupso.com\/share\/buttons\/lang\/es\/share-small.png\" style=\"border:0px; padding-top:2px; float:left;\" alt=\"Share Button\"\/><\/a><script type=\"text\/javascript\">var hupso_services_c=new Array(\"twitter\",\"facebook_like\",\"google\");var hupso_counters_lang = \"es_LA\";var hupso_image_folder_url = \"\";var hupso_twitter_via=\"crsyvrs\";var hupso_url_c=\"\";<\/script><script type=\"text\/javascript\" src=\"http:\/\/static.hupso.com\/share\/js\/counters.js\"><\/script><!-- Hupso Share Buttons --><\/div><p>La cantante de tango har\u00e1 la presentaci\u00f3n oficial de su nuevo \u00e1lbum con temas cl\u00e1sicos del g\u00e9nero y de autores contempor\u00e1neos. La cantante de tango Eliana Sosa realizar\u00e1 la presentaci\u00f3n oficial de \u201cDe d\u00f3nde vengo\u201d, &nbsp;su nuevo \u00e1lbum, &nbsp;el&#46;&#46;&#46;<\/p>\n<div style=\"padding-bottom:20px; padding-top:10px;\" class=\"hupso-share-buttons\"><!-- Hupso Share Buttons - https:\/\/www.hupso.com\/share\/ --><a class=\"hupso_counters\" href=\"https:\/\/www.hupso.com\/share\/\"><img src=\"http:\/\/static.hupso.com\/share\/buttons\/lang\/es\/share-small.png\" style=\"border:0px; padding-top:2px; float:left;\" alt=\"Share Button\"\/><\/a><script type=\"text\/javascript\">var hupso_services_c=new Array(\"twitter\",\"facebook_like\",\"google\");var hupso_counters_lang = \"es_LA\";var hupso_image_folder_url = \"\";var hupso_twitter_via=\"crsyvrs\";var hupso_url_c=\"\";<\/script><script type=\"text\/javascript\" src=\"http:\/\/static.hupso.com\/share\/js\/counters.js\"><\/script><!-- Hupso Share Buttons --><\/div>","protected":false},"author":5,"featured_media":32335,"comment_status":"closed","ping_status":"closed","sticky":false,"template":"","format":"standard","meta":{"footnotes":""},"categories":[3],"tags":[467],"class_list":["post-32334","post","type-post","status-publish","format-standard","has-post-thumbnail","hentry","category-musica","tag-tango"],"_links":{"self":[{"href":"http:\/\/cronicasyversiones.com\/index.php?rest_route=\/wp\/v2\/posts\/32334","targetHints":{"allow":["GET"]}}],"collection":[{"href":"http:\/\/cronicasyversiones.com\/index.php?rest_route=\/wp\/v2\/posts"}],"about":[{"href":"http:\/\/cronicasyversiones.com\/index.php?rest_route=\/wp\/v2\/types\/post"}],"author":[{"embeddable":true,"href":"http:\/\/cronicasyversiones.com\/index.php?rest_route=\/wp\/v2\/users\/5"}],"replies":[{"embeddable":true,"href":"http:\/\/cronicasyversiones.com\/index.php?rest_route=%2Fwp%2Fv2%2Fcomments&post=32334"}],"version-history":[{"count":2,"href":"http:\/\/cronicasyversiones.com\/index.php?rest_route=\/wp\/v2\/posts\/32334\/revisions"}],"predecessor-version":[{"id":32611,"href":"http:\/\/cronicasyversiones.com\/index.php?rest_route=\/wp\/v2\/posts\/32334\/revisions\/32611"}],"wp:featuredmedia":[{"embeddable":true,"href":"http:\/\/cronicasyversiones.com\/index.php?rest_route=\/wp\/v2\/media\/32335"}],"wp:attachment":[{"href":"http:\/\/cronicasyversiones.com\/index.php?rest_route=%2Fwp%2Fv2%2Fmedia&parent=32334"}],"wp:term":[{"taxonomy":"category","embeddable":true,"href":"http:\/\/cronicasyversiones.com\/index.php?rest_route=%2Fwp%2Fv2%2Fcategories&post=32334"},{"taxonomy":"post_tag","embeddable":true,"href":"http:\/\/cronicasyversiones.com\/index.php?rest_route=%2Fwp%2Fv2%2Ftags&post=32334"}],"curies":[{"name":"wp","href":"https:\/\/api.w.org\/{rel}","templated":true}]}}