{"id":32420,"date":"2021-11-01T18:40:41","date_gmt":"2021-11-01T21:40:41","guid":{"rendered":"http:\/\/cronicasyversiones.com\/?p=32420"},"modified":"2021-11-01T18:40:41","modified_gmt":"2021-11-01T21:40:41","slug":"el-encuentro-de-acordeonistas-del-rio-de-la-plata-en-san-telmo","status":"publish","type":"post","link":"http:\/\/cronicasyversiones.com\/?p=32420","title":{"rendered":"El Encuentro de Acordeonistas del R\u00edo de La Plata, en San Telmo"},"content":{"rendered":"<div style=\"padding-bottom:20px; padding-top:10px;\" class=\"hupso-share-buttons\"><!-- Hupso Share Buttons - https:\/\/www.hupso.com\/share\/ --><a class=\"hupso_counters\" href=\"https:\/\/www.hupso.com\/share\/\"><img decoding=\"async\" src=\"http:\/\/static.hupso.com\/share\/buttons\/lang\/es\/share-small.png\" style=\"border:0px; padding-top:2px; float:left;\" alt=\"Share Button\"\/><\/a><script type=\"text\/javascript\">var hupso_services_c=new Array(\"twitter\",\"facebook_like\",\"google\");var hupso_counters_lang = \"es_LA\";var hupso_image_folder_url = \"\";var hupso_twitter_via=\"crsyvrs\";var hupso_url_c=\"\";<\/script><script type=\"text\/javascript\" src=\"http:\/\/static.hupso.com\/share\/js\/counters.js\"><\/script><!-- Hupso Share Buttons --><\/div><h2>El intercambio art\u00edstico incluye m\u00fasica en vivo, talleres y cine documental, ente otras actividades que tendr\u00e1n lugar en Pista Urbana.<\/h2>\n<p><img loading=\"lazy\" decoding=\"async\" class=\"size-medium wp-image-32421 aligncenter\" src=\"http:\/\/cronicasyversiones.com\/wp-content\/uploads\/2021\/11\/18839200_1815178082128574_4826282260547100138_n-300x300.jpg\" alt=\"\" width=\"300\" height=\"300\" srcset=\"http:\/\/cronicasyversiones.com\/wp-content\/uploads\/2021\/11\/18839200_1815178082128574_4826282260547100138_n-300x300.jpg 300w, http:\/\/cronicasyversiones.com\/wp-content\/uploads\/2021\/11\/18839200_1815178082128574_4826282260547100138_n-200x200.jpg 200w, http:\/\/cronicasyversiones.com\/wp-content\/uploads\/2021\/11\/18839200_1815178082128574_4826282260547100138_n-320x320.jpg 320w, http:\/\/cronicasyversiones.com\/wp-content\/uploads\/2021\/11\/18839200_1815178082128574_4826282260547100138_n.jpg 650w\" sizes=\"auto, (max-width: 300px) 100vw, 300px\" \/><\/p>\n<p>El <strong>Encuentro de Acordeonistas del R\u00edo de La Plata,<\/strong> un espacio de intercambio art\u00edstico de conocimientos y experiencias que tiene al acorde\u00f3n como protagonista y que incluye m\u00fasica en vivo, talleres y cine documental, ente otras actividades, presentar\u00e1 un ciclo del jueves \u00a0al domingo en<strong> Pista Urbana.<\/strong><\/p>\n<p>La sexta edici\u00f3n del encuentro que por primera vez llega a la ciudad de Buenos Aires- ya que las cinco anteriores se realizaron en La Plata y en Punta Lara- abrir\u00e1 este jueves en Chacabuco 874 con una<strong> \u00abBienvenida para el Encuentro\u00bb,<\/strong> ritual guiado por Ximena Villaro, Le Piqui y Federico Aguirre, donde se entrelazar\u00e1n voces y canciones para iniciar la celebraci\u00f3n.<\/p>\n<p>El viernes continuar\u00e1 con la presentaci\u00f3n de Gabriel Abramovici y Segundo Mundo, que acercar\u00e1n el universo de la m\u00fasica balc\u00e1nica y klezmer, a trav\u00e9s de un taller m\u00e1s -los interesados en inscribirse pueden escribir a encuentrodeacordeoneslp@gmail.com-y un concierto en formato \u00abpocket band\u00bb.<\/p>\n<p>&nbsp;<\/p>\n<blockquote class=\"instagram-media\" style=\"background: #FFF; border: 0; border-radius: 3px; box-shadow: 0 0 1px 0 rgba(0,0,0,0.5),0 1px 10px 0 rgba(0,0,0,0.15); margin: 1px; max-width: 540px; min-width: 326px; padding: 0; width: calc(100% - 2px);\" data-instgrm-captioned=\"\" data-instgrm-permalink=\"https:\/\/www.instagram.com\/p\/CVvEEe0g6Qf\/?utm_source=ig_embed&amp;utm_campaign=loading\" data-instgrm-version=\"14\">\n<div style=\"padding: 16px;\">\n<p>&nbsp;<\/p>\n<div style=\"display: flex; flex-direction: row; align-items: center;\">\n<div style=\"background-color: #f4f4f4; border-radius: 50%; flex-grow: 0; height: 40px; margin-right: 14px; width: 40px;\"><\/div>\n<div style=\"display: flex; flex-direction: column; flex-grow: 1; justify-content: center;\">\n<div style=\"background-color: #f4f4f4; border-radius: 4px; flex-grow: 0; height: 14px; margin-bottom: 6px; width: 100px;\"><\/div>\n<div style=\"background-color: #f4f4f4; border-radius: 4px; flex-grow: 0; height: 14px; width: 60px;\"><\/div>\n<\/div>\n<\/div>\n<div style=\"padding: 19% 0;\"><\/div>\n<div style=\"display: block; height: 50px; margin: 0 auto 12px; width: 50px;\"><\/div>\n<div style=\"padding-top: 8px;\">\n<div style=\"color: #3897f0; font-family: Arial,sans-serif; font-size: 14px; font-style: normal; font-weight: 550; line-height: 18px;\">Ver esta publicaci\u00f3n en Instagram<\/div>\n<\/div>\n<div style=\"padding: 12.5% 0;\"><\/div>\n<div style=\"display: flex; flex-direction: row; margin-bottom: 14px; align-items: center;\">\n<div>\n<div style=\"background-color: #f4f4f4; border-radius: 50%; height: 12.5px; width: 12.5px; transform: translateX(0px) translateY(7px);\"><\/div>\n<div style=\"background-color: #f4f4f4; height: 12.5px; transform: rotate(-45deg) translateX(3px) translateY(1px); width: 12.5px; flex-grow: 0; margin-right: 14px; margin-left: 2px;\"><\/div>\n<div style=\"background-color: #f4f4f4; border-radius: 50%; height: 12.5px; width: 12.5px; transform: translateX(9px) translateY(-18px);\"><\/div>\n<\/div>\n<div style=\"margin-left: 8px;\">\n<div style=\"background-color: #f4f4f4; border-radius: 50%; flex-grow: 0; height: 20px; width: 20px;\"><\/div>\n<div style=\"width: 0; height: 0; border-top: 2px solid transparent; border-left: 6px solid #f4f4f4; border-bottom: 2px solid transparent; transform: translateX(16px) translateY(-4px) rotate(30deg);\"><\/div>\n<\/div>\n<div style=\"margin-left: auto;\">\n<div style=\"width: 0px; border-top: 8px solid #F4F4F4; border-right: 8px solid transparent; transform: translateY(16px);\"><\/div>\n<div style=\"background-color: #f4f4f4; flex-grow: 0; height: 12px; width: 16px; transform: translateY(-4px);\"><\/div>\n<div style=\"width: 0; height: 0; border-top: 8px solid #F4F4F4; border-left: 8px solid transparent; transform: translateY(-4px) translateX(8px);\"><\/div>\n<\/div>\n<\/div>\n<div style=\"display: flex; flex-direction: column; flex-grow: 1; justify-content: center; margin-bottom: 24px;\">\n<div style=\"background-color: #f4f4f4; border-radius: 4px; flex-grow: 0; height: 14px; margin-bottom: 6px; width: 224px;\"><\/div>\n<div style=\"background-color: #f4f4f4; border-radius: 4px; flex-grow: 0; height: 14px; width: 144px;\"><\/div>\n<\/div>\n<p>&nbsp;<\/p>\n<p style=\"color: #c9c8cd; font-family: Arial,sans-serif; font-size: 14px; line-height: 17px; margin-bottom: 0; margin-top: 8px; overflow: hidden; padding: 8px 0 7px; text-align: center; text-overflow: ellipsis; white-space: nowrap;\"><a style=\"color: #c9c8cd; font-family: Arial,sans-serif; font-size: 14px; font-style: normal; font-weight: normal; line-height: 17px; text-decoration: none;\" href=\"https:\/\/www.instagram.com\/p\/CVvEEe0g6Qf\/?utm_source=ig_embed&amp;utm_campaign=loading\" target=\"_blank\" rel=\"noopener\">Una publicaci\u00f3n compartida por M\u00fasica en vivo?????? (@pista_urbana)<\/a><\/p>\n<\/div>\n<\/blockquote>\n<p><script async src=\"\/\/www.instagram.com\/embed.js\"><\/script><\/p>\n<p>El ciclo continuar\u00e1 el s\u00e1bado con la proyecci\u00f3n del documental <strong>\u00abRa\u00fal Barboza, el sentimiento de abrazar\u00bb<\/strong> y se realizar\u00e1 un conversatorio sobre identidad musical con la participaci\u00f3n de su directora Silvia Di Florio, junto a Fernando Lernoud, Milagros Blanco, Natalio Sturla y Giovanna Fusco.<\/p>\n<p>El Cuarteto de las Islas, adem\u00e1s, ofrecer\u00e1 un concierto en vivo compartiendo un testimonio sonoro de la regi\u00f3n de las islas bonaerenses.<\/p>\n<p>El ciclo finalizar\u00e1 el domingo con la proyecci\u00f3n de <em><strong>\u00abAnconetani\u00bb<\/strong><\/em>, una pel\u00edcula de Silvia Di Florio y Gustavo Cataldi sobre la migraci\u00f3n, la m\u00fasica, los trabajos artesanales y las particulares formas de una familia.<\/p>\n<p>Luego la Payasa Dorita unir\u00e1 el Mercado de San Telmo con Pista Urbana con su show infantil, y la cumbia del Grupo Con Sabor, una dar\u00e1 una fiesta en la calle.<\/p>\n<p>El 21 de noviembre en el Centro Cultural Vieja Estaci\u00f3n de Ensenada, se realizar\u00e1 la muestra de trabajos recibidos en el marco de la convocatoria internacional de Arte Correo<em><strong> \u00abEl Esp\u00edritu del Encuentro\u00bb<\/strong> <\/em>con la curadur\u00eda de Leonor Arnao, y cuyo objetivo es expandir las formas del encuentro.<\/p>\n<p>&nbsp;<\/p>\n<div style=\"padding-bottom:20px; padding-top:10px;\" class=\"hupso-share-buttons\"><!-- Hupso Share Buttons - https:\/\/www.hupso.com\/share\/ --><a class=\"hupso_counters\" href=\"https:\/\/www.hupso.com\/share\/\"><img decoding=\"async\" src=\"http:\/\/static.hupso.com\/share\/buttons\/lang\/es\/share-small.png\" style=\"border:0px; padding-top:2px; float:left;\" alt=\"Share Button\"\/><\/a><script type=\"text\/javascript\">var hupso_services_c=new Array(\"twitter\",\"facebook_like\",\"google\");var hupso_counters_lang = \"es_LA\";var hupso_image_folder_url = \"\";var hupso_twitter_via=\"crsyvrs\";var hupso_url_c=\"\";<\/script><script type=\"text\/javascript\" src=\"http:\/\/static.hupso.com\/share\/js\/counters.js\"><\/script><!-- Hupso Share Buttons --><\/div> ","protected":false},"excerpt":{"rendered":"<div style=\"padding-bottom:20px; padding-top:10px;\" class=\"hupso-share-buttons\"><!-- Hupso Share Buttons - https:\/\/www.hupso.com\/share\/ --><a class=\"hupso_counters\" href=\"https:\/\/www.hupso.com\/share\/\"><img src=\"http:\/\/static.hupso.com\/share\/buttons\/lang\/es\/share-small.png\" style=\"border:0px; padding-top:2px; float:left;\" alt=\"Share Button\"\/><\/a><script type=\"text\/javascript\">var hupso_services_c=new Array(\"twitter\",\"facebook_like\",\"google\");var hupso_counters_lang = \"es_LA\";var hupso_image_folder_url = \"\";var hupso_twitter_via=\"crsyvrs\";var hupso_url_c=\"\";<\/script><script type=\"text\/javascript\" src=\"http:\/\/static.hupso.com\/share\/js\/counters.js\"><\/script><!-- Hupso Share Buttons --><\/div><p>El intercambio art\u00edstico incluye m\u00fasica en vivo, talleres y cine documental, ente otras actividades que tendr\u00e1n lugar en Pista Urbana. El Encuentro de Acordeonistas del R\u00edo de La Plata, un espacio de intercambio art\u00edstico de conocimientos y experiencias que&#46;&#46;&#46;<\/p>\n<div style=\"padding-bottom:20px; padding-top:10px;\" class=\"hupso-share-buttons\"><!-- Hupso Share Buttons - https:\/\/www.hupso.com\/share\/ --><a class=\"hupso_counters\" href=\"https:\/\/www.hupso.com\/share\/\"><img src=\"http:\/\/static.hupso.com\/share\/buttons\/lang\/es\/share-small.png\" style=\"border:0px; padding-top:2px; float:left;\" alt=\"Share Button\"\/><\/a><script type=\"text\/javascript\">var hupso_services_c=new Array(\"twitter\",\"facebook_like\",\"google\");var hupso_counters_lang = \"es_LA\";var hupso_image_folder_url = \"\";var hupso_twitter_via=\"crsyvrs\";var hupso_url_c=\"\";<\/script><script type=\"text\/javascript\" src=\"http:\/\/static.hupso.com\/share\/js\/counters.js\"><\/script><!-- Hupso Share Buttons --><\/div>","protected":false},"author":5,"featured_media":32421,"comment_status":"closed","ping_status":"closed","sticky":false,"template":"","format":"standard","meta":{"footnotes":""},"categories":[3],"tags":[],"class_list":["post-32420","post","type-post","status-publish","format-standard","has-post-thumbnail","hentry","category-musica"],"_links":{"self":[{"href":"http:\/\/cronicasyversiones.com\/index.php?rest_route=\/wp\/v2\/posts\/32420","targetHints":{"allow":["GET"]}}],"collection":[{"href":"http:\/\/cronicasyversiones.com\/index.php?rest_route=\/wp\/v2\/posts"}],"about":[{"href":"http:\/\/cronicasyversiones.com\/index.php?rest_route=\/wp\/v2\/types\/post"}],"author":[{"embeddable":true,"href":"http:\/\/cronicasyversiones.com\/index.php?rest_route=\/wp\/v2\/users\/5"}],"replies":[{"embeddable":true,"href":"http:\/\/cronicasyversiones.com\/index.php?rest_route=%2Fwp%2Fv2%2Fcomments&post=32420"}],"version-history":[{"count":1,"href":"http:\/\/cronicasyversiones.com\/index.php?rest_route=\/wp\/v2\/posts\/32420\/revisions"}],"predecessor-version":[{"id":32422,"href":"http:\/\/cronicasyversiones.com\/index.php?rest_route=\/wp\/v2\/posts\/32420\/revisions\/32422"}],"wp:featuredmedia":[{"embeddable":true,"href":"http:\/\/cronicasyversiones.com\/index.php?rest_route=\/wp\/v2\/media\/32421"}],"wp:attachment":[{"href":"http:\/\/cronicasyversiones.com\/index.php?rest_route=%2Fwp%2Fv2%2Fmedia&parent=32420"}],"wp:term":[{"taxonomy":"category","embeddable":true,"href":"http:\/\/cronicasyversiones.com\/index.php?rest_route=%2Fwp%2Fv2%2Fcategories&post=32420"},{"taxonomy":"post_tag","embeddable":true,"href":"http:\/\/cronicasyversiones.com\/index.php?rest_route=%2Fwp%2Fv2%2Ftags&post=32420"}],"curies":[{"name":"wp","href":"https:\/\/api.w.org\/{rel}","templated":true}]}}