{"id":32423,"date":"2021-11-01T19:13:25","date_gmt":"2021-11-01T22:13:25","guid":{"rendered":"http:\/\/cronicasyversiones.com\/?p=32423"},"modified":"2021-11-01T19:13:25","modified_gmt":"2021-11-01T22:13:25","slug":"el-encuentro-de-cine-europeo-2021-en-formato-online","status":"publish","type":"post","link":"http:\/\/cronicasyversiones.com\/?p=32423","title":{"rendered":"El Encuentro de Cine Europeo 2021, en formato online"},"content":{"rendered":"<div style=\"padding-bottom:20px; padding-top:10px;\" class=\"hupso-share-buttons\"><!-- Hupso Share Buttons - https:\/\/www.hupso.com\/share\/ --><a class=\"hupso_counters\" href=\"https:\/\/www.hupso.com\/share\/\"><img decoding=\"async\" src=\"http:\/\/static.hupso.com\/share\/buttons\/lang\/es\/share-small.png\" style=\"border:0px; padding-top:2px; float:left;\" alt=\"Share Button\"\/><\/a><script type=\"text\/javascript\">var hupso_services_c=new Array(\"twitter\",\"facebook_like\",\"google\");var hupso_counters_lang = \"es_LA\";var hupso_image_folder_url = \"\";var hupso_twitter_via=\"crsyvrs\";var hupso_url_c=\"\";<\/script><script type=\"text\/javascript\" src=\"http:\/\/static.hupso.com\/share\/js\/counters.js\"><\/script><!-- Hupso Share Buttons --><\/div><h2>En su octava edici\u00f3n que se desarrollar\u00e1 hasta 30 de noviembre, la cita ofrece 14 pel\u00edculas bajo la consigna \u00abDe cara a la realidad\u00bb.<\/h2>\n<p><img loading=\"lazy\" decoding=\"async\" class=\"size-medium wp-image-32424 aligncenter\" src=\"http:\/\/cronicasyversiones.com\/wp-content\/uploads\/2021\/11\/617b120abcfe8_900-300x169.jpg\" alt=\"\" width=\"300\" height=\"169\" srcset=\"http:\/\/cronicasyversiones.com\/wp-content\/uploads\/2021\/11\/617b120abcfe8_900-300x169.jpg 300w, http:\/\/cronicasyversiones.com\/wp-content\/uploads\/2021\/11\/617b120abcfe8_900-768x432.jpg 768w, http:\/\/cronicasyversiones.com\/wp-content\/uploads\/2021\/11\/617b120abcfe8_900-520x292.jpg 520w, http:\/\/cronicasyversiones.com\/wp-content\/uploads\/2021\/11\/617b120abcfe8_900-720x404.jpg 720w, http:\/\/cronicasyversiones.com\/wp-content\/uploads\/2021\/11\/617b120abcfe8_900.jpg 900w\" sizes=\"auto, (max-width: 300px) 100vw, 300px\" \/><\/p>\n<p>El<strong> Encuentro de Cine Europeo en Argentina (ECE),<\/strong> en su octava edici\u00f3n que se desarrollar\u00e1 hasta 30 de noviembre de manera online a trav\u00e9s de<strong> Cineueargentina.com,<\/strong> presenta <em><strong>\u00abDe cara a la realidad\u00bb,<\/strong><\/em> una consigna que tiene que ver con la programaci\u00f3n de catorce t\u00edtulos \u00abde cineastas europeos sobre retos universales que repercuten en lo individual\u00bb.<\/p>\n<p><strong>El ECE se realizar\u00e1 en dos etapas: ECE primavera -durante noviembre 2021-, y ECE oto\u00f1o -en mayo 2022-, en el mes en el que se celebra el D\u00eda de Europa.<\/strong><\/p>\n<p>El encuentro es virtual, pero habr\u00e1 una funci\u00f3n inaugural al aire libre el 3 de noviembre en el Centro Cultural Recoleta en donde se proyectar\u00e1 la pel\u00edcula eslovena <em><strong>\u00abInventory\u00bb<\/strong><\/em>, de Darko Sinko, que tuvo su premiere mundial en el reciente Festival de San Sebasti\u00e1n.<\/p>\n<p>El film de Sinko est\u00e1 centrado en un hombre com\u00fan que un d\u00eda atraviesa un intento de asesinato. Aunque las pesquisas policiales no arrojan ning\u00fan resultado, el protagonista comienza su propia investigaci\u00f3n y descubre que tiene muchos m\u00e1s enemigos de lo que supon\u00eda y el relato, desde la tragicomedia, reflexiona sobre la percepci\u00f3n irreal del personaje sobre su propia existencia.<\/p>\n<p>&nbsp;<\/p>\n<blockquote class=\"instagram-media\" style=\"background: #FFF; border: 0; border-radius: 3px; box-shadow: 0 0 1px 0 rgba(0,0,0,0.5),0 1px 10px 0 rgba(0,0,0,0.15); margin: 1px; max-width: 540px; min-width: 326px; padding: 0; width: calc(100% - 2px);\" data-instgrm-captioned=\"\" data-instgrm-permalink=\"https:\/\/www.instagram.com\/p\/CVvOg4gFnl7\/?utm_source=ig_embed&amp;utm_campaign=loading\" data-instgrm-version=\"14\">\n<div style=\"padding: 16px;\">\n<p>&nbsp;<\/p>\n<div style=\"display: flex; flex-direction: row; align-items: center;\">\n<div style=\"background-color: #f4f4f4; border-radius: 50%; flex-grow: 0; height: 40px; margin-right: 14px; width: 40px;\"><\/div>\n<div style=\"display: flex; flex-direction: column; flex-grow: 1; justify-content: center;\">\n<div style=\"background-color: #f4f4f4; border-radius: 4px; flex-grow: 0; height: 14px; margin-bottom: 6px; width: 100px;\"><\/div>\n<div style=\"background-color: #f4f4f4; border-radius: 4px; flex-grow: 0; height: 14px; width: 60px;\"><\/div>\n<\/div>\n<\/div>\n<div style=\"padding: 19% 0;\"><\/div>\n<div style=\"display: block; height: 50px; margin: 0 auto 12px; width: 50px;\"><\/div>\n<div style=\"padding-top: 8px;\">\n<div style=\"color: #3897f0; font-family: Arial,sans-serif; font-size: 14px; font-style: normal; font-weight: 550; line-height: 18px;\">Ver esta publicaci\u00f3n en Instagram<\/div>\n<\/div>\n<div style=\"padding: 12.5% 0;\"><\/div>\n<div style=\"display: flex; flex-direction: row; margin-bottom: 14px; align-items: center;\">\n<div>\n<div style=\"background-color: #f4f4f4; border-radius: 50%; height: 12.5px; width: 12.5px; transform: translateX(0px) translateY(7px);\"><\/div>\n<div style=\"background-color: #f4f4f4; height: 12.5px; transform: rotate(-45deg) translateX(3px) translateY(1px); width: 12.5px; flex-grow: 0; margin-right: 14px; margin-left: 2px;\"><\/div>\n<div style=\"background-color: #f4f4f4; border-radius: 50%; height: 12.5px; width: 12.5px; transform: translateX(9px) translateY(-18px);\"><\/div>\n<\/div>\n<div style=\"margin-left: 8px;\">\n<div style=\"background-color: #f4f4f4; border-radius: 50%; flex-grow: 0; height: 20px; width: 20px;\"><\/div>\n<div style=\"width: 0; height: 0; border-top: 2px solid transparent; border-left: 6px solid #f4f4f4; border-bottom: 2px solid transparent; transform: translateX(16px) translateY(-4px) rotate(30deg);\"><\/div>\n<\/div>\n<div style=\"margin-left: auto;\">\n<div style=\"width: 0px; border-top: 8px solid #F4F4F4; border-right: 8px solid transparent; transform: translateY(16px);\"><\/div>\n<div style=\"background-color: #f4f4f4; flex-grow: 0; height: 12px; width: 16px; transform: translateY(-4px);\"><\/div>\n<div style=\"width: 0; height: 0; border-top: 8px solid #F4F4F4; border-left: 8px solid transparent; transform: translateY(-4px) translateX(8px);\"><\/div>\n<\/div>\n<\/div>\n<div style=\"display: flex; flex-direction: column; flex-grow: 1; justify-content: center; margin-bottom: 24px;\">\n<div style=\"background-color: #f4f4f4; border-radius: 4px; flex-grow: 0; height: 14px; margin-bottom: 6px; width: 224px;\"><\/div>\n<div style=\"background-color: #f4f4f4; border-radius: 4px; flex-grow: 0; height: 14px; width: 144px;\"><\/div>\n<\/div>\n<p>&nbsp;<\/p>\n<p style=\"color: #c9c8cd; font-family: Arial,sans-serif; font-size: 14px; line-height: 17px; margin-bottom: 0; margin-top: 8px; overflow: hidden; padding: 8px 0 7px; text-align: center; text-overflow: ellipsis; white-space: nowrap;\"><a style=\"color: #c9c8cd; font-family: Arial,sans-serif; font-size: 14px; font-style: normal; font-weight: normal; line-height: 17px; text-decoration: none;\" href=\"https:\/\/www.instagram.com\/p\/CVvOg4gFnl7\/?utm_source=ig_embed&amp;utm_campaign=loading\" target=\"_blank\" rel=\"noopener\">Una publicaci\u00f3n compartida por Unio?n Europea en Argentina (@ueenargentina)<\/a><\/p>\n<\/div>\n<\/blockquote>\n<p><script async src=\"\/\/www.instagram.com\/embed.js\"><\/script><\/p>\n<p>Adem\u00e1s de \u00abInventory\u00bb, el ECE 2021 contar\u00e1 con t\u00edtulos de Alemania (\u00abEn la sombra\u00bb, de Fatih Akin ), Austria (\u00abStefan Zweig: Adi\u00f3s a Europa\u00bb, de Mar\u00eda Schrader), B\u00e9lgica (\u00abOleg\u00bb, de Juris Kursietis), Dinamarca (\u00abJourney to Utopia\u00bb, de Erlend E. Mo), Espa\u00f1a (\u00abLos europeos\u00bb, de V\u00edctor Garc\u00eda Le\u00f3n), Finlandia (\u00abAurora\u00bb, de Miia Tervo), Francia (\u00abLa \u00faltima lecci\u00f3n\u00bb, de S\u00e9bastien Marnie).<\/p>\n<p>Tambi\u00e9n se podr\u00e1n ver pel\u00edculas de Grecia (\u00abGo for Broke\u00bb, de Marinos Sklavounakis), Irlanda (\u00abThe Silver Branch\u00bb, de Katrina Costello), Italia (\u00abEntre nosotras\u00bb, de Maria Sole Tognazzi), Polonia (\u00abM\u00e1s all\u00e1 de las palabras\u00bb, de Urszula Antoniak) y Portugal (\u00abEl fin del mundo\u00bb, de Basil da Cunha).<\/p>\n<p>Se agrega como invitado el corto argentino<em><strong> \u00abEncuentro\u00bb<\/strong><\/em>, de Mauricio Holc, Gabriel Enr\u00edquez y Virginia Forste, presentado por la embajada de la Rep\u00fablica de Polonia y la Colectividad Polaca de Ober\u00e1 (Misiones), en un relato que une las tradiciones populares de los guaran\u00edes mbya, habitantes nativos de la selva misionera y de los polacos, que a partir de fines del Siglo XIX llegaron a Misiones.<\/p>\n<p>La octava edici\u00f3n del Encuentro de Cine Europeo organiz\u00f3 tambi\u00e9n diferentes encuentros virtuales como la charla <em><strong>\u00abEl cine hecho por mujeres en 2020 y 2021: lleg\u00f3 nuestro turno\u00bb<\/strong><\/em> un foro de debate virtual presentado junto a EWA (European Women&#8217;s Audiovisual Network) , dos clases abiertas orientadas principalmente a estudiantes y profesionales de la industria cinematogr\u00e1fica, cuyos temas ser\u00e1n: \u00abCoproducci\u00f3n internacional\u00bb y \u00abDistribuci\u00f3n y Comercializaci\u00f3n Internacional de cine\u00bb.<\/p>\n<p>En forma paralela, se llevar\u00e1n a cabo asesor\u00edas personalizadas a los 10 proyectos ganadores de las convocatorias por Largometrajes en desarrollo y Cortometrajes en postproducci\u00f3n para promover la visibilidad y desarrollar a los artistas locales hacia el mercado internacional. Estos proyectos tambi\u00e9n participar\u00e1n de una sesi\u00f3n virtual de pitch con profesionales de la industria nacional e internacional.<\/p>\n<p>&nbsp;<\/p>\n<p>&nbsp;<\/p>\n<div style=\"padding-bottom:20px; padding-top:10px;\" class=\"hupso-share-buttons\"><!-- Hupso Share Buttons - https:\/\/www.hupso.com\/share\/ --><a class=\"hupso_counters\" href=\"https:\/\/www.hupso.com\/share\/\"><img decoding=\"async\" src=\"http:\/\/static.hupso.com\/share\/buttons\/lang\/es\/share-small.png\" style=\"border:0px; padding-top:2px; float:left;\" alt=\"Share Button\"\/><\/a><script type=\"text\/javascript\">var hupso_services_c=new Array(\"twitter\",\"facebook_like\",\"google\");var hupso_counters_lang = \"es_LA\";var hupso_image_folder_url = \"\";var hupso_twitter_via=\"crsyvrs\";var hupso_url_c=\"\";<\/script><script type=\"text\/javascript\" src=\"http:\/\/static.hupso.com\/share\/js\/counters.js\"><\/script><!-- Hupso Share Buttons --><\/div> ","protected":false},"excerpt":{"rendered":"<div style=\"padding-bottom:20px; padding-top:10px;\" class=\"hupso-share-buttons\"><!-- Hupso Share Buttons - https:\/\/www.hupso.com\/share\/ --><a class=\"hupso_counters\" href=\"https:\/\/www.hupso.com\/share\/\"><img src=\"http:\/\/static.hupso.com\/share\/buttons\/lang\/es\/share-small.png\" style=\"border:0px; padding-top:2px; float:left;\" alt=\"Share Button\"\/><\/a><script type=\"text\/javascript\">var hupso_services_c=new Array(\"twitter\",\"facebook_like\",\"google\");var hupso_counters_lang = \"es_LA\";var hupso_image_folder_url = \"\";var hupso_twitter_via=\"crsyvrs\";var hupso_url_c=\"\";<\/script><script type=\"text\/javascript\" src=\"http:\/\/static.hupso.com\/share\/js\/counters.js\"><\/script><!-- Hupso Share Buttons --><\/div><p>En su octava edici\u00f3n que se desarrollar\u00e1 hasta 30 de noviembre, la cita ofrece 14 pel\u00edculas bajo la consigna \u00abDe cara a la realidad\u00bb. El Encuentro de Cine Europeo en Argentina (ECE), en su octava edici\u00f3n que se desarrollar\u00e1&#46;&#46;&#46;<\/p>\n<div style=\"padding-bottom:20px; padding-top:10px;\" class=\"hupso-share-buttons\"><!-- Hupso Share Buttons - https:\/\/www.hupso.com\/share\/ --><a class=\"hupso_counters\" href=\"https:\/\/www.hupso.com\/share\/\"><img src=\"http:\/\/static.hupso.com\/share\/buttons\/lang\/es\/share-small.png\" style=\"border:0px; padding-top:2px; float:left;\" alt=\"Share Button\"\/><\/a><script type=\"text\/javascript\">var hupso_services_c=new Array(\"twitter\",\"facebook_like\",\"google\");var hupso_counters_lang = \"es_LA\";var hupso_image_folder_url = \"\";var hupso_twitter_via=\"crsyvrs\";var hupso_url_c=\"\";<\/script><script type=\"text\/javascript\" src=\"http:\/\/static.hupso.com\/share\/js\/counters.js\"><\/script><!-- Hupso Share Buttons --><\/div>","protected":false},"author":5,"featured_media":32424,"comment_status":"closed","ping_status":"closed","sticky":false,"template":"","format":"standard","meta":{"footnotes":""},"categories":[4],"tags":[],"class_list":["post-32423","post","type-post","status-publish","format-standard","has-post-thumbnail","hentry","category-cine"],"_links":{"self":[{"href":"http:\/\/cronicasyversiones.com\/index.php?rest_route=\/wp\/v2\/posts\/32423","targetHints":{"allow":["GET"]}}],"collection":[{"href":"http:\/\/cronicasyversiones.com\/index.php?rest_route=\/wp\/v2\/posts"}],"about":[{"href":"http:\/\/cronicasyversiones.com\/index.php?rest_route=\/wp\/v2\/types\/post"}],"author":[{"embeddable":true,"href":"http:\/\/cronicasyversiones.com\/index.php?rest_route=\/wp\/v2\/users\/5"}],"replies":[{"embeddable":true,"href":"http:\/\/cronicasyversiones.com\/index.php?rest_route=%2Fwp%2Fv2%2Fcomments&post=32423"}],"version-history":[{"count":1,"href":"http:\/\/cronicasyversiones.com\/index.php?rest_route=\/wp\/v2\/posts\/32423\/revisions"}],"predecessor-version":[{"id":32425,"href":"http:\/\/cronicasyversiones.com\/index.php?rest_route=\/wp\/v2\/posts\/32423\/revisions\/32425"}],"wp:featuredmedia":[{"embeddable":true,"href":"http:\/\/cronicasyversiones.com\/index.php?rest_route=\/wp\/v2\/media\/32424"}],"wp:attachment":[{"href":"http:\/\/cronicasyversiones.com\/index.php?rest_route=%2Fwp%2Fv2%2Fmedia&parent=32423"}],"wp:term":[{"taxonomy":"category","embeddable":true,"href":"http:\/\/cronicasyversiones.com\/index.php?rest_route=%2Fwp%2Fv2%2Fcategories&post=32423"},{"taxonomy":"post_tag","embeddable":true,"href":"http:\/\/cronicasyversiones.com\/index.php?rest_route=%2Fwp%2Fv2%2Ftags&post=32423"}],"curies":[{"name":"wp","href":"https:\/\/api.w.org\/{rel}","templated":true}]}}