{"id":32511,"date":"2021-11-15T16:42:50","date_gmt":"2021-11-15T19:42:50","guid":{"rendered":"http:\/\/cronicasyversiones.com\/?p=32511"},"modified":"2021-11-15T16:42:50","modified_gmt":"2021-11-15T19:42:50","slug":"la-novena-edicion-del-festival-gabo-en-formato-virtual","status":"publish","type":"post","link":"http:\/\/cronicasyversiones.com\/?p=32511","title":{"rendered":"La novena edici\u00f3n del Festival Gabo, en formato virtual"},"content":{"rendered":"<div style=\"padding-bottom:20px; padding-top:10px;\" class=\"hupso-share-buttons\"><!-- Hupso Share Buttons - https:\/\/www.hupso.com\/share\/ --><a class=\"hupso_counters\" href=\"https:\/\/www.hupso.com\/share\/\"><img decoding=\"async\" src=\"http:\/\/static.hupso.com\/share\/buttons\/lang\/es\/share-small.png\" style=\"border:0px; padding-top:2px; float:left;\" alt=\"Share Button\"\/><\/a><script type=\"text\/javascript\">var hupso_services_c=new Array(\"twitter\",\"facebook_like\",\"google\");var hupso_counters_lang = \"es_LA\";var hupso_image_folder_url = \"\";var hupso_twitter_via=\"crsyvrs\";var hupso_url_c=\"\";<\/script><script type=\"text\/javascript\" src=\"http:\/\/static.hupso.com\/share\/js\/counters.js\"><\/script><!-- Hupso Share Buttons --><\/div><h2>El encuentro se extiende hasta el pr\u00f3ximo s\u00e1bado con talleres, charlas y clases magistrales y la participaci\u00f3n de escritores.<\/h2>\n<p><img loading=\"lazy\" decoding=\"async\" class=\"size-medium wp-image-32512 aligncenter\" src=\"http:\/\/cronicasyversiones.com\/wp-content\/uploads\/2021\/11\/90257ca9-6179-4758-9932-aec759449358_16-9-aspect-ratio_default_0-300x169.jpg\" alt=\"\" width=\"300\" height=\"169\" srcset=\"http:\/\/cronicasyversiones.com\/wp-content\/uploads\/2021\/11\/90257ca9-6179-4758-9932-aec759449358_16-9-aspect-ratio_default_0-300x169.jpg 300w, http:\/\/cronicasyversiones.com\/wp-content\/uploads\/2021\/11\/90257ca9-6179-4758-9932-aec759449358_16-9-aspect-ratio_default_0-768x432.jpg 768w, http:\/\/cronicasyversiones.com\/wp-content\/uploads\/2021\/11\/90257ca9-6179-4758-9932-aec759449358_16-9-aspect-ratio_default_0-520x292.jpg 520w, http:\/\/cronicasyversiones.com\/wp-content\/uploads\/2021\/11\/90257ca9-6179-4758-9932-aec759449358_16-9-aspect-ratio_default_0-720x404.jpg 720w, http:\/\/cronicasyversiones.com\/wp-content\/uploads\/2021\/11\/90257ca9-6179-4758-9932-aec759449358_16-9-aspect-ratio_default_0.jpg 880w\" sizes=\"auto, (max-width: 300px) 100vw, 300px\" \/><\/p>\n<p>La novena edici\u00f3n del <strong>Festival Gabo<\/strong>\u00a0 se realiza de forma virtual y se extiende hasta el pr\u00f3ximo s\u00e1bado con talleres, charlas y clases magistrales y la participaci\u00f3n de cronistas y escritores como <strong>Mart\u00edn Caparr\u00f3s, Sergio Ram\u00edrez y Margarita Garc\u00eda Robayo.<\/strong><\/p>\n<p>Tambi\u00e9n participar\u00e1n, por parte, de Argentina, Flor Alcaraz, periodista feminista, codirectora y una de las fundadoras del medio de comunicaci\u00f3n feminista nativo digital Latfem; Mar\u00eda Eugenia Ludue\u00f1a, tambi\u00e9n periodista, docente y escritora cofundadora de la Agencia Presentes; y Ezequiel Mart\u00ednez, periodista y escritor, actualmente al frente de la Fundaci\u00f3n El Libro.<\/p>\n<p>A la nutrida agenda de talleres del festival, que incluye espacios para pensar la cr\u00f3nica, la caricatura, las coberturas libres de estereotipos o c\u00f3mo narrar la crisis ambiental, entre otros ejes, se le suman las charlas magistrales que apuestan por acercar \u00abun buen periodismo\u00bb a la ciudadan\u00eda a trav\u00e9s de reflexiones sobre nuevas tendencias, desaf\u00edos o aprendizajes, como la charla que brindar\u00e1 Deborah Blum, directora del Programa Knight de Periodismo Cient\u00edfico del Instituto Tecnol\u00f3gico de Massachusetts, sobre las principales lecciones que deja la pandemia de Covid-19 para los periodistas que cubren temas de ciencia y salud, ma\u00f1ana a las 16 de Colombia.<\/p>\n<p>El mi\u00e9rcoles, por su parte, Sergio Ram\u00edrez y Mart\u00edn Caparr\u00f3s, ambos miembros del Consejo Rector de la Fundaci\u00f3n Gabo, conversar\u00e1n sobre un art\u00edculo titulado <em><strong>\u00abEsa vieja palabra compromiso\u00bb<\/strong><\/em> que escribi\u00f3 el nicarag\u00fcense y que discurre sobre la compleja pregunta de qu\u00e9 tienen de parecido el oficio del escritor con el del pol\u00edtico.<\/p>\n<p>El jueves ser\u00e1 el turno de un di\u00e1logo guiado por la escritora colombiana radicada en Argentina Margarita Garc\u00eda Robayo entre Rodrigo Garc\u00eda Barcha, cineasta y guionista, y Ezequiel Mart\u00ednez, a prop\u00f3sito de las adaptaciones cinematogr\u00e1ficas de los libros que escribieron su padres<em><strong> \u00abNoticia de un secuestro\u00bb y \u00abSanta Evita\u00bb<\/strong><\/em>, el primero de Gabriel Garc\u00eda M\u00e1rquez, el segundo de Tomas Eloy Mart\u00ednez.<\/p>\n<blockquote><p>La charla, con cita a las 13 del pa\u00eds anfitri\u00f3n, tomar\u00e1 como disparador la pregunta \u00bfcu\u00e1les son los retos de las adaptaciones de grandes historias a las series cinematogr\u00e1ficas y a pel\u00edculas tanto de ficci\u00f3n como de no ficci\u00f3n?.<\/p><\/blockquote>\n<p>&nbsp;<\/p>\n<blockquote class=\"instagram-media\" style=\"background: #FFF; border: 0; border-radius: 3px; box-shadow: 0 0 1px 0 rgba(0,0,0,0.5),0 1px 10px 0 rgba(0,0,0,0.15); margin: 1px; max-width: 540px; min-width: 326px; padding: 0; width: calc(100% - 2px);\" data-instgrm-captioned=\"\" data-instgrm-permalink=\"https:\/\/www.instagram.com\/p\/CWRo7hhFBaR\/?utm_source=ig_embed&amp;utm_campaign=loading\" data-instgrm-version=\"14\">\n<div style=\"padding: 16px;\">\n<p>&nbsp;<\/p>\n<div style=\"display: flex; flex-direction: row; align-items: center;\">\n<div style=\"background-color: #f4f4f4; border-radius: 50%; flex-grow: 0; height: 40px; margin-right: 14px; width: 40px;\"><\/div>\n<div style=\"display: flex; flex-direction: column; flex-grow: 1; justify-content: center;\">\n<div style=\"background-color: #f4f4f4; border-radius: 4px; flex-grow: 0; height: 14px; margin-bottom: 6px; width: 100px;\"><\/div>\n<div style=\"background-color: #f4f4f4; border-radius: 4px; flex-grow: 0; height: 14px; width: 60px;\"><\/div>\n<\/div>\n<\/div>\n<div style=\"padding: 19% 0;\"><\/div>\n<div style=\"display: block; height: 50px; margin: 0 auto 12px; width: 50px;\"><\/div>\n<div style=\"padding-top: 8px;\">\n<div style=\"color: #3897f0; font-family: Arial,sans-serif; font-size: 14px; font-style: normal; font-weight: 550; line-height: 18px;\">Ver esta publicaci\u00f3n en Instagram<\/div>\n<\/div>\n<div style=\"padding: 12.5% 0;\"><\/div>\n<div style=\"display: flex; flex-direction: row; margin-bottom: 14px; align-items: center;\">\n<div>\n<div style=\"background-color: #f4f4f4; border-radius: 50%; height: 12.5px; width: 12.5px; transform: translateX(0px) translateY(7px);\"><\/div>\n<div style=\"background-color: #f4f4f4; height: 12.5px; transform: rotate(-45deg) translateX(3px) translateY(1px); width: 12.5px; flex-grow: 0; margin-right: 14px; margin-left: 2px;\"><\/div>\n<div style=\"background-color: #f4f4f4; border-radius: 50%; height: 12.5px; width: 12.5px; transform: translateX(9px) translateY(-18px);\"><\/div>\n<\/div>\n<div style=\"margin-left: 8px;\">\n<div style=\"background-color: #f4f4f4; border-radius: 50%; flex-grow: 0; height: 20px; width: 20px;\"><\/div>\n<div style=\"width: 0; height: 0; border-top: 2px solid transparent; border-left: 6px solid #f4f4f4; border-bottom: 2px solid transparent; transform: translateX(16px) translateY(-4px) rotate(30deg);\"><\/div>\n<\/div>\n<div style=\"margin-left: auto;\">\n<div style=\"width: 0px; border-top: 8px solid #F4F4F4; border-right: 8px solid transparent; transform: translateY(16px);\"><\/div>\n<div style=\"background-color: #f4f4f4; flex-grow: 0; height: 12px; width: 16px; transform: translateY(-4px);\"><\/div>\n<div style=\"width: 0; height: 0; border-top: 8px solid #F4F4F4; border-left: 8px solid transparent; transform: translateY(-4px) translateX(8px);\"><\/div>\n<\/div>\n<\/div>\n<div style=\"display: flex; flex-direction: column; flex-grow: 1; justify-content: center; margin-bottom: 24px;\">\n<div style=\"background-color: #f4f4f4; border-radius: 4px; flex-grow: 0; height: 14px; margin-bottom: 6px; width: 224px;\"><\/div>\n<div style=\"background-color: #f4f4f4; border-radius: 4px; flex-grow: 0; height: 14px; width: 144px;\"><\/div>\n<\/div>\n<p>&nbsp;<\/p>\n<p style=\"color: #c9c8cd; font-family: Arial,sans-serif; font-size: 14px; line-height: 17px; margin-bottom: 0; margin-top: 8px; overflow: hidden; padding: 8px 0 7px; text-align: center; text-overflow: ellipsis; white-space: nowrap;\"><a style=\"color: #c9c8cd; font-family: Arial,sans-serif; font-size: 14px; font-style: normal; font-weight: normal; line-height: 17px; text-decoration: none;\" href=\"https:\/\/www.instagram.com\/p\/CWRo7hhFBaR\/?utm_source=ig_embed&amp;utm_campaign=loading\" target=\"_blank\" rel=\"noopener\">Una publicaci\u00f3n compartida por Festival Gabo (@festivalgabo)<\/a><\/p>\n<\/div>\n<\/blockquote>\n<p><script async src=\"\/\/www.instagram.com\/embed.js\"><\/script><\/p>\n<p>Adem\u00e1s, en estos d\u00edas la instituci\u00f3n creada por el periodista y Premio Nobel de Literatura Gabriel Garc\u00eda M\u00e1rquez anunci\u00f3 los finalistas de la novena edici\u00f3n del Premio Gabo, un reconocimiento al periodismo en espa\u00f1ol y portugu\u00e9s en las categor\u00edas Texto, Cobertura, Imagen e Innovaci\u00f3n, cuyos finalistas participar\u00e1n el martes en la Marat\u00f3n de las mejores historias de Iberoam\u00e9rica en el marco del festival.<\/p>\n<p>El cierre de la cita period\u00edstica ser\u00e1 el s\u00e1bado a las 14 con un panel que indagar\u00e1 acerca de si, efectivamente, \u00abel mejor periodismo est\u00e1 por venir\u00bb luego de la experiencia de la pandemia que reflej\u00f3 errores garrafales en el ejercicio del oficio y los usos interesados. \u00bfEse correlato significa entonces la posibilidad de que emerja un nuevo periodismo? Sobre ese tema charlar\u00e1n Patricia Nieto, periodista de la Universidad de Antioquia; Jaime Abello, director y cofundador de la Fundaci\u00f3n Gabo; Pere Ort\u00edn, periodista y documentalista, y M\u00f3nica Gonz\u00e1lez Islas, fot\u00f3grafa, documentalista y ganadora del Premio Gabo.<\/p>\n<p>Para consultar la programaci\u00f3n completa ingresar a la<strong> web premioggm.org.<\/strong><\/p>\n<div style=\"padding-bottom:20px; padding-top:10px;\" class=\"hupso-share-buttons\"><!-- Hupso Share Buttons - https:\/\/www.hupso.com\/share\/ --><a class=\"hupso_counters\" href=\"https:\/\/www.hupso.com\/share\/\"><img decoding=\"async\" src=\"http:\/\/static.hupso.com\/share\/buttons\/lang\/es\/share-small.png\" style=\"border:0px; padding-top:2px; float:left;\" alt=\"Share Button\"\/><\/a><script type=\"text\/javascript\">var hupso_services_c=new Array(\"twitter\",\"facebook_like\",\"google\");var hupso_counters_lang = \"es_LA\";var hupso_image_folder_url = \"\";var hupso_twitter_via=\"crsyvrs\";var hupso_url_c=\"\";<\/script><script type=\"text\/javascript\" src=\"http:\/\/static.hupso.com\/share\/js\/counters.js\"><\/script><!-- Hupso Share Buttons --><\/div> ","protected":false},"excerpt":{"rendered":"<div style=\"padding-bottom:20px; padding-top:10px;\" class=\"hupso-share-buttons\"><!-- Hupso Share Buttons - https:\/\/www.hupso.com\/share\/ --><a class=\"hupso_counters\" href=\"https:\/\/www.hupso.com\/share\/\"><img src=\"http:\/\/static.hupso.com\/share\/buttons\/lang\/es\/share-small.png\" style=\"border:0px; padding-top:2px; float:left;\" alt=\"Share Button\"\/><\/a><script type=\"text\/javascript\">var hupso_services_c=new Array(\"twitter\",\"facebook_like\",\"google\");var hupso_counters_lang = \"es_LA\";var hupso_image_folder_url = \"\";var hupso_twitter_via=\"crsyvrs\";var hupso_url_c=\"\";<\/script><script type=\"text\/javascript\" src=\"http:\/\/static.hupso.com\/share\/js\/counters.js\"><\/script><!-- Hupso Share Buttons --><\/div><p>El encuentro se extiende hasta el pr\u00f3ximo s\u00e1bado con talleres, charlas y clases magistrales y la participaci\u00f3n de escritores. La novena edici\u00f3n del Festival Gabo\u00a0 se realiza de forma virtual y se extiende hasta el pr\u00f3ximo s\u00e1bado con talleres,&#46;&#46;&#46;<\/p>\n<div style=\"padding-bottom:20px; padding-top:10px;\" class=\"hupso-share-buttons\"><!-- Hupso Share Buttons - https:\/\/www.hupso.com\/share\/ --><a class=\"hupso_counters\" href=\"https:\/\/www.hupso.com\/share\/\"><img src=\"http:\/\/static.hupso.com\/share\/buttons\/lang\/es\/share-small.png\" style=\"border:0px; padding-top:2px; float:left;\" alt=\"Share Button\"\/><\/a><script type=\"text\/javascript\">var hupso_services_c=new Array(\"twitter\",\"facebook_like\",\"google\");var hupso_counters_lang = \"es_LA\";var hupso_image_folder_url = \"\";var hupso_twitter_via=\"crsyvrs\";var hupso_url_c=\"\";<\/script><script type=\"text\/javascript\" src=\"http:\/\/static.hupso.com\/share\/js\/counters.js\"><\/script><!-- Hupso Share Buttons --><\/div>","protected":false},"author":5,"featured_media":32512,"comment_status":"closed","ping_status":"closed","sticky":false,"template":"","format":"standard","meta":{"footnotes":""},"categories":[7,9],"tags":[],"class_list":["post-32511","post","type-post","status-publish","format-standard","has-post-thumbnail","hentry","category-literatura","category-sociedad"],"_links":{"self":[{"href":"http:\/\/cronicasyversiones.com\/index.php?rest_route=\/wp\/v2\/posts\/32511","targetHints":{"allow":["GET"]}}],"collection":[{"href":"http:\/\/cronicasyversiones.com\/index.php?rest_route=\/wp\/v2\/posts"}],"about":[{"href":"http:\/\/cronicasyversiones.com\/index.php?rest_route=\/wp\/v2\/types\/post"}],"author":[{"embeddable":true,"href":"http:\/\/cronicasyversiones.com\/index.php?rest_route=\/wp\/v2\/users\/5"}],"replies":[{"embeddable":true,"href":"http:\/\/cronicasyversiones.com\/index.php?rest_route=%2Fwp%2Fv2%2Fcomments&post=32511"}],"version-history":[{"count":1,"href":"http:\/\/cronicasyversiones.com\/index.php?rest_route=\/wp\/v2\/posts\/32511\/revisions"}],"predecessor-version":[{"id":32513,"href":"http:\/\/cronicasyversiones.com\/index.php?rest_route=\/wp\/v2\/posts\/32511\/revisions\/32513"}],"wp:featuredmedia":[{"embeddable":true,"href":"http:\/\/cronicasyversiones.com\/index.php?rest_route=\/wp\/v2\/media\/32512"}],"wp:attachment":[{"href":"http:\/\/cronicasyversiones.com\/index.php?rest_route=%2Fwp%2Fv2%2Fmedia&parent=32511"}],"wp:term":[{"taxonomy":"category","embeddable":true,"href":"http:\/\/cronicasyversiones.com\/index.php?rest_route=%2Fwp%2Fv2%2Fcategories&post=32511"},{"taxonomy":"post_tag","embeddable":true,"href":"http:\/\/cronicasyversiones.com\/index.php?rest_route=%2Fwp%2Fv2%2Ftags&post=32511"}],"curies":[{"name":"wp","href":"https:\/\/api.w.org\/{rel}","templated":true}]}}