{"id":32537,"date":"2021-11-16T16:54:42","date_gmt":"2021-11-16T19:54:42","guid":{"rendered":"http:\/\/cronicasyversiones.com\/?p=32537"},"modified":"2021-11-16T16:54:42","modified_gmt":"2021-11-16T19:54:42","slug":"juan-pablo-navarro-septeto-recrea-pulsacion-de-astor-piazzolla","status":"publish","type":"post","link":"http:\/\/cronicasyversiones.com\/?p=32537","title":{"rendered":"Juan Pablo Navarro Septeto recrea \u201cPulsaci\u00f3n\u201d de Astor Piazzolla"},"content":{"rendered":"<div style=\"padding-bottom:20px; padding-top:10px;\" class=\"hupso-share-buttons\"><!-- Hupso Share Buttons - https:\/\/www.hupso.com\/share\/ --><a class=\"hupso_counters\" href=\"https:\/\/www.hupso.com\/share\/\"><img decoding=\"async\" src=\"http:\/\/static.hupso.com\/share\/buttons\/lang\/es\/share-small.png\" style=\"border:0px; padding-top:2px; float:left;\" alt=\"Share Button\"\/><\/a><script type=\"text\/javascript\">var hupso_services_c=new Array(\"twitter\",\"facebook_like\",\"google\");var hupso_counters_lang = \"es_LA\";var hupso_image_folder_url = \"\";var hupso_twitter_via=\"crsyvrs\";var hupso_url_c=\"\";<\/script><script type=\"text\/javascript\" src=\"http:\/\/static.hupso.com\/share\/js\/counters.js\"><\/script><!-- Hupso Share Buttons --><\/div><h2>El grupo liderado por el contrabajista se suma a los homenajes por los 100 a\u00f1os del natalicio del bandoneonista con un concierto en el CCK.<\/h2>\n<p><img loading=\"lazy\" decoding=\"async\" class=\"size-medium wp-image-32538 aligncenter\" src=\"http:\/\/cronicasyversiones.com\/wp-content\/uploads\/2021\/11\/thumbnail_Juan-Pablo-Navarro-Septeto-300x200.jpg\" alt=\"\" width=\"300\" height=\"200\" srcset=\"http:\/\/cronicasyversiones.com\/wp-content\/uploads\/2021\/11\/thumbnail_Juan-Pablo-Navarro-Septeto-300x200.jpg 300w, http:\/\/cronicasyversiones.com\/wp-content\/uploads\/2021\/11\/thumbnail_Juan-Pablo-Navarro-Septeto-1024x683.jpg 1024w, http:\/\/cronicasyversiones.com\/wp-content\/uploads\/2021\/11\/thumbnail_Juan-Pablo-Navarro-Septeto-768x512.jpg 768w, http:\/\/cronicasyversiones.com\/wp-content\/uploads\/2021\/11\/thumbnail_Juan-Pablo-Navarro-Septeto.jpg 1280w\" sizes=\"auto, (max-width: 300px) 100vw, 300px\" \/><\/p>\n<p><strong>Juan Pablo Navarro Septeto<\/strong> se presentar\u00e1 en el <strong>Centro Cultural Kirchner<\/strong> el domingo a las 18, con entrada gratuita, para recrear<em><strong> \u201cPulsaci\u00f3n\u201d,<\/strong><\/em> uno de los \u00e1lbumes emblem\u00e1ticos de <strong>Astor Piazzolla.<\/strong><\/p>\n<p>El concierto ser\u00e1 parte de la secci\u00f3n <em><strong>\u00abDiscos Esenciales de Piazzolla 100\u00bb<\/strong><\/em>, el ciclo que ha venido desarroll\u00e1ndose durante todo 2021 para homenajear a este prestigioso artista con motivo del centenario de su nacimiento.<\/p>\n<blockquote><p><em><strong>\u00a0\u201cAstor Piazzolla significa una inspiraci\u00f3n permanente en nuestras vidas. Si hoy estamos haciendo tango, es gracias a \u00e9l\u201d, dice Juan Pablo Navarro.<\/strong><\/em><\/p><\/blockquote>\n<p>Liderados por Navarro en contrabajo y composici\u00f3n, completan el septeto que se estar\u00e1 presentando con <strong>Nicol\u00e1s Enrich<\/strong> en bandone\u00f3n, <strong>Guillermo Rubino<\/strong> en viol\u00edn, <strong>Sebasti\u00e1n Tozzola<\/strong> en clarinete bajo, <strong>Esteban Falabella<\/strong> en guitarra el\u00e9ctrica, <strong>Emiliano Greco<\/strong> en piano y <strong>Sergio Verdinelli<\/strong> en bater\u00eda.<\/p>\n<p>Los acompa\u00f1ar\u00e1n, adem\u00e1s, tres invitadas especiales:<strong> Paulina Fain<\/strong> en flauta, <strong>Luc\u00eda Herrero<\/strong> en viol\u00edn y <em><strong>Elizabeth Ridolfi<\/strong><\/em> en viola.<\/p>\n<p>&nbsp;<\/p>\n<blockquote class=\"instagram-media\" style=\"background: #FFF; border: 0; border-radius: 3px; box-shadow: 0 0 1px 0 rgba(0,0,0,0.5),0 1px 10px 0 rgba(0,0,0,0.15); margin: 1px; max-width: 540px; min-width: 326px; padding: 0; width: calc(100% - 2px);\" data-instgrm-captioned=\"\" data-instgrm-permalink=\"https:\/\/www.instagram.com\/p\/CWS4L7PLFVs\/?utm_source=ig_embed&amp;utm_campaign=loading\" data-instgrm-version=\"14\">\n<div style=\"padding: 16px;\">\n<p>&nbsp;<\/p>\n<div style=\"display: flex; flex-direction: row; align-items: center;\">\n<div style=\"background-color: #f4f4f4; border-radius: 50%; flex-grow: 0; height: 40px; margin-right: 14px; width: 40px;\"><\/div>\n<div style=\"display: flex; flex-direction: column; flex-grow: 1; justify-content: center;\">\n<div style=\"background-color: #f4f4f4; border-radius: 4px; flex-grow: 0; height: 14px; margin-bottom: 6px; width: 100px;\"><\/div>\n<div style=\"background-color: #f4f4f4; border-radius: 4px; flex-grow: 0; height: 14px; width: 60px;\"><\/div>\n<\/div>\n<\/div>\n<div style=\"padding: 19% 0;\"><\/div>\n<div style=\"display: block; height: 50px; margin: 0 auto 12px; width: 50px;\"><\/div>\n<div style=\"padding-top: 8px;\">\n<div style=\"color: #3897f0; font-family: Arial,sans-serif; font-size: 14px; font-style: normal; font-weight: 550; line-height: 18px;\">Ver esta publicaci\u00f3n en Instagram<\/div>\n<\/div>\n<div style=\"padding: 12.5% 0;\"><\/div>\n<div style=\"display: flex; flex-direction: row; margin-bottom: 14px; align-items: center;\">\n<div>\n<div style=\"background-color: #f4f4f4; border-radius: 50%; height: 12.5px; width: 12.5px; transform: translateX(0px) translateY(7px);\"><\/div>\n<div style=\"background-color: #f4f4f4; height: 12.5px; transform: rotate(-45deg) translateX(3px) translateY(1px); width: 12.5px; flex-grow: 0; margin-right: 14px; margin-left: 2px;\"><\/div>\n<div style=\"background-color: #f4f4f4; border-radius: 50%; height: 12.5px; width: 12.5px; transform: translateX(9px) translateY(-18px);\"><\/div>\n<\/div>\n<div style=\"margin-left: 8px;\">\n<div style=\"background-color: #f4f4f4; border-radius: 50%; flex-grow: 0; height: 20px; width: 20px;\"><\/div>\n<div style=\"width: 0; height: 0; border-top: 2px solid transparent; border-left: 6px solid #f4f4f4; border-bottom: 2px solid transparent; transform: translateX(16px) translateY(-4px) rotate(30deg);\"><\/div>\n<\/div>\n<div style=\"margin-left: auto;\">\n<div style=\"width: 0px; border-top: 8px solid #F4F4F4; border-right: 8px solid transparent; transform: translateY(16px);\"><\/div>\n<div style=\"background-color: #f4f4f4; flex-grow: 0; height: 12px; width: 16px; transform: translateY(-4px);\"><\/div>\n<div style=\"width: 0; height: 0; border-top: 8px solid #F4F4F4; border-left: 8px solid transparent; transform: translateY(-4px) translateX(8px);\"><\/div>\n<\/div>\n<\/div>\n<div style=\"display: flex; flex-direction: column; flex-grow: 1; justify-content: center; margin-bottom: 24px;\">\n<div style=\"background-color: #f4f4f4; border-radius: 4px; flex-grow: 0; height: 14px; margin-bottom: 6px; width: 224px;\"><\/div>\n<div style=\"background-color: #f4f4f4; border-radius: 4px; flex-grow: 0; height: 14px; width: 144px;\"><\/div>\n<\/div>\n<p>&nbsp;<\/p>\n<p style=\"color: #c9c8cd; font-family: Arial,sans-serif; font-size: 14px; line-height: 17px; margin-bottom: 0; margin-top: 8px; overflow: hidden; padding: 8px 0 7px; text-align: center; text-overflow: ellipsis; white-space: nowrap;\"><a style=\"color: #c9c8cd; font-family: Arial,sans-serif; font-size: 14px; font-style: normal; font-weight: normal; line-height: 17px; text-decoration: none;\" href=\"https:\/\/www.instagram.com\/p\/CWS4L7PLFVs\/?utm_source=ig_embed&amp;utm_campaign=loading\" target=\"_blank\" rel=\"noopener\">Una publicaci\u00f3n compartida por JPNavarro Septeto (@jpnavarrosepteto)<\/a><\/p>\n<\/div>\n<\/blockquote>\n<p><script async src=\"\/\/www.instagram.com\/embed.js\"><\/script><\/p>\n<p><em><strong>\u201cPulsaci\u00f3n\u201d<\/strong> <\/em>fue grabado en formaci\u00f3n orquestal en 1969. Lo integran, primeramente, cuatro pulsaciones (las cuales fueron parte de la banda de sonido del film experimental \u201cUna pulsaci\u00f3n\u201d del artista pl\u00e1stico uruguayo Carlos P\u00e1ez Vilar\u00f3), seguidas por un conjunto de obras instrumentales compuestas por Piazzolla un a\u00f1o antes para la opereta \u201cMar\u00eda de Buenos Aires\u201d.<\/p>\n<p>La presentaci\u00f3n ser\u00e1 tambi\u00e9n transmitida en vivo por los canales de YouTube y de Facebook del Centro Cultural Kirchner.<\/p>\n<p>Con un mensaje potente e intimista, en donde se confunden postales de un nuevo sonido de Buenos Aires, Juan Pablo Navarro Septeto se ha convertido en uno de los mayores exponentes de la escena musical actual. La novedosa propuesta se sumerge en m\u00fasicas con ra\u00edz en el tango y con fuertes influencias del jazz y la m\u00fasica contempor\u00e1nea.<\/p>\n<div style=\"padding-bottom:20px; padding-top:10px;\" class=\"hupso-share-buttons\"><!-- Hupso Share Buttons - https:\/\/www.hupso.com\/share\/ --><a class=\"hupso_counters\" href=\"https:\/\/www.hupso.com\/share\/\"><img decoding=\"async\" src=\"http:\/\/static.hupso.com\/share\/buttons\/lang\/es\/share-small.png\" style=\"border:0px; padding-top:2px; float:left;\" alt=\"Share Button\"\/><\/a><script type=\"text\/javascript\">var hupso_services_c=new Array(\"twitter\",\"facebook_like\",\"google\");var hupso_counters_lang = \"es_LA\";var hupso_image_folder_url = \"\";var hupso_twitter_via=\"crsyvrs\";var hupso_url_c=\"\";<\/script><script type=\"text\/javascript\" src=\"http:\/\/static.hupso.com\/share\/js\/counters.js\"><\/script><!-- Hupso Share Buttons --><\/div> ","protected":false},"excerpt":{"rendered":"<div style=\"padding-bottom:20px; padding-top:10px;\" class=\"hupso-share-buttons\"><!-- Hupso Share Buttons - https:\/\/www.hupso.com\/share\/ --><a class=\"hupso_counters\" href=\"https:\/\/www.hupso.com\/share\/\"><img src=\"http:\/\/static.hupso.com\/share\/buttons\/lang\/es\/share-small.png\" style=\"border:0px; padding-top:2px; float:left;\" alt=\"Share Button\"\/><\/a><script type=\"text\/javascript\">var hupso_services_c=new Array(\"twitter\",\"facebook_like\",\"google\");var hupso_counters_lang = \"es_LA\";var hupso_image_folder_url = \"\";var hupso_twitter_via=\"crsyvrs\";var hupso_url_c=\"\";<\/script><script type=\"text\/javascript\" src=\"http:\/\/static.hupso.com\/share\/js\/counters.js\"><\/script><!-- Hupso Share Buttons --><\/div><p>El grupo liderado por el contrabajista se suma a los homenajes por los 100 a\u00f1os del natalicio del bandoneonista con un concierto en el CCK. Juan Pablo Navarro Septeto se presentar\u00e1 en el Centro Cultural Kirchner el domingo a&#46;&#46;&#46;<\/p>\n<div style=\"padding-bottom:20px; padding-top:10px;\" class=\"hupso-share-buttons\"><!-- Hupso Share Buttons - https:\/\/www.hupso.com\/share\/ --><a class=\"hupso_counters\" href=\"https:\/\/www.hupso.com\/share\/\"><img src=\"http:\/\/static.hupso.com\/share\/buttons\/lang\/es\/share-small.png\" style=\"border:0px; padding-top:2px; float:left;\" alt=\"Share Button\"\/><\/a><script type=\"text\/javascript\">var hupso_services_c=new Array(\"twitter\",\"facebook_like\",\"google\");var hupso_counters_lang = \"es_LA\";var hupso_image_folder_url = \"\";var hupso_twitter_via=\"crsyvrs\";var hupso_url_c=\"\";<\/script><script type=\"text\/javascript\" src=\"http:\/\/static.hupso.com\/share\/js\/counters.js\"><\/script><!-- Hupso Share Buttons --><\/div>","protected":false},"author":5,"featured_media":32538,"comment_status":"closed","ping_status":"closed","sticky":false,"template":"","format":"standard","meta":{"footnotes":""},"categories":[3],"tags":[5371,8982,467],"class_list":["post-32537","post","type-post","status-publish","format-standard","has-post-thumbnail","hentry","category-musica","tag-astor-piazzolla","tag-juan-pablo-navarro","tag-tango"],"_links":{"self":[{"href":"http:\/\/cronicasyversiones.com\/index.php?rest_route=\/wp\/v2\/posts\/32537","targetHints":{"allow":["GET"]}}],"collection":[{"href":"http:\/\/cronicasyversiones.com\/index.php?rest_route=\/wp\/v2\/posts"}],"about":[{"href":"http:\/\/cronicasyversiones.com\/index.php?rest_route=\/wp\/v2\/types\/post"}],"author":[{"embeddable":true,"href":"http:\/\/cronicasyversiones.com\/index.php?rest_route=\/wp\/v2\/users\/5"}],"replies":[{"embeddable":true,"href":"http:\/\/cronicasyversiones.com\/index.php?rest_route=%2Fwp%2Fv2%2Fcomments&post=32537"}],"version-history":[{"count":1,"href":"http:\/\/cronicasyversiones.com\/index.php?rest_route=\/wp\/v2\/posts\/32537\/revisions"}],"predecessor-version":[{"id":32539,"href":"http:\/\/cronicasyversiones.com\/index.php?rest_route=\/wp\/v2\/posts\/32537\/revisions\/32539"}],"wp:featuredmedia":[{"embeddable":true,"href":"http:\/\/cronicasyversiones.com\/index.php?rest_route=\/wp\/v2\/media\/32538"}],"wp:attachment":[{"href":"http:\/\/cronicasyversiones.com\/index.php?rest_route=%2Fwp%2Fv2%2Fmedia&parent=32537"}],"wp:term":[{"taxonomy":"category","embeddable":true,"href":"http:\/\/cronicasyversiones.com\/index.php?rest_route=%2Fwp%2Fv2%2Fcategories&post=32537"},{"taxonomy":"post_tag","embeddable":true,"href":"http:\/\/cronicasyversiones.com\/index.php?rest_route=%2Fwp%2Fv2%2Ftags&post=32537"}],"curies":[{"name":"wp","href":"https:\/\/api.w.org\/{rel}","templated":true}]}}