{"id":32558,"date":"2021-11-25T22:33:59","date_gmt":"2021-11-26T01:33:59","guid":{"rendered":"http:\/\/cronicasyversiones.com\/?p=32558"},"modified":"2021-11-25T22:34:01","modified_gmt":"2021-11-26T01:34:01","slug":"bernardo-baraj-presenta-la-tercera-es-la-vencida","status":"publish","type":"post","link":"http:\/\/cronicasyversiones.com\/?p=32558","title":{"rendered":"Bernardo Baraj presenta \u201cLa tercera es la vencida\u201d"},"content":{"rendered":"<div style=\"padding-bottom:20px; padding-top:10px;\" class=\"hupso-share-buttons\"><!-- Hupso Share Buttons - https:\/\/www.hupso.com\/share\/ --><a class=\"hupso_counters\" href=\"https:\/\/www.hupso.com\/share\/\"><img decoding=\"async\" src=\"http:\/\/static.hupso.com\/share\/buttons\/lang\/es\/share-small.png\" style=\"border:0px; padding-top:2px; float:left;\" alt=\"Share Button\"\/><\/a><script type=\"text\/javascript\">var hupso_services_c=new Array(\"twitter\",\"facebook_like\",\"google\");var hupso_counters_lang = \"es_LA\";var hupso_image_folder_url = \"\";var hupso_twitter_via=\"crsyvrs\";var hupso_url_c=\"\";<\/script><script type=\"text\/javascript\" src=\"http:\/\/static.hupso.com\/share\/js\/counters.js\"><\/script><!-- Hupso Share Buttons --><\/div><h2>El reconocido m\u00fasico sale a escena en la terazza del Picadero su show de tango con algunas composiciones propias nuevas y cl\u00e1sicos del g\u00e9nero.<\/h2>\n<p><img loading=\"lazy\" decoding=\"async\" class=\"size-medium wp-image-32559 aligncenter\" src=\"http:\/\/cronicasyversiones.com\/wp-content\/uploads\/2021\/11\/thumbnail_Baraj-color-1-207x300.jpg\" alt=\"\" width=\"207\" height=\"300\" srcset=\"http:\/\/cronicasyversiones.com\/wp-content\/uploads\/2021\/11\/thumbnail_Baraj-color-1-207x300.jpg 207w, http:\/\/cronicasyversiones.com\/wp-content\/uploads\/2021\/11\/thumbnail_Baraj-color-1-708x1024.jpg 708w, http:\/\/cronicasyversiones.com\/wp-content\/uploads\/2021\/11\/thumbnail_Baraj-color-1-768x1111.jpg 768w, http:\/\/cronicasyversiones.com\/wp-content\/uploads\/2021\/11\/thumbnail_Baraj-color-1.jpg 885w\" sizes=\"auto, (max-width: 207px) 100vw, 207px\" \/><\/p>\n<p><strong>Bernardo Baraj<\/strong> presenta su show de tango <em><strong>\u201cLa tercera es la vencida\u201d&nbsp;<\/strong> <\/em>el s\u00e1bado 4 de diciembre a las 21 en la Terraza del Picadero, el espacio ubicado en el Pasaje Enrique Santos Disc\u00e9polo 1857.<\/p>\n<p>Luego de sufrir dos postergaciones por razones ajenas a su voluntad, el reconocido saxofonista, flautista y ahora tambi\u00e9n cantante y compositor de tango presentar\u00e1 un show con los temas de su disco \u00abTu Alegre Coraz\u00f3n\u00bb m\u00e1s algunas composiciones propias nuevas y cl\u00e1sicos del g\u00e9nero.<\/p>\n<p><iframe loading=\"lazy\" title=\"YouTube video player\" src=\"https:\/\/www.youtube.com\/embed\/WJfv4UUMmQE\" width=\"600\" height=\"350\" frameborder=\"0\" allowfullscreen=\"allowfullscreen\"><span data-mce-type=\"bookmark\" style=\"display: inline-block; width: 0px; overflow: hidden; line-height: 0;\" class=\"mce_SELRES_start\">?<\/span><\/iframe><\/p>\n<p><strong>Bernardo Baraj<\/strong> comenz\u00f3 en los \u201860 incursionando en el ambiente del jazz en Buenos Aires. En los \u201870 funda la banda Alma y Vida, y contin\u00faa activo en el \u00e1mbito del rock tocando en La Banda Spinetta y luego en La Banda junto a Rub\u00e9n Rada.<\/p>\n<p>En los 80 el D\u00fao Baraj Barrueco con su innovadora propuesta tanguera y el tr\u00edo Vitale Baraj Gonz\u00e1lez.<\/p>\n<p>Tambi\u00e9n es convocado por la compa\u00f1\u00eda TANGO X 2. A lo largo de su carrera graba y act\u00faa con importantes solistas de nuestra escena como Sandro, Leonardo Favio, Charly Garc\u00eda, Mercedes Sosa, Adriana Varela y Litto Nebbia, entre otros. Compone m\u00fasica para cine y en 2007 recibe el premio ACE por la mejor m\u00fasica original de teatro.<\/p>\n<div style=\"padding-bottom:20px; padding-top:10px;\" class=\"hupso-share-buttons\"><!-- Hupso Share Buttons - https:\/\/www.hupso.com\/share\/ --><a class=\"hupso_counters\" href=\"https:\/\/www.hupso.com\/share\/\"><img decoding=\"async\" src=\"http:\/\/static.hupso.com\/share\/buttons\/lang\/es\/share-small.png\" style=\"border:0px; padding-top:2px; float:left;\" alt=\"Share Button\"\/><\/a><script type=\"text\/javascript\">var hupso_services_c=new Array(\"twitter\",\"facebook_like\",\"google\");var hupso_counters_lang = \"es_LA\";var hupso_image_folder_url = \"\";var hupso_twitter_via=\"crsyvrs\";var hupso_url_c=\"\";<\/script><script type=\"text\/javascript\" src=\"http:\/\/static.hupso.com\/share\/js\/counters.js\"><\/script><!-- Hupso Share Buttons --><\/div> ","protected":false},"excerpt":{"rendered":"<div style=\"padding-bottom:20px; padding-top:10px;\" class=\"hupso-share-buttons\"><!-- Hupso Share Buttons - https:\/\/www.hupso.com\/share\/ --><a class=\"hupso_counters\" href=\"https:\/\/www.hupso.com\/share\/\"><img src=\"http:\/\/static.hupso.com\/share\/buttons\/lang\/es\/share-small.png\" style=\"border:0px; padding-top:2px; float:left;\" alt=\"Share Button\"\/><\/a><script type=\"text\/javascript\">var hupso_services_c=new Array(\"twitter\",\"facebook_like\",\"google\");var hupso_counters_lang = \"es_LA\";var hupso_image_folder_url = \"\";var hupso_twitter_via=\"crsyvrs\";var hupso_url_c=\"\";<\/script><script type=\"text\/javascript\" src=\"http:\/\/static.hupso.com\/share\/js\/counters.js\"><\/script><!-- Hupso Share Buttons --><\/div><p>El reconocido m\u00fasico sale a escena en la terazza del Picadero su show de tango con algunas composiciones propias nuevas y cl\u00e1sicos del g\u00e9nero. Bernardo Baraj presenta su show de tango \u201cLa tercera es la vencida\u201d&nbsp; el s\u00e1bado 4&#46;&#46;&#46;<\/p>\n<div style=\"padding-bottom:20px; padding-top:10px;\" class=\"hupso-share-buttons\"><!-- Hupso Share Buttons - https:\/\/www.hupso.com\/share\/ --><a class=\"hupso_counters\" href=\"https:\/\/www.hupso.com\/share\/\"><img src=\"http:\/\/static.hupso.com\/share\/buttons\/lang\/es\/share-small.png\" style=\"border:0px; padding-top:2px; float:left;\" alt=\"Share Button\"\/><\/a><script type=\"text\/javascript\">var hupso_services_c=new Array(\"twitter\",\"facebook_like\",\"google\");var hupso_counters_lang = \"es_LA\";var hupso_image_folder_url = \"\";var hupso_twitter_via=\"crsyvrs\";var hupso_url_c=\"\";<\/script><script type=\"text\/javascript\" src=\"http:\/\/static.hupso.com\/share\/js\/counters.js\"><\/script><!-- Hupso Share Buttons --><\/div>","protected":false},"author":5,"featured_media":32559,"comment_status":"closed","ping_status":"closed","sticky":false,"template":"","format":"standard","meta":{"footnotes":""},"categories":[3],"tags":[4482,467],"class_list":["post-32558","post","type-post","status-publish","format-standard","has-post-thumbnail","hentry","category-musica","tag-bernardo-baraj","tag-tango"],"_links":{"self":[{"href":"http:\/\/cronicasyversiones.com\/index.php?rest_route=\/wp\/v2\/posts\/32558","targetHints":{"allow":["GET"]}}],"collection":[{"href":"http:\/\/cronicasyversiones.com\/index.php?rest_route=\/wp\/v2\/posts"}],"about":[{"href":"http:\/\/cronicasyversiones.com\/index.php?rest_route=\/wp\/v2\/types\/post"}],"author":[{"embeddable":true,"href":"http:\/\/cronicasyversiones.com\/index.php?rest_route=\/wp\/v2\/users\/5"}],"replies":[{"embeddable":true,"href":"http:\/\/cronicasyversiones.com\/index.php?rest_route=%2Fwp%2Fv2%2Fcomments&post=32558"}],"version-history":[{"count":2,"href":"http:\/\/cronicasyversiones.com\/index.php?rest_route=\/wp\/v2\/posts\/32558\/revisions"}],"predecessor-version":[{"id":32613,"href":"http:\/\/cronicasyversiones.com\/index.php?rest_route=\/wp\/v2\/posts\/32558\/revisions\/32613"}],"wp:featuredmedia":[{"embeddable":true,"href":"http:\/\/cronicasyversiones.com\/index.php?rest_route=\/wp\/v2\/media\/32559"}],"wp:attachment":[{"href":"http:\/\/cronicasyversiones.com\/index.php?rest_route=%2Fwp%2Fv2%2Fmedia&parent=32558"}],"wp:term":[{"taxonomy":"category","embeddable":true,"href":"http:\/\/cronicasyversiones.com\/index.php?rest_route=%2Fwp%2Fv2%2Fcategories&post=32558"},{"taxonomy":"post_tag","embeddable":true,"href":"http:\/\/cronicasyversiones.com\/index.php?rest_route=%2Fwp%2Fv2%2Ftags&post=32558"}],"curies":[{"name":"wp","href":"https:\/\/api.w.org\/{rel}","templated":true}]}}