{"id":3260,"date":"2014-08-21T12:21:34","date_gmt":"2014-08-21T15:21:34","guid":{"rendered":"http:\/\/cronicasyversiones.com\/?p=3260"},"modified":"2014-08-21T16:05:47","modified_gmt":"2014-08-21T19:05:47","slug":"mi-amiga-del-parque-de-ana-katz-al-festival-de-san-sebastian","status":"publish","type":"post","link":"http:\/\/cronicasyversiones.com\/?p=3260","title":{"rendered":"\u201cMi amiga del parque\u201d, de Ana Katz, al Festival de San Sebasti\u00e1n"},"content":{"rendered":"<div style=\"padding-bottom:20px; padding-top:10px;\" class=\"hupso-share-buttons\"><!-- Hupso Share Buttons - https:\/\/www.hupso.com\/share\/ --><a class=\"hupso_counters\" href=\"https:\/\/www.hupso.com\/share\/\"><img decoding=\"async\" src=\"http:\/\/static.hupso.com\/share\/buttons\/lang\/es\/share-small.png\" style=\"border:0px; padding-top:2px; float:left;\" alt=\"Share Button\"\/><\/a><script type=\"text\/javascript\">var hupso_services_c=new Array(\"twitter\",\"facebook_like\",\"google\");var hupso_counters_lang = \"es_LA\";var hupso_image_folder_url = \"\";var hupso_twitter_via=\"crsyvrs\";var hupso_url_c=\"\";<\/script><script type=\"text\/javascript\" src=\"http:\/\/static.hupso.com\/share\/js\/counters.js\"><\/script><!-- Hupso Share Buttons --><\/div><h2 style=\"text-align: justify;\">La producci\u00f3n de la directora argentina ser\u00e1 una de las seis pel\u00edculas lationamericanas que competir\u00e1n por el premio Cine en Construcci\u00f3n\u00a0 en el festival vasco.<\/h2>\n<p><a href=\"http:\/\/cronicasyversiones.com\/wp-content\/uploads\/2014\/08\/Ana.jpeg\"><img loading=\"lazy\" decoding=\"async\" class=\"wp-image-3261 aligncenter\" src=\"http:\/\/cronicasyversiones.com\/wp-content\/uploads\/2014\/08\/Ana.jpeg\" alt=\"Ana\" width=\"729\" height=\"451\" srcset=\"http:\/\/cronicasyversiones.com\/wp-content\/uploads\/2014\/08\/Ana.jpeg 837w, http:\/\/cronicasyversiones.com\/wp-content\/uploads\/2014\/08\/Ana-300x185.jpeg 300w, http:\/\/cronicasyversiones.com\/wp-content\/uploads\/2014\/08\/Ana-624x386.jpeg 624w\" sizes=\"auto, (max-width: 729px) 100vw, 729px\" \/><\/a><\/p>\n<p style=\"text-align: justify;\"><em><strong>\u201cMi amiga del parque\u201d<\/strong><\/em>, una coproducci\u00f3n argentino-uruguaya dirigida por<strong> Ana Katz,<\/strong> es una de las seis pel\u00edculas latinoamericanas que ir\u00e1n en b\u00fasqueda el premio <strong>Cine en Construcci\u00f3n 26,<\/strong> el certamen que se desarrollar\u00e1 el 22, 23 y 24 de setiembre, como parte de la agenda del 62do. <strong>Festival de Cine de San Sebasti\u00e1n.<\/strong><\/p>\n<p style=\"text-align: justify;\">Esta nueva edici\u00f3n de Cine en Construcci\u00f3n, que tendr\u00e1 lugar en las mismas fechas que el<strong> III Foro de Coproducci\u00f3n Europa-Am\u00e9rica Latina,<\/strong> tendr\u00e1 seis pel\u00edculas producidas o coproducidas por Argentina, Brasil, Chile, Colombia, Per\u00fa, Guatemala y Uruguay.<\/p>\n<p style=\"text-align: justify;\">La lista la integran: <em><strong>\u00abMi amiga del parque\u00bb<\/strong><\/em> de Ana Katz (Argentina-Uruguay), <em><strong>\u00abIxcanul\u00bb,<\/strong> <\/em>de Jayro Bustamante (Guatemala-Francia), <em><strong>\u00abMagallanes\u00bb,<\/strong><\/em> de Salvador del Solar (Per\u00fa-Argentina-Colombia),<em><strong> \u00abO homem que matou a minha amada morta\u00bb,<\/strong> <\/em>de Aly Muritiba (Brasil), <em><strong>\u00abLa mujer de barro\u00bb,<\/strong><\/em> de Sergio Castro (Chile-Argentina), y <em><strong>\u00abPaula\u00bb,<\/strong> <\/em>de Eugenio Canevari (Argentina-Espa\u00f1a).<\/p>\n<p style=\"text-align: justify;\">Dos de los films que se podr\u00e1n ver en Cine en Construcci\u00f3n 26 participaron como proyectos en el <strong>I Foro de Coproducci\u00f3n Europa-Am\u00e9rica Latina<\/strong>: \u201cMi amiga del parque\u201d, de Ana Katz, y \u201cO homem que matou a minha amada morta\u201d, de Aly Muritiba.<\/p>\n<p style=\"text-align: justify;\">Entre las seis producciones seleccionadas -que fueron parte de 121 t\u00edtulos presentados por 25 pa\u00edses, saldr\u00e1 la pel\u00edcula ganadora de este certamen, que se celebra conjuntamente con los <strong>Encuentros de Cine Latinoamericano de Toulouse<\/strong> (Francia), y recibir\u00e1 el Premio de la Industria Cine en Construcci\u00f3n por un valor de hasta 200.000 euros.<\/p>\n<div style=\"padding-bottom:20px; padding-top:10px;\" class=\"hupso-share-buttons\"><!-- Hupso Share Buttons - https:\/\/www.hupso.com\/share\/ --><a class=\"hupso_counters\" href=\"https:\/\/www.hupso.com\/share\/\"><img decoding=\"async\" src=\"http:\/\/static.hupso.com\/share\/buttons\/lang\/es\/share-small.png\" style=\"border:0px; padding-top:2px; float:left;\" alt=\"Share Button\"\/><\/a><script type=\"text\/javascript\">var hupso_services_c=new Array(\"twitter\",\"facebook_like\",\"google\");var hupso_counters_lang = \"es_LA\";var hupso_image_folder_url = \"\";var hupso_twitter_via=\"crsyvrs\";var hupso_url_c=\"\";<\/script><script type=\"text\/javascript\" src=\"http:\/\/static.hupso.com\/share\/js\/counters.js\"><\/script><!-- Hupso Share Buttons --><\/div> ","protected":false},"excerpt":{"rendered":"<div style=\"padding-bottom:20px; padding-top:10px;\" class=\"hupso-share-buttons\"><!-- Hupso Share Buttons - https:\/\/www.hupso.com\/share\/ --><a class=\"hupso_counters\" href=\"https:\/\/www.hupso.com\/share\/\"><img src=\"http:\/\/static.hupso.com\/share\/buttons\/lang\/es\/share-small.png\" style=\"border:0px; padding-top:2px; float:left;\" alt=\"Share Button\"\/><\/a><script type=\"text\/javascript\">var hupso_services_c=new Array(\"twitter\",\"facebook_like\",\"google\");var hupso_counters_lang = \"es_LA\";var hupso_image_folder_url = \"\";var hupso_twitter_via=\"crsyvrs\";var hupso_url_c=\"\";<\/script><script type=\"text\/javascript\" src=\"http:\/\/static.hupso.com\/share\/js\/counters.js\"><\/script><!-- Hupso Share Buttons --><\/div><p>La producci\u00f3n de la directora argentina ser\u00e1 una de las seis pel\u00edculas lationamericanas que competir\u00e1n por el premio Cine en Construcci\u00f3n\u00a0 en el festival vasco. \u201cMi amiga del parque\u201d, una coproducci\u00f3n argentino-uruguaya dirigida por Ana Katz, es una de&#46;&#46;&#46;<\/p>\n<div style=\"padding-bottom:20px; padding-top:10px;\" class=\"hupso-share-buttons\"><!-- Hupso Share Buttons - https:\/\/www.hupso.com\/share\/ --><a class=\"hupso_counters\" href=\"https:\/\/www.hupso.com\/share\/\"><img src=\"http:\/\/static.hupso.com\/share\/buttons\/lang\/es\/share-small.png\" style=\"border:0px; padding-top:2px; float:left;\" alt=\"Share Button\"\/><\/a><script type=\"text\/javascript\">var hupso_services_c=new Array(\"twitter\",\"facebook_like\",\"google\");var hupso_counters_lang = \"es_LA\";var hupso_image_folder_url = \"\";var hupso_twitter_via=\"crsyvrs\";var hupso_url_c=\"\";<\/script><script type=\"text\/javascript\" src=\"http:\/\/static.hupso.com\/share\/js\/counters.js\"><\/script><!-- Hupso Share Buttons --><\/div>","protected":false},"author":5,"featured_media":0,"comment_status":"open","ping_status":"open","sticky":false,"template":"","format":"standard","meta":{"footnotes":""},"categories":[4],"tags":[2584,2587,2586,2585],"class_list":["post-3260","post","type-post","status-publish","format-standard","hentry","category-cine","tag-ana-katz","tag-cine-en-construccion","tag-festival-de-cine-de-san-sebastian","tag-mi-amiga-del-parque"],"_links":{"self":[{"href":"http:\/\/cronicasyversiones.com\/index.php?rest_route=\/wp\/v2\/posts\/3260","targetHints":{"allow":["GET"]}}],"collection":[{"href":"http:\/\/cronicasyversiones.com\/index.php?rest_route=\/wp\/v2\/posts"}],"about":[{"href":"http:\/\/cronicasyversiones.com\/index.php?rest_route=\/wp\/v2\/types\/post"}],"author":[{"embeddable":true,"href":"http:\/\/cronicasyversiones.com\/index.php?rest_route=\/wp\/v2\/users\/5"}],"replies":[{"embeddable":true,"href":"http:\/\/cronicasyversiones.com\/index.php?rest_route=%2Fwp%2Fv2%2Fcomments&post=3260"}],"version-history":[{"count":0,"href":"http:\/\/cronicasyversiones.com\/index.php?rest_route=\/wp\/v2\/posts\/3260\/revisions"}],"wp:attachment":[{"href":"http:\/\/cronicasyversiones.com\/index.php?rest_route=%2Fwp%2Fv2%2Fmedia&parent=3260"}],"wp:term":[{"taxonomy":"category","embeddable":true,"href":"http:\/\/cronicasyversiones.com\/index.php?rest_route=%2Fwp%2Fv2%2Fcategories&post=3260"},{"taxonomy":"post_tag","embeddable":true,"href":"http:\/\/cronicasyversiones.com\/index.php?rest_route=%2Fwp%2Fv2%2Ftags&post=3260"}],"curies":[{"name":"wp","href":"https:\/\/api.w.org\/{rel}","templated":true}]}}