{"id":3273,"date":"2014-08-22T00:11:41","date_gmt":"2014-08-22T03:11:41","guid":{"rendered":"http:\/\/cronicasyversiones.com\/?p=3273"},"modified":"2014-08-22T00:11:41","modified_gmt":"2014-08-22T03:11:41","slug":"arranca-el-festival-latinoamericano-de-teatro-en-el-cervantes","status":"publish","type":"post","link":"http:\/\/cronicasyversiones.com\/?p=3273","title":{"rendered":"Arranca el Festival Latinoamericano de Teatro en el Cervantes"},"content":{"rendered":"<div style=\"padding-bottom:20px; padding-top:10px;\" class=\"hupso-share-buttons\"><!-- Hupso Share Buttons - https:\/\/www.hupso.com\/share\/ --><a class=\"hupso_counters\" href=\"https:\/\/www.hupso.com\/share\/\"><img decoding=\"async\" src=\"http:\/\/static.hupso.com\/share\/buttons\/lang\/es\/share-small.png\" style=\"border:0px; padding-top:2px; float:left;\" alt=\"Share Button\"\/><\/a><script type=\"text\/javascript\">var hupso_services_c=new Array(\"twitter\",\"facebook_like\",\"google\");var hupso_counters_lang = \"es_LA\";var hupso_image_folder_url = \"\";var hupso_twitter_via=\"crsyvrs\";var hupso_url_c=\"\";<\/script><script type=\"text\/javascript\" src=\"http:\/\/static.hupso.com\/share\/js\/counters.js\"><\/script><!-- Hupso Share Buttons --><\/div><h2 style=\"text-align: justify;\">El encuentro se va a realizar entre el mi\u00e9rcoles 27 de agosto y el domingo 7 de septiembre y participar\u00e1n doce espect\u00e1culos de nueve pa\u00edses del continente.<\/h2>\n<p><a href=\"http:\/\/cronicasyversiones.com\/wp-content\/uploads\/2014\/08\/Angel-de-la-guarda.jpg\"><img loading=\"lazy\" decoding=\"async\" class=\"size-full wp-image-3274 aligncenter\" src=\"http:\/\/cronicasyversiones.com\/wp-content\/uploads\/2014\/08\/Angel-de-la-guarda.jpg\" alt=\"Angel de la guarda\" width=\"668\" height=\"444\" srcset=\"http:\/\/cronicasyversiones.com\/wp-content\/uploads\/2014\/08\/Angel-de-la-guarda.jpg 668w, http:\/\/cronicasyversiones.com\/wp-content\/uploads\/2014\/08\/Angel-de-la-guarda-300x199.jpg 300w, http:\/\/cronicasyversiones.com\/wp-content\/uploads\/2014\/08\/Angel-de-la-guarda-624x414.jpg 624w\" sizes=\"auto, (max-width: 668px) 100vw, 668px\" \/><\/a><\/p>\n<p>El<strong> Festival Latinoamericano de Teatro,<\/strong> que tendr\u00e1 lugar en las tablas del <strong>Teatro Nacional Cervantes<\/strong> entre el mi\u00e9rcoles 27 de agosto y el domingo 7 de septiembre, contar\u00e1 en su agenda doce espect\u00e1culos de nueve pa\u00edses del continente.<\/p>\n<p>La movida se realiza en cogesti\u00f3n con el <strong>Instituto Nacional del Teatro<\/strong>, con tres espect\u00e1culos que el INT convoc\u00f3 para participar de su Circuito de Festivales, ser\u00e1n programados para realizar funciones en el marco de ese circuito y as\u00ed ampliar los p\u00fablicos.<\/p>\n<p>Participar\u00e1n elencos de <strong>Bolivia, Colombia, Chile, Ecuador, El Salvador, Guatemala, M\u00e9xico, Uruguay y Venezuela<\/strong> y sus obras podr\u00e1n verse en las tres salas del Cervantes de mi\u00e9rcoles a domingos, con localidades a precios populares y descuentos para estudiantes, jubilados y grupos.<br \/>\n<strong>La programaci\u00f3n es la siguiente:<\/strong><\/p>\n<p><strong>&#8211; Mi\u00e9rcoles 27 de agosto a las 19<\/strong>: <em><strong>\u00ab\u00c1ngel de la guarda\u00bb,<\/strong> <\/em>por Teatro Luis Poma (El Salvador), con direcci\u00f3n de Roberto Salom\u00f3n, en la sala Luisa Vehil. Repite el jueves 28 en igual sala y horario. <strong>A las 21<\/strong>:<em><strong> \u00abLa esencia\u00bb,<\/strong> <\/em>por murga La Trasnochada (Uruguay) en la sala Mar\u00eda Guerrero<\/p>\n<p><strong>&#8211; Viernes 29 a las 21<\/strong>: <em><strong>\u00abConferencia sobre la lluvia\u00bb<\/strong><\/em>, de Juan Villoro, por la Compa\u00f1\u00eda Nacional de Teatro (M\u00e9xico), con direcci\u00f3n de Sandra F\u00e9lix, en la sala Mar\u00eda Guerrero. <strong>A las 21.30: <em>\u00abOtro d\u00eda de fiesta\u00bb<\/em><\/strong><em>,<\/em> de Luis Enrique Guti\u00e9rrez, por el Grupo Teatral Tehuantepec (M\u00e9xico), dirigido por Marco Petriz, en la sala Orestes Caviglia<\/p>\n<p><strong>&#8211; S\u00e1bado 30 a las 19:<\/strong> \u00ab<em><strong>El charlat\u00e1n\u00bb,<\/strong> <\/em>adaptaci\u00f3n de Rodolfo de Le\u00f3n, por La Charada Teatro (Guatemala), con direcci\u00f3n de Larraitz Iparragirre, en la sala Luisa Vehil. Repite el domingo 31 a las 18.30 en la misma sala<\/p>\n<p><strong>&#8211; Domingo 31 de agosto a las 20.30:<\/strong> <em><strong>\u00abSobre la teor\u00eda del eterno retorno aplicada a la revoluci\u00f3n en el Caribe\u00bb<\/strong><\/em> (Uruguay), escrita y dirigida por Santiago Sanguinetti, en la sala Mar\u00eda Guerrero<\/p>\n<p><strong>&#8211; Mi\u00e9rcoles 3 de septiembre a las 21: <em>\u00abEl Sr. Gal\u00edndez\u00bb<\/em>,<\/strong> de Eduardo Pavlovsky, por Teatro Amplio (Chile), con direcci\u00f3n de Antonio Altamirano Fern\u00e1ndez, en la sala Mar\u00eda Guerrero. <strong>A las 21.30: <em>\u00abL\u00edrica\u00bb,<\/em><\/strong> de Gustavo Ott, por Teatro San Mart\u00edn de Caracas (Venezuela), con direcci\u00f3n de Luis Domingo Gonz\u00e1lez, en la sala Orestes Caviglia. Repite el jueves 4 en igual sala y horario<\/p>\n<p><strong>&#8211; Viernes 5 a las 19: <em>\u00abRicardo III\u00bb<\/em><\/strong><em>,<\/em> con dramaturgia y direcci\u00f3n de C\u00e9sar Casta\u00f1o, por Teatro El Paso (Colombia), en la sala Luisa Vehil. Repite el s\u00e1bado 6 en igual sala y horario. <strong>A las 21:<\/strong><em><strong> \u00abOtelo\u00bb<\/strong><\/em>, adaptada y dirigida por Teresita Iacobelli, Christian Ortega y Jaime Lorca, por elenco Viajeinm\u00f3vil (Chile), en la sala Mar\u00eda Guerrero<\/p>\n<p><strong>&#8211; S\u00e1bado 6 a las 21.30: <em>\u00abInstrucciones para abrazar el aire\u00bb,<\/em><\/strong> de Ar\u00edstides Vargas, por Grupo de Teatro Malayerba (Ecuador), con direcci\u00f3n de Charo Franc\u00e9s, Gerson Guerra y Ar\u00edstides Vargas, en la sala Orestes Caviglia<\/p>\n<p><strong>&#8211; Domingo 7 a las 20.30:<em> \u00abHamlet de Los Andes\u00bb,<\/em><\/strong> por Teatro de Los Andes (Bolivia), creaci\u00f3n y direcci\u00f3n colectiva y direcci\u00f3n musical de Lucas Achirico, en la sala Mar\u00eda Guerrero.<\/p>\n<div style=\"padding-bottom:20px; padding-top:10px;\" class=\"hupso-share-buttons\"><!-- Hupso Share Buttons - https:\/\/www.hupso.com\/share\/ --><a class=\"hupso_counters\" href=\"https:\/\/www.hupso.com\/share\/\"><img decoding=\"async\" src=\"http:\/\/static.hupso.com\/share\/buttons\/lang\/es\/share-small.png\" style=\"border:0px; padding-top:2px; float:left;\" alt=\"Share Button\"\/><\/a><script type=\"text\/javascript\">var hupso_services_c=new Array(\"twitter\",\"facebook_like\",\"google\");var hupso_counters_lang = \"es_LA\";var hupso_image_folder_url = \"\";var hupso_twitter_via=\"crsyvrs\";var hupso_url_c=\"\";<\/script><script type=\"text\/javascript\" src=\"http:\/\/static.hupso.com\/share\/js\/counters.js\"><\/script><!-- Hupso Share Buttons --><\/div> ","protected":false},"excerpt":{"rendered":"<div style=\"padding-bottom:20px; padding-top:10px;\" class=\"hupso-share-buttons\"><!-- Hupso Share Buttons - https:\/\/www.hupso.com\/share\/ --><a class=\"hupso_counters\" href=\"https:\/\/www.hupso.com\/share\/\"><img src=\"http:\/\/static.hupso.com\/share\/buttons\/lang\/es\/share-small.png\" style=\"border:0px; padding-top:2px; float:left;\" alt=\"Share Button\"\/><\/a><script type=\"text\/javascript\">var hupso_services_c=new Array(\"twitter\",\"facebook_like\",\"google\");var hupso_counters_lang = \"es_LA\";var hupso_image_folder_url = \"\";var hupso_twitter_via=\"crsyvrs\";var hupso_url_c=\"\";<\/script><script type=\"text\/javascript\" src=\"http:\/\/static.hupso.com\/share\/js\/counters.js\"><\/script><!-- Hupso Share Buttons --><\/div><p>El encuentro se va a realizar entre el mi\u00e9rcoles 27 de agosto y el domingo 7 de septiembre y participar\u00e1n doce espect\u00e1culos de nueve pa\u00edses del continente. El Festival Latinoamericano de Teatro, que tendr\u00e1 lugar en las tablas del&#46;&#46;&#46;<\/p>\n<div style=\"padding-bottom:20px; padding-top:10px;\" class=\"hupso-share-buttons\"><!-- Hupso Share Buttons - https:\/\/www.hupso.com\/share\/ --><a class=\"hupso_counters\" href=\"https:\/\/www.hupso.com\/share\/\"><img src=\"http:\/\/static.hupso.com\/share\/buttons\/lang\/es\/share-small.png\" style=\"border:0px; padding-top:2px; float:left;\" alt=\"Share Button\"\/><\/a><script type=\"text\/javascript\">var hupso_services_c=new Array(\"twitter\",\"facebook_like\",\"google\");var hupso_counters_lang = \"es_LA\";var hupso_image_folder_url = \"\";var hupso_twitter_via=\"crsyvrs\";var hupso_url_c=\"\";<\/script><script type=\"text\/javascript\" src=\"http:\/\/static.hupso.com\/share\/js\/counters.js\"><\/script><!-- Hupso Share Buttons --><\/div>","protected":false},"author":5,"featured_media":0,"comment_status":"open","ping_status":"open","sticky":false,"template":"","format":"standard","meta":{"footnotes":""},"categories":[5],"tags":[2590,2592,2591],"class_list":["post-3273","post","type-post","status-publish","format-standard","hentry","category-teatro","tag-festival-latinoamericano-de-teatro","tag-instituto-nacional-del-teatro","tag-teatro-nacional-cervantes"],"_links":{"self":[{"href":"http:\/\/cronicasyversiones.com\/index.php?rest_route=\/wp\/v2\/posts\/3273","targetHints":{"allow":["GET"]}}],"collection":[{"href":"http:\/\/cronicasyversiones.com\/index.php?rest_route=\/wp\/v2\/posts"}],"about":[{"href":"http:\/\/cronicasyversiones.com\/index.php?rest_route=\/wp\/v2\/types\/post"}],"author":[{"embeddable":true,"href":"http:\/\/cronicasyversiones.com\/index.php?rest_route=\/wp\/v2\/users\/5"}],"replies":[{"embeddable":true,"href":"http:\/\/cronicasyversiones.com\/index.php?rest_route=%2Fwp%2Fv2%2Fcomments&post=3273"}],"version-history":[{"count":0,"href":"http:\/\/cronicasyversiones.com\/index.php?rest_route=\/wp\/v2\/posts\/3273\/revisions"}],"wp:attachment":[{"href":"http:\/\/cronicasyversiones.com\/index.php?rest_route=%2Fwp%2Fv2%2Fmedia&parent=3273"}],"wp:term":[{"taxonomy":"category","embeddable":true,"href":"http:\/\/cronicasyversiones.com\/index.php?rest_route=%2Fwp%2Fv2%2Fcategories&post=3273"},{"taxonomy":"post_tag","embeddable":true,"href":"http:\/\/cronicasyversiones.com\/index.php?rest_route=%2Fwp%2Fv2%2Ftags&post=3273"}],"curies":[{"name":"wp","href":"https:\/\/api.w.org\/{rel}","templated":true}]}}