{"id":32750,"date":"2021-12-21T22:06:25","date_gmt":"2021-12-22T01:06:25","guid":{"rendered":"http:\/\/cronicasyversiones.com\/?p=32750"},"modified":"2021-12-21T22:06:26","modified_gmt":"2021-12-22T01:06:26","slug":"fattoruso-rada-y-lebon-en-el-festival-medo-y-medio","status":"publish","type":"post","link":"http:\/\/cronicasyversiones.com\/?p=32750","title":{"rendered":"Fattoruso, Rada y Leb\u00f3n, en el Festival Medo y Medio"},"content":{"rendered":"<div style=\"padding-bottom:20px; padding-top:10px;\" class=\"hupso-share-buttons\"><!-- Hupso Share Buttons - https:\/\/www.hupso.com\/share\/ --><a class=\"hupso_counters\" href=\"https:\/\/www.hupso.com\/share\/\"><img decoding=\"async\" src=\"http:\/\/static.hupso.com\/share\/buttons\/lang\/es\/share-small.png\" style=\"border:0px; padding-top:2px; float:left;\" alt=\"Share Button\"\/><\/a><script type=\"text\/javascript\">var hupso_services_c=new Array(\"twitter\",\"facebook_like\",\"google\");var hupso_counters_lang = \"es_LA\";var hupso_image_folder_url = \"\";var hupso_twitter_via=\"crsyvrs\";var hupso_url_c=\"\";<\/script><script type=\"text\/javascript\" src=\"http:\/\/static.hupso.com\/share\/js\/counters.js\"><\/script><!-- Hupso Share Buttons --><\/div><h2>Con grandes figuras, le cita tendr\u00e1 lugar entre el 25 de diciembre y finales de marzo en el hom\u00f3nimo club de jazz y restaurant ubicado en Punta Ballena.<\/h2>\n<p><img loading=\"lazy\" decoding=\"async\" class=\" wp-image-32751 aligncenter\" src=\"http:\/\/cronicasyversiones.com\/wp-content\/uploads\/2021\/12\/1_FEg7i4PENuVvVFBTWbGfeQ-300x200.jpeg\" alt=\"\" width=\"416\" height=\"277\" srcset=\"http:\/\/cronicasyversiones.com\/wp-content\/uploads\/2021\/12\/1_FEg7i4PENuVvVFBTWbGfeQ-300x200.jpeg 300w, http:\/\/cronicasyversiones.com\/wp-content\/uploads\/2021\/12\/1_FEg7i4PENuVvVFBTWbGfeQ.jpeg 550w\" sizes=\"auto, (max-width: 416px) 100vw, 416px\" \/><\/p>\n<p>La nueva edici\u00f3n del tradicional <strong>Festival Medio y Medio<\/strong> tendr\u00e1 lugar entre el 25 de diciembre y finales de marzo en el hom\u00f3nimo club de jazz y restaurant ubicado en Punta Ballena, en el departamento uruguayo de Maldonado.<\/p>\n<p>El ciclo, que el a\u00f1o pasado cumpli\u00f3 25 a\u00f1os, presentar\u00e1 como es costumbre una variada oferta musical.<\/p>\n<p>El inicio ser\u00e1 el d\u00eda 25 y 26 de este mes con <strong>Hugo Fattoruso y Nando Michel\u00edn;<\/strong> el 29 ser\u00e1 el turno de<strong> Kevin Johansen<\/strong> y el 31 habr\u00e1 una gran fiesta de a\u00f1o nuevo en la que participar\u00e1 el local <strong>DJ Florencio.<\/strong><\/p>\n<p>El 4 de enero actuar\u00e1 <strong>Fabi\u00e1n \u00abEl Zorrito\u00bb Von Quintiero<\/strong> con su banda Los Gustocks, y repetir\u00e1 el 11; el 6 y 7 llegar\u00e1<strong> Los Aut\u00e9nticos Decadentes<\/strong>; al d\u00eda siguiente estar\u00e1 <strong>Juanse,<\/strong> acompa\u00f1ado por Memi y Gabriel Car\u00e1mbula; y el 14 se presentar\u00e1 <strong>David Leb\u00f3n.<\/strong><\/p>\n<p>La programaci\u00f3n de ese mes continuar\u00e1 con Gustavo Cordera, el 15;<strong> Miranda!,<\/strong> el 16; <strong>Coti,<\/strong> el 22 y la mexicana <strong>Julieta Venegas<\/strong>, el 27, 28 y 29.<\/p>\n<p>El 3 de febrero ser\u00e1 el turno de <strong>Loli Molina,<\/strong> al d\u00eda siguiente actuar\u00e1 Cruzando el Charco y el 5 estar\u00e1 la local Peyote Asesino. Por su parte, el 10 se pondr\u00e1 en marcha la serie cantautores con <strong>Fernando Cabrera,<\/strong> que continuar\u00e1 el 11 con <strong>Lisandro Aristimu\u00f1o,<\/strong> el 12 con el brasile\u00f1o<strong> Lenine<\/strong>, el 17 y 18 con<strong> Ciro y Los Persas,<\/strong> y el 19 con<strong> Chano.<\/strong><\/p>\n<p>En tanto, el 26 confluir\u00e1n la brasile\u00f1a Mar\u00eda Gad\u00fa, Liliana Herrero y la espa\u00f1ola Silvia P\u00e9rez Cruz en el inicio del Mini Fest Carnaval; que continuar\u00e1 al d\u00eda siguiente con Rub\u00e9n Rada y el 28 contar\u00e1 con la local Buenos Muchachos.<\/p>\n<p>A modo de prolongado bis, en marzo se realizar\u00e1 un postdata\/off festival, que tendr\u00e1 el d\u00eda 5 al argentino Pablo Oliva; el 12 a Lu Ferreira, Alfonsina y Papina de Palma, el 19 a<strong> Rossana Taddei;<\/strong> y el 26 a La Celeste.<\/p>\n<p>Entre las novedades de este a\u00f1o tambi\u00e9n destacan un primer ciclo de teatro unipersonal y una \u00abEscuela de m\u00fasica\u00bb, que durar\u00e1 una semana y estar\u00e1 a cargo de maestros de Brasil, Uruguay y Argentina.<\/p>\n<p>El horario de inicio de todos los shows ser\u00e1 a las 22 y las entradas ya est\u00e1n a la venta a trav\u00e9s de la plataforma Redtickets.<\/p>\n<div style=\"padding-bottom:20px; padding-top:10px;\" class=\"hupso-share-buttons\"><!-- Hupso Share Buttons - https:\/\/www.hupso.com\/share\/ --><a class=\"hupso_counters\" href=\"https:\/\/www.hupso.com\/share\/\"><img decoding=\"async\" src=\"http:\/\/static.hupso.com\/share\/buttons\/lang\/es\/share-small.png\" style=\"border:0px; padding-top:2px; float:left;\" alt=\"Share Button\"\/><\/a><script type=\"text\/javascript\">var hupso_services_c=new Array(\"twitter\",\"facebook_like\",\"google\");var hupso_counters_lang = \"es_LA\";var hupso_image_folder_url = \"\";var hupso_twitter_via=\"crsyvrs\";var hupso_url_c=\"\";<\/script><script type=\"text\/javascript\" src=\"http:\/\/static.hupso.com\/share\/js\/counters.js\"><\/script><!-- Hupso Share Buttons --><\/div> ","protected":false},"excerpt":{"rendered":"<div style=\"padding-bottom:20px; padding-top:10px;\" class=\"hupso-share-buttons\"><!-- Hupso Share Buttons - https:\/\/www.hupso.com\/share\/ --><a class=\"hupso_counters\" href=\"https:\/\/www.hupso.com\/share\/\"><img src=\"http:\/\/static.hupso.com\/share\/buttons\/lang\/es\/share-small.png\" style=\"border:0px; padding-top:2px; float:left;\" alt=\"Share Button\"\/><\/a><script type=\"text\/javascript\">var hupso_services_c=new Array(\"twitter\",\"facebook_like\",\"google\");var hupso_counters_lang = \"es_LA\";var hupso_image_folder_url = \"\";var hupso_twitter_via=\"crsyvrs\";var hupso_url_c=\"\";<\/script><script type=\"text\/javascript\" src=\"http:\/\/static.hupso.com\/share\/js\/counters.js\"><\/script><!-- Hupso Share Buttons --><\/div><p>Con grandes figuras, le cita tendr\u00e1 lugar entre el 25 de diciembre y finales de marzo en el hom\u00f3nimo club de jazz y restaurant ubicado en Punta Ballena. La nueva edici\u00f3n del tradicional Festival Medio y Medio tendr\u00e1 lugar&#46;&#46;&#46;<\/p>\n<div style=\"padding-bottom:20px; padding-top:10px;\" class=\"hupso-share-buttons\"><!-- Hupso Share Buttons - https:\/\/www.hupso.com\/share\/ --><a class=\"hupso_counters\" href=\"https:\/\/www.hupso.com\/share\/\"><img src=\"http:\/\/static.hupso.com\/share\/buttons\/lang\/es\/share-small.png\" style=\"border:0px; padding-top:2px; float:left;\" alt=\"Share Button\"\/><\/a><script type=\"text\/javascript\">var hupso_services_c=new Array(\"twitter\",\"facebook_like\",\"google\");var hupso_counters_lang = \"es_LA\";var hupso_image_folder_url = \"\";var hupso_twitter_via=\"crsyvrs\";var hupso_url_c=\"\";<\/script><script type=\"text\/javascript\" src=\"http:\/\/static.hupso.com\/share\/js\/counters.js\"><\/script><!-- Hupso Share Buttons --><\/div>","protected":false},"author":5,"featured_media":32751,"comment_status":"closed","ping_status":"closed","sticky":false,"template":"","format":"standard","meta":{"footnotes":""},"categories":[3],"tags":[1066,1432,4581],"class_list":["post-32750","post","type-post","status-publish","format-standard","has-post-thumbnail","hentry","category-musica","tag-david-lebon","tag-hugo-fattoruso","tag-ruben-rada"],"_links":{"self":[{"href":"http:\/\/cronicasyversiones.com\/index.php?rest_route=\/wp\/v2\/posts\/32750","targetHints":{"allow":["GET"]}}],"collection":[{"href":"http:\/\/cronicasyversiones.com\/index.php?rest_route=\/wp\/v2\/posts"}],"about":[{"href":"http:\/\/cronicasyversiones.com\/index.php?rest_route=\/wp\/v2\/types\/post"}],"author":[{"embeddable":true,"href":"http:\/\/cronicasyversiones.com\/index.php?rest_route=\/wp\/v2\/users\/5"}],"replies":[{"embeddable":true,"href":"http:\/\/cronicasyversiones.com\/index.php?rest_route=%2Fwp%2Fv2%2Fcomments&post=32750"}],"version-history":[{"count":2,"href":"http:\/\/cronicasyversiones.com\/index.php?rest_route=\/wp\/v2\/posts\/32750\/revisions"}],"predecessor-version":[{"id":32829,"href":"http:\/\/cronicasyversiones.com\/index.php?rest_route=\/wp\/v2\/posts\/32750\/revisions\/32829"}],"wp:featuredmedia":[{"embeddable":true,"href":"http:\/\/cronicasyversiones.com\/index.php?rest_route=\/wp\/v2\/media\/32751"}],"wp:attachment":[{"href":"http:\/\/cronicasyversiones.com\/index.php?rest_route=%2Fwp%2Fv2%2Fmedia&parent=32750"}],"wp:term":[{"taxonomy":"category","embeddable":true,"href":"http:\/\/cronicasyversiones.com\/index.php?rest_route=%2Fwp%2Fv2%2Fcategories&post=32750"},{"taxonomy":"post_tag","embeddable":true,"href":"http:\/\/cronicasyversiones.com\/index.php?rest_route=%2Fwp%2Fv2%2Ftags&post=32750"}],"curies":[{"name":"wp","href":"https:\/\/api.w.org\/{rel}","templated":true}]}}