{"id":32859,"date":"2022-01-23T09:15:40","date_gmt":"2022-01-23T12:15:40","guid":{"rendered":"http:\/\/cronicasyversiones.com\/?p=32859"},"modified":"2022-01-23T09:15:42","modified_gmt":"2022-01-23T12:15:42","slug":"llega-sundance-tv-a-filmarts","status":"publish","type":"post","link":"http:\/\/cronicasyversiones.com\/?p=32859","title":{"rendered":"Llega Sundance TV a Film&#038;Arts"},"content":{"rendered":"<div style=\"padding-bottom:20px; padding-top:10px;\" class=\"hupso-share-buttons\"><!-- Hupso Share Buttons - https:\/\/www.hupso.com\/share\/ --><a class=\"hupso_counters\" href=\"https:\/\/www.hupso.com\/share\/\"><img decoding=\"async\" src=\"http:\/\/static.hupso.com\/share\/buttons\/lang\/es\/share-small.png\" style=\"border:0px; padding-top:2px; float:left;\" alt=\"Share Button\"\/><\/a><script type=\"text\/javascript\">var hupso_services_c=new Array(\"twitter\",\"facebook_like\",\"google\");var hupso_counters_lang = \"es_LA\";var hupso_image_folder_url = \"\";var hupso_twitter_via=\"crsyvrs\";var hupso_url_c=\"\";<\/script><script type=\"text\/javascript\" src=\"http:\/\/static.hupso.com\/share\/js\/counters.js\"><\/script><!-- Hupso Share Buttons --><\/div><h2>La se\u00f1al suma una nueva secci\u00f3n exclusiva en su grilla de programaci\u00f3n con films de presupuesto austero y sin financiamiento de los grandes estudios.<\/h2>\n<p><img loading=\"lazy\" decoding=\"async\" class=\" wp-image-32860 aligncenter\" src=\"http:\/\/cronicasyversiones.com\/wp-content\/uploads\/2021\/12\/unnamed-300x199.jpg\" alt=\"\" width=\"378\" height=\"251\" srcset=\"http:\/\/cronicasyversiones.com\/wp-content\/uploads\/2021\/12\/unnamed-300x199.jpg 300w, http:\/\/cronicasyversiones.com\/wp-content\/uploads\/2021\/12\/unnamed.jpg 512w\" sizes=\"auto, (max-width: 378px) 100vw, 378px\" \/><\/p>\n<p><strong>Film&amp;Arts<\/strong> presenta a partir de enero a<em><strong> \u201cViernes de Sundance\u201d,<\/strong> <\/em>todos los viernes a las 22, en una nueva secci\u00f3n exclusiva en su grilla de programaci\u00f3n.<\/p>\n<p>Se trata de films que logran destacar por un universo narrativo personal y provocador ya sea por el relato de su historia, su tema controvertido o in\u00e9dito, su valor y originalidad, y a pesar del austero presupuesto de un modesto directo, o la ausencia de financiamiento de los grandes estudios.<\/p>\n<p>Inaugura esta franja el viernes 28 de enero a las 22 &nbsp;horas el estreno de <em><strong>\u201cEl \u00faltimo Concierto\u201d<\/strong><\/em> (2012) dirigida por Yaron Zilberman.<\/p>\n<p>Las miembros de un cuarteto de cuerdas de fama internacional se estremecen cuando se enteran de la grave enfermedad que padece el violonchelista, el m\u00fasico mayor del grupo, Peter Mitchell (Christopher Walken).<\/p>\n<p>El cuarteto de cuerdas The Fugue se acerca a su 25 aniversario y el inesperado suceso obliga a sus miembros a revaluar sus relaciones interpersonales. Tras ser diagnosticado con la enfermedad de Parkinson, Peter anuncia su decisi\u00f3n de tocar un \u00faltimo concierto antes de retirarse.<\/p>\n<p>Mientras tanto, el segundo violinista, Robert (Philip Seymour Hoffman), expresa su deseo de alternar el primer papel de violinista, que durante mucho tiempo ocup\u00f3 Daniel (Mark Ivanir). Robert est\u00e1 casado con Juliette (Catherine Keener), la viola del grupo.<\/p>\n<p>Al descubrir que Juliette no lo apoya en este asunto, Robert tiene una aventura de una noche. Para complicar a\u00fan m\u00e1s las cosas, su hija, Alexandra (Imogen Poots), comienza una aventura con Daniel, por quien su madre una vez suspiraba. Sin embargo, unidos por sus a\u00f1os de colaboraci\u00f3n, el cuarteto buscar\u00e1 una despedida adecuada a su pasi\u00f3n compartida por la m\u00fasica y, tal vez, incluso un nuevo comienzo.<\/p>\n<div style=\"padding-bottom:20px; padding-top:10px;\" class=\"hupso-share-buttons\"><!-- Hupso Share Buttons - https:\/\/www.hupso.com\/share\/ --><a class=\"hupso_counters\" href=\"https:\/\/www.hupso.com\/share\/\"><img decoding=\"async\" src=\"http:\/\/static.hupso.com\/share\/buttons\/lang\/es\/share-small.png\" style=\"border:0px; padding-top:2px; float:left;\" alt=\"Share Button\"\/><\/a><script type=\"text\/javascript\">var hupso_services_c=new Array(\"twitter\",\"facebook_like\",\"google\");var hupso_counters_lang = \"es_LA\";var hupso_image_folder_url = \"\";var hupso_twitter_via=\"crsyvrs\";var hupso_url_c=\"\";<\/script><script type=\"text\/javascript\" src=\"http:\/\/static.hupso.com\/share\/js\/counters.js\"><\/script><!-- Hupso Share Buttons --><\/div> ","protected":false},"excerpt":{"rendered":"<div style=\"padding-bottom:20px; padding-top:10px;\" class=\"hupso-share-buttons\"><!-- Hupso Share Buttons - https:\/\/www.hupso.com\/share\/ --><a class=\"hupso_counters\" href=\"https:\/\/www.hupso.com\/share\/\"><img src=\"http:\/\/static.hupso.com\/share\/buttons\/lang\/es\/share-small.png\" style=\"border:0px; padding-top:2px; float:left;\" alt=\"Share Button\"\/><\/a><script type=\"text\/javascript\">var hupso_services_c=new Array(\"twitter\",\"facebook_like\",\"google\");var hupso_counters_lang = \"es_LA\";var hupso_image_folder_url = \"\";var hupso_twitter_via=\"crsyvrs\";var hupso_url_c=\"\";<\/script><script type=\"text\/javascript\" src=\"http:\/\/static.hupso.com\/share\/js\/counters.js\"><\/script><!-- Hupso Share Buttons --><\/div><p>La se\u00f1al suma una nueva secci\u00f3n exclusiva en su grilla de programaci\u00f3n con films de presupuesto austero y sin financiamiento de los grandes estudios. Film&amp;Arts presenta a partir de enero a \u201cViernes de Sundance\u201d, todos los viernes a las&#46;&#46;&#46;<\/p>\n<div style=\"padding-bottom:20px; padding-top:10px;\" class=\"hupso-share-buttons\"><!-- Hupso Share Buttons - https:\/\/www.hupso.com\/share\/ --><a class=\"hupso_counters\" href=\"https:\/\/www.hupso.com\/share\/\"><img src=\"http:\/\/static.hupso.com\/share\/buttons\/lang\/es\/share-small.png\" style=\"border:0px; padding-top:2px; float:left;\" alt=\"Share Button\"\/><\/a><script type=\"text\/javascript\">var hupso_services_c=new Array(\"twitter\",\"facebook_like\",\"google\");var hupso_counters_lang = \"es_LA\";var hupso_image_folder_url = \"\";var hupso_twitter_via=\"crsyvrs\";var hupso_url_c=\"\";<\/script><script type=\"text\/javascript\" src=\"http:\/\/static.hupso.com\/share\/js\/counters.js\"><\/script><!-- Hupso Share Buttons --><\/div>","protected":false},"author":5,"featured_media":32860,"comment_status":"closed","ping_status":"closed","sticky":false,"template":"","format":"standard","meta":{"footnotes":""},"categories":[4,6],"tags":[],"class_list":["post-32859","post","type-post","status-publish","format-standard","has-post-thumbnail","hentry","category-cine","category-radio-y-tv"],"_links":{"self":[{"href":"http:\/\/cronicasyversiones.com\/index.php?rest_route=\/wp\/v2\/posts\/32859","targetHints":{"allow":["GET"]}}],"collection":[{"href":"http:\/\/cronicasyversiones.com\/index.php?rest_route=\/wp\/v2\/posts"}],"about":[{"href":"http:\/\/cronicasyversiones.com\/index.php?rest_route=\/wp\/v2\/types\/post"}],"author":[{"embeddable":true,"href":"http:\/\/cronicasyversiones.com\/index.php?rest_route=\/wp\/v2\/users\/5"}],"replies":[{"embeddable":true,"href":"http:\/\/cronicasyversiones.com\/index.php?rest_route=%2Fwp%2Fv2%2Fcomments&post=32859"}],"version-history":[{"count":2,"href":"http:\/\/cronicasyversiones.com\/index.php?rest_route=\/wp\/v2\/posts\/32859\/revisions"}],"predecessor-version":[{"id":33040,"href":"http:\/\/cronicasyversiones.com\/index.php?rest_route=\/wp\/v2\/posts\/32859\/revisions\/33040"}],"wp:featuredmedia":[{"embeddable":true,"href":"http:\/\/cronicasyversiones.com\/index.php?rest_route=\/wp\/v2\/media\/32860"}],"wp:attachment":[{"href":"http:\/\/cronicasyversiones.com\/index.php?rest_route=%2Fwp%2Fv2%2Fmedia&parent=32859"}],"wp:term":[{"taxonomy":"category","embeddable":true,"href":"http:\/\/cronicasyversiones.com\/index.php?rest_route=%2Fwp%2Fv2%2Fcategories&post=32859"},{"taxonomy":"post_tag","embeddable":true,"href":"http:\/\/cronicasyversiones.com\/index.php?rest_route=%2Fwp%2Fv2%2Ftags&post=32859"}],"curies":[{"name":"wp","href":"https:\/\/api.w.org\/{rel}","templated":true}]}}