{"id":32958,"date":"2022-01-23T09:14:55","date_gmt":"2022-01-23T12:14:55","guid":{"rendered":"http:\/\/cronicasyversiones.com\/?p=32958"},"modified":"2022-01-23T09:14:56","modified_gmt":"2022-01-23T12:14:56","slug":"la-noche-de-las-ideas-llega-a-ocho-ciudades-argentinas","status":"publish","type":"post","link":"http:\/\/cronicasyversiones.com\/?p=32958","title":{"rendered":"La Noche de las Ideas llega a ocho ciudades argentinas"},"content":{"rendered":"<div style=\"padding-bottom:20px; padding-top:10px;\" class=\"hupso-share-buttons\"><!-- Hupso Share Buttons - https:\/\/www.hupso.com\/share\/ --><a class=\"hupso_counters\" href=\"https:\/\/www.hupso.com\/share\/\"><img decoding=\"async\" src=\"http:\/\/static.hupso.com\/share\/buttons\/lang\/es\/share-small.png\" style=\"border:0px; padding-top:2px; float:left;\" alt=\"Share Button\"\/><\/a><script type=\"text\/javascript\">var hupso_services_c=new Array(\"twitter\",\"facebook_like\",\"google\");var hupso_counters_lang = \"es_LA\";var hupso_image_folder_url = \"\";var hupso_twitter_via=\"crsyvrs\";var hupso_url_c=\"\";<\/script><script type=\"text\/javascript\" src=\"http:\/\/static.hupso.com\/share\/js\/counters.js\"><\/script><!-- Hupso Share Buttons --><\/div><h2>La cita Ideas retomar\u00e1 el 27 y 28 de enero pr\u00f3ximos la presencialidad, de la mano de m\u00e1s de 50 invitados bajo la consigna \u00ab(Re)construir lo com\u00fan\u00bb.<\/h2>\n<p><img loading=\"lazy\" decoding=\"async\" class=\"size-medium wp-image-32959 aligncenter\" src=\"http:\/\/cronicasyversiones.com\/wp-content\/uploads\/2022\/01\/61d75493c4508_900-300x169.jpg\" alt=\"\" width=\"300\" height=\"169\" srcset=\"http:\/\/cronicasyversiones.com\/wp-content\/uploads\/2022\/01\/61d75493c4508_900-300x169.jpg 300w, http:\/\/cronicasyversiones.com\/wp-content\/uploads\/2022\/01\/61d75493c4508_900-768x432.jpg 768w, http:\/\/cronicasyversiones.com\/wp-content\/uploads\/2022\/01\/61d75493c4508_900-520x292.jpg 520w, http:\/\/cronicasyversiones.com\/wp-content\/uploads\/2022\/01\/61d75493c4508_900-720x404.jpg 720w, http:\/\/cronicasyversiones.com\/wp-content\/uploads\/2022\/01\/61d75493c4508_900.jpg 900w\" sizes=\"auto, (max-width: 300px) 100vw, 300px\" \/><\/p>\n<p>Con un in\u00e9dito formato federal que incluye sede en ocho ciudades argentinas, La Noche de las Ideas retomar\u00e1 el 27 y 28 de enero pr\u00f3ximos la presencialidad, de la mano de m\u00e1s de 50 invitados bajo la consigna <em><strong>\u00ab(Re)construir lo com\u00fan\u00bb<\/strong><\/em>, dando cuenta de una nueva fase de la pandemia que confronta a las sociedades con la demanda de repensar sus lazos afectivos, econ\u00f3micos y sociales tras la irrupci\u00f3n del coronavirus.<\/p>\n<p>A la novedad de la presencialidad plena, cumpliendo aforos y medidas de cuidado sanitario seg\u00fan protocolo, se suma un in\u00e9dito sesgo federal que cuatriplica las sedes argentinas: de Ushuaia en el sur a San Miguel de Tucum\u00e1n en el norte, pasando por el<strong> \u00e1rea metropolitana bonaerense, AMBA, a Mendoza, C\u00f3rdoba, Rosario, Santa Fe y la ya tradicional parada de Mar del Plata.<\/strong><\/p>\n<p>Durante dos d\u00edas, intelectuales, artistas e investigadores como la fot\u00f3grafa Sarah Ritter, las escritoras Luisa Valenzuela, Silvia Hopenhayn y Carlos Gamerro, o el fil\u00f3sofo Dar\u00edo Sztajnszrajber, explorar\u00e1n los modos en que la pandemia puso a prueba la resiliencia de individuos y comunidades.<\/p>\n<p>Y, como un juego de opuestos, el ciclo se replicar\u00e1 en casi 100 ciudades del mundo, habilitando nuevas miradas que dejar\u00e1n atr\u00e1s los discursos de la primera etapa de la pandemia, cifrada por el aislamiento y el encierro.<\/p>\n<p>Ramificada en conferencias, mesas de debate, proyecciones, espect\u00e1culos musicales, muestras de arte y talleres la programaci\u00f3n incluye propuestas ecl\u00e9cticas, desde los historiadores Pablo Fontana y Ludovic Frobert al editor Alejandro Katz, pasando por la fot\u00f3grafa Malala Lekender, la investigadora Vanesa Parmigiani y el dibujante REP, a la chelista Violeta Garc\u00eda, el psicoanalista Livio Boni, la muse\u00f3loga C\u00e9cile Dazord, el economista C\u00e9dric Durand, la artista Pauline Fondevila, el soci\u00f3logo Baptiste Monsaingeon o el director de cine C\u00e9dric Robion.<\/p>\n<p>Y organizada por el Instituto Franc\u00e9s y la Embajada de Francia en Argentina, junto a de la Alianza Francesa de Argentina y Fundaci\u00f3n Medif\u00e9, la ecl\u00e9ctica programaci\u00f3n puede verse en https:\/\/lanochedelasideas.ifargentine.com.ar.<\/p>\n<div style=\"padding-bottom:20px; padding-top:10px;\" class=\"hupso-share-buttons\"><!-- Hupso Share Buttons - https:\/\/www.hupso.com\/share\/ --><a class=\"hupso_counters\" href=\"https:\/\/www.hupso.com\/share\/\"><img decoding=\"async\" src=\"http:\/\/static.hupso.com\/share\/buttons\/lang\/es\/share-small.png\" style=\"border:0px; padding-top:2px; float:left;\" alt=\"Share Button\"\/><\/a><script type=\"text\/javascript\">var hupso_services_c=new Array(\"twitter\",\"facebook_like\",\"google\");var hupso_counters_lang = \"es_LA\";var hupso_image_folder_url = \"\";var hupso_twitter_via=\"crsyvrs\";var hupso_url_c=\"\";<\/script><script type=\"text\/javascript\" src=\"http:\/\/static.hupso.com\/share\/js\/counters.js\"><\/script><!-- Hupso Share Buttons --><\/div> ","protected":false},"excerpt":{"rendered":"<div style=\"padding-bottom:20px; padding-top:10px;\" class=\"hupso-share-buttons\"><!-- Hupso Share Buttons - https:\/\/www.hupso.com\/share\/ --><a class=\"hupso_counters\" href=\"https:\/\/www.hupso.com\/share\/\"><img src=\"http:\/\/static.hupso.com\/share\/buttons\/lang\/es\/share-small.png\" style=\"border:0px; padding-top:2px; float:left;\" alt=\"Share Button\"\/><\/a><script type=\"text\/javascript\">var hupso_services_c=new Array(\"twitter\",\"facebook_like\",\"google\");var hupso_counters_lang = \"es_LA\";var hupso_image_folder_url = \"\";var hupso_twitter_via=\"crsyvrs\";var hupso_url_c=\"\";<\/script><script type=\"text\/javascript\" src=\"http:\/\/static.hupso.com\/share\/js\/counters.js\"><\/script><!-- Hupso Share Buttons --><\/div><p>La cita Ideas retomar\u00e1 el 27 y 28 de enero pr\u00f3ximos la presencialidad, de la mano de m\u00e1s de 50 invitados bajo la consigna \u00ab(Re)construir lo com\u00fan\u00bb. Con un in\u00e9dito formato federal que incluye sede en ocho ciudades argentinas,&#46;&#46;&#46;<\/p>\n<div style=\"padding-bottom:20px; padding-top:10px;\" class=\"hupso-share-buttons\"><!-- Hupso Share Buttons - https:\/\/www.hupso.com\/share\/ --><a class=\"hupso_counters\" href=\"https:\/\/www.hupso.com\/share\/\"><img src=\"http:\/\/static.hupso.com\/share\/buttons\/lang\/es\/share-small.png\" style=\"border:0px; padding-top:2px; float:left;\" alt=\"Share Button\"\/><\/a><script type=\"text\/javascript\">var hupso_services_c=new Array(\"twitter\",\"facebook_like\",\"google\");var hupso_counters_lang = \"es_LA\";var hupso_image_folder_url = \"\";var hupso_twitter_via=\"crsyvrs\";var hupso_url_c=\"\";<\/script><script type=\"text\/javascript\" src=\"http:\/\/static.hupso.com\/share\/js\/counters.js\"><\/script><!-- Hupso Share Buttons --><\/div>","protected":false},"author":5,"featured_media":32959,"comment_status":"closed","ping_status":"closed","sticky":false,"template":"","format":"standard","meta":{"footnotes":""},"categories":[9],"tags":[],"class_list":["post-32958","post","type-post","status-publish","format-standard","has-post-thumbnail","hentry","category-sociedad"],"_links":{"self":[{"href":"http:\/\/cronicasyversiones.com\/index.php?rest_route=\/wp\/v2\/posts\/32958","targetHints":{"allow":["GET"]}}],"collection":[{"href":"http:\/\/cronicasyversiones.com\/index.php?rest_route=\/wp\/v2\/posts"}],"about":[{"href":"http:\/\/cronicasyversiones.com\/index.php?rest_route=\/wp\/v2\/types\/post"}],"author":[{"embeddable":true,"href":"http:\/\/cronicasyversiones.com\/index.php?rest_route=\/wp\/v2\/users\/5"}],"replies":[{"embeddable":true,"href":"http:\/\/cronicasyversiones.com\/index.php?rest_route=%2Fwp%2Fv2%2Fcomments&post=32958"}],"version-history":[{"count":2,"href":"http:\/\/cronicasyversiones.com\/index.php?rest_route=\/wp\/v2\/posts\/32958\/revisions"}],"predecessor-version":[{"id":33039,"href":"http:\/\/cronicasyversiones.com\/index.php?rest_route=\/wp\/v2\/posts\/32958\/revisions\/33039"}],"wp:featuredmedia":[{"embeddable":true,"href":"http:\/\/cronicasyversiones.com\/index.php?rest_route=\/wp\/v2\/media\/32959"}],"wp:attachment":[{"href":"http:\/\/cronicasyversiones.com\/index.php?rest_route=%2Fwp%2Fv2%2Fmedia&parent=32958"}],"wp:term":[{"taxonomy":"category","embeddable":true,"href":"http:\/\/cronicasyversiones.com\/index.php?rest_route=%2Fwp%2Fv2%2Fcategories&post=32958"},{"taxonomy":"post_tag","embeddable":true,"href":"http:\/\/cronicasyversiones.com\/index.php?rest_route=%2Fwp%2Fv2%2Ftags&post=32958"}],"curies":[{"name":"wp","href":"https:\/\/api.w.org\/{rel}","templated":true}]}}