{"id":32975,"date":"2022-01-17T10:09:49","date_gmt":"2022-01-17T13:09:49","guid":{"rendered":"http:\/\/cronicasyversiones.com\/?p=32975"},"modified":"2022-01-17T10:09:49","modified_gmt":"2022-01-17T13:09:49","slug":"llega-la-segunda-temporada-de-la-reina-del-sur","status":"publish","type":"post","link":"http:\/\/cronicasyversiones.com\/?p=32975","title":{"rendered":"Llega la segunda temporada de \u201cLa Reina del Sur\u201d"},"content":{"rendered":"<div style=\"padding-bottom:20px; padding-top:10px;\" class=\"hupso-share-buttons\"><!-- Hupso Share Buttons - https:\/\/www.hupso.com\/share\/ --><a class=\"hupso_counters\" href=\"https:\/\/www.hupso.com\/share\/\"><img decoding=\"async\" src=\"http:\/\/static.hupso.com\/share\/buttons\/lang\/es\/share-small.png\" style=\"border:0px; padding-top:2px; float:left;\" alt=\"Share Button\"\/><\/a><script type=\"text\/javascript\">var hupso_services_c=new Array(\"twitter\",\"facebook_like\",\"google\");var hupso_counters_lang = \"es_LA\";var hupso_image_folder_url = \"\";var hupso_twitter_via=\"crsyvrs\";var hupso_url_c=\"\";<\/script><script type=\"text\/javascript\" src=\"http:\/\/static.hupso.com\/share\/js\/counters.js\"><\/script><!-- Hupso Share Buttons --><\/div><h2>Con Kate del Castillo y gran elenco, se estrena en Telemundo Internacional los nuevos episodios de la serie que sigue la historia de Teresa Mendoza.<\/h2>\n<p><img loading=\"lazy\" decoding=\"async\" class=\"size-medium wp-image-32976 aligncenter\" src=\"http:\/\/cronicasyversiones.com\/wp-content\/uploads\/2022\/01\/kate-300x250.jpg\" alt=\"\" width=\"300\" height=\"250\" srcset=\"http:\/\/cronicasyversiones.com\/wp-content\/uploads\/2022\/01\/kate-300x250.jpg 300w, http:\/\/cronicasyversiones.com\/wp-content\/uploads\/2022\/01\/kate-1024x853.jpg 1024w, http:\/\/cronicasyversiones.com\/wp-content\/uploads\/2022\/01\/kate-768x640.jpg 768w, http:\/\/cronicasyversiones.com\/wp-content\/uploads\/2022\/01\/kate.jpg 1080w\" sizes=\"auto, (max-width: 300px) 100vw, 300px\" \/><\/p>\n<p><strong>Kate del Castillo<\/strong> llega a <strong>Telemundo Internacional<\/strong> con la segunda temporada de la exitosa serie \u00a8La Reina del Sur\u00a8, este martes 18 de enero con doble episodio de lunes a viernes a partir de las 23.10.<\/p>\n<p>El elenco lo completan <strong>Isabella Sierra, Eric Roberts, Humberto Zurita, Mark Tacher, Emmanuel Orenday, Kika Edgar, Eduardo Ya\u00f1ez, Antonio Gil, Tiago Correa y Alex Speitzer,<\/strong> entre muchas otras grandes estrellas-<\/p>\n<p>El regreso de Teresa Mendoza, La Mexicana, quien luego de convertirse en una de las mayores traficantes de droga en Espa\u00f1a, en <em><strong>\u201cLa Reina del Sur\u201d,<\/strong><\/em> y desaparecer sin dejar rastro alguno, ahora se ve forzada a regresar a ese mundo tan peligroso para salvar la vida de su hija.<\/p>\n<p>a trama que cautiva la pasi\u00f3n de millones de fans, llega con Teresa Mendoza \u00a8La Mexicana\u201d huyendo de M\u00e9xico para evitar la mafia de la droga que mat\u00f3 a su novio, El G\u00fcero.<\/p>\n<p>La historia de la segunda temporada de <em><strong>\u00a8La Reina del Sur\u00a8<\/strong><\/em> surge de la pluma de los guionistas Roberto Stopello, Juan Marcos Blanco, Miguel Ferrari y Jos\u00e9 Miguel N\u00fa\u00f1ez, y en ella Latinoam\u00e9rica podr\u00e1 disfrutar a Teresa Mendoza, &#8216;La mexicana&#8217;, ocho a\u00f1os despu\u00e9s de haber salido de M\u00e9xico y viviendo bajo el Programa de Protecci\u00f3n de Testigos en Ia toscana italiana, en compa\u00f1\u00eda de su peque\u00f1a hija Sof\u00eda.<\/p>\n<p>Sin embargo, Teresa \u00a8La Mexicana\u00a8 no est\u00e1 destinada a una vida tranquila. Sof\u00eda es secuestrada por Epifanio Vargas, el mal\u00e9volo pol\u00edtico mexicano quien quiere para obligar a Teresa a regresar a M\u00e9xico para que lo ayude a destruir al candidato de oposici\u00f3n y ganar la presidencia a la mala.<\/p>\n<p>&nbsp;<\/p>\n<blockquote class=\"instagram-media\" style=\"background: #FFF; border: 0; border-radius: 3px; box-shadow: 0 0 1px 0 rgba(0,0,0,0.5),0 1px 10px 0 rgba(0,0,0,0.15); margin: 1px; max-width: 540px; min-width: 326px; padding: 0; width: calc(100% - 2px);\" data-instgrm-captioned=\"\" data-instgrm-permalink=\"https:\/\/www.instagram.com\/p\/CYzeYKoMy3S\/?utm_source=ig_embed&amp;utm_campaign=loading\" data-instgrm-version=\"14\">\n<div style=\"padding: 16px;\">\n<p>&nbsp;<\/p>\n<div style=\"display: flex; flex-direction: row; align-items: center;\">\n<div style=\"background-color: #f4f4f4; border-radius: 50%; flex-grow: 0; height: 40px; margin-right: 14px; width: 40px;\"><\/div>\n<div style=\"display: flex; flex-direction: column; flex-grow: 1; justify-content: center;\">\n<div style=\"background-color: #f4f4f4; border-radius: 4px; flex-grow: 0; height: 14px; margin-bottom: 6px; width: 100px;\"><\/div>\n<div style=\"background-color: #f4f4f4; border-radius: 4px; flex-grow: 0; height: 14px; width: 60px;\"><\/div>\n<\/div>\n<\/div>\n<div style=\"padding: 19% 0;\"><\/div>\n<div style=\"display: block; height: 50px; margin: 0 auto 12px; width: 50px;\"><\/div>\n<div style=\"padding-top: 8px;\">\n<div style=\"color: #3897f0; font-family: Arial,sans-serif; font-size: 14px; font-style: normal; font-weight: 550; line-height: 18px;\">Ver esta publicaci\u00f3n en Instagram<\/div>\n<\/div>\n<div style=\"padding: 12.5% 0;\"><\/div>\n<div style=\"display: flex; flex-direction: row; margin-bottom: 14px; align-items: center;\">\n<div>\n<div style=\"background-color: #f4f4f4; border-radius: 50%; height: 12.5px; width: 12.5px; transform: translateX(0px) translateY(7px);\"><\/div>\n<div style=\"background-color: #f4f4f4; height: 12.5px; transform: rotate(-45deg) translateX(3px) translateY(1px); width: 12.5px; flex-grow: 0; margin-right: 14px; margin-left: 2px;\"><\/div>\n<div style=\"background-color: #f4f4f4; border-radius: 50%; height: 12.5px; width: 12.5px; transform: translateX(9px) translateY(-18px);\"><\/div>\n<\/div>\n<div style=\"margin-left: 8px;\">\n<div style=\"background-color: #f4f4f4; border-radius: 50%; flex-grow: 0; height: 20px; width: 20px;\"><\/div>\n<div style=\"width: 0; height: 0; border-top: 2px solid transparent; border-left: 6px solid #f4f4f4; border-bottom: 2px solid transparent; transform: translateX(16px) translateY(-4px) rotate(30deg);\"><\/div>\n<\/div>\n<div style=\"margin-left: auto;\">\n<div style=\"width: 0px; border-top: 8px solid #F4F4F4; border-right: 8px solid transparent; transform: translateY(16px);\"><\/div>\n<div style=\"background-color: #f4f4f4; flex-grow: 0; height: 12px; width: 16px; transform: translateY(-4px);\"><\/div>\n<div style=\"width: 0; height: 0; border-top: 8px solid #F4F4F4; border-left: 8px solid transparent; transform: translateY(-4px) translateX(8px);\"><\/div>\n<\/div>\n<\/div>\n<div style=\"display: flex; flex-direction: column; flex-grow: 1; justify-content: center; margin-bottom: 24px;\">\n<div style=\"background-color: #f4f4f4; border-radius: 4px; flex-grow: 0; height: 14px; margin-bottom: 6px; width: 224px;\"><\/div>\n<div style=\"background-color: #f4f4f4; border-radius: 4px; flex-grow: 0; height: 14px; width: 144px;\"><\/div>\n<\/div>\n<p>&nbsp;<\/p>\n<p style=\"color: #c9c8cd; font-family: Arial,sans-serif; font-size: 14px; line-height: 17px; margin-bottom: 0; margin-top: 8px; overflow: hidden; padding: 8px 0 7px; text-align: center; text-overflow: ellipsis; white-space: nowrap;\"><a style=\"color: #c9c8cd; font-family: Arial,sans-serif; font-size: 14px; font-style: normal; font-weight: normal; line-height: 17px; text-decoration: none;\" href=\"https:\/\/www.instagram.com\/p\/CYzeYKoMy3S\/?utm_source=ig_embed&amp;utm_campaign=loading\" target=\"_blank\" rel=\"noopener\">Una publicaci\u00f3n compartida por Telemundo Internacional Tv (@telemundointl)<\/a><\/p>\n<\/div>\n<\/blockquote>\n<p><script async src=\"\/\/www.instagram.com\/embed.js\"><\/script><\/p>\n<p><strong>Del texto a la pantalla<\/strong><\/p>\n<p><em><strong>\u201cLa Reina del Sur\u201d<\/strong> <\/em>est\u00e1 basada en el libro del escritor espa\u00f1ol,<strong> Arturo P\u00e9rez Reverte,<\/strong> quien siempre ha negado que su historia tenga algo que ver con la realidad.<\/p>\n<p>Muchos rumores apuntan a que se inspir\u00f3 en Sandra \u00c1vila Beltr\u00e1n, conocida como la Reina del Pac\u00edfico y quien era el principal enlace entre el cartel del Valle Norte en Colombia y el de Sinaloa en M\u00e9xico.<\/p>\n<p>\u00c1vila Beltr\u00e1n es sobrina de Rafael Caro Quintero, por el lado paterno y de Miguel \u00c1ngel F\u00e9lix Gallardo por el lado materno. Estuvo casada con dos ex comandantes de la polic\u00eda y fue pareja del narco colombiano, Juan Diego \u2018El tigre\u2019 Espinosa.<\/p>\n<p>\u00c1vila Beltr\u00e1n fue detenida 28 de septiembre de 2007 y extraditada a Estados Unidos en 2012, no sin antes recibir a su m\u00e9dico personal en la c\u00e1rcel para que le inyectara Botox.<\/p>\n<p>Originalmente, el papel de Teresa Mendoza iba a ser para B\u00e1rbara Mori, sin embargo, la actriz lo rechaz\u00f3 porque expres\u00f3 que no le gusta hacer nada que tenga que ver con el narcotr\u00e1fico.<\/p>\n<p>Kate del Castillo se resist\u00eda a realizar la segunda temporada porque ya no hab\u00eda un texto en el cu\u00e1l basar la serie. La miniserie original del 2011, de 63 episodios, abarca el libro completo de P\u00e9rez Reverte.<\/p>\n<div style=\"padding-bottom:20px; padding-top:10px;\" class=\"hupso-share-buttons\"><!-- Hupso Share Buttons - https:\/\/www.hupso.com\/share\/ --><a class=\"hupso_counters\" href=\"https:\/\/www.hupso.com\/share\/\"><img decoding=\"async\" src=\"http:\/\/static.hupso.com\/share\/buttons\/lang\/es\/share-small.png\" style=\"border:0px; padding-top:2px; float:left;\" alt=\"Share Button\"\/><\/a><script type=\"text\/javascript\">var hupso_services_c=new Array(\"twitter\",\"facebook_like\",\"google\");var hupso_counters_lang = \"es_LA\";var hupso_image_folder_url = \"\";var hupso_twitter_via=\"crsyvrs\";var hupso_url_c=\"\";<\/script><script type=\"text\/javascript\" src=\"http:\/\/static.hupso.com\/share\/js\/counters.js\"><\/script><!-- Hupso Share Buttons --><\/div> ","protected":false},"excerpt":{"rendered":"<div style=\"padding-bottom:20px; padding-top:10px;\" class=\"hupso-share-buttons\"><!-- Hupso Share Buttons - https:\/\/www.hupso.com\/share\/ --><a class=\"hupso_counters\" href=\"https:\/\/www.hupso.com\/share\/\"><img src=\"http:\/\/static.hupso.com\/share\/buttons\/lang\/es\/share-small.png\" style=\"border:0px; padding-top:2px; float:left;\" alt=\"Share Button\"\/><\/a><script type=\"text\/javascript\">var hupso_services_c=new Array(\"twitter\",\"facebook_like\",\"google\");var hupso_counters_lang = \"es_LA\";var hupso_image_folder_url = \"\";var hupso_twitter_via=\"crsyvrs\";var hupso_url_c=\"\";<\/script><script type=\"text\/javascript\" src=\"http:\/\/static.hupso.com\/share\/js\/counters.js\"><\/script><!-- Hupso Share Buttons --><\/div><p>Con Kate del Castillo y gran elenco, se estrena en Telemundo Internacional los nuevos episodios de la serie que sigue la historia de Teresa Mendoza. Kate del Castillo llega a Telemundo Internacional con la segunda temporada de la exitosa&#46;&#46;&#46;<\/p>\n<div style=\"padding-bottom:20px; padding-top:10px;\" class=\"hupso-share-buttons\"><!-- Hupso Share Buttons - https:\/\/www.hupso.com\/share\/ --><a class=\"hupso_counters\" href=\"https:\/\/www.hupso.com\/share\/\"><img src=\"http:\/\/static.hupso.com\/share\/buttons\/lang\/es\/share-small.png\" style=\"border:0px; padding-top:2px; float:left;\" alt=\"Share Button\"\/><\/a><script type=\"text\/javascript\">var hupso_services_c=new Array(\"twitter\",\"facebook_like\",\"google\");var hupso_counters_lang = \"es_LA\";var hupso_image_folder_url = \"\";var hupso_twitter_via=\"crsyvrs\";var hupso_url_c=\"\";<\/script><script type=\"text\/javascript\" src=\"http:\/\/static.hupso.com\/share\/js\/counters.js\"><\/script><!-- Hupso Share Buttons --><\/div>","protected":false},"author":5,"featured_media":32976,"comment_status":"closed","ping_status":"closed","sticky":false,"template":"","format":"standard","meta":{"footnotes":""},"categories":[6],"tags":[9777],"class_list":["post-32975","post","type-post","status-publish","format-standard","has-post-thumbnail","hentry","category-radio-y-tv","tag-telemundo"],"_links":{"self":[{"href":"http:\/\/cronicasyversiones.com\/index.php?rest_route=\/wp\/v2\/posts\/32975","targetHints":{"allow":["GET"]}}],"collection":[{"href":"http:\/\/cronicasyversiones.com\/index.php?rest_route=\/wp\/v2\/posts"}],"about":[{"href":"http:\/\/cronicasyversiones.com\/index.php?rest_route=\/wp\/v2\/types\/post"}],"author":[{"embeddable":true,"href":"http:\/\/cronicasyversiones.com\/index.php?rest_route=\/wp\/v2\/users\/5"}],"replies":[{"embeddable":true,"href":"http:\/\/cronicasyversiones.com\/index.php?rest_route=%2Fwp%2Fv2%2Fcomments&post=32975"}],"version-history":[{"count":1,"href":"http:\/\/cronicasyversiones.com\/index.php?rest_route=\/wp\/v2\/posts\/32975\/revisions"}],"predecessor-version":[{"id":32977,"href":"http:\/\/cronicasyversiones.com\/index.php?rest_route=\/wp\/v2\/posts\/32975\/revisions\/32977"}],"wp:featuredmedia":[{"embeddable":true,"href":"http:\/\/cronicasyversiones.com\/index.php?rest_route=\/wp\/v2\/media\/32976"}],"wp:attachment":[{"href":"http:\/\/cronicasyversiones.com\/index.php?rest_route=%2Fwp%2Fv2%2Fmedia&parent=32975"}],"wp:term":[{"taxonomy":"category","embeddable":true,"href":"http:\/\/cronicasyversiones.com\/index.php?rest_route=%2Fwp%2Fv2%2Fcategories&post=32975"},{"taxonomy":"post_tag","embeddable":true,"href":"http:\/\/cronicasyversiones.com\/index.php?rest_route=%2Fwp%2Fv2%2Ftags&post=32975"}],"curies":[{"name":"wp","href":"https:\/\/api.w.org\/{rel}","templated":true}]}}