{"id":32993,"date":"2022-01-17T19:45:51","date_gmt":"2022-01-17T22:45:51","guid":{"rendered":"http:\/\/cronicasyversiones.com\/?p=32993"},"modified":"2022-01-17T19:45:51","modified_gmt":"2022-01-17T22:45:51","slug":"violeta-la-nueva-novela-de-isabel-allende","status":"publish","type":"post","link":"http:\/\/cronicasyversiones.com\/?p=32993","title":{"rendered":"\u00abVioleta\u00bb, la nueva novela de Isabel Allende"},"content":{"rendered":"<div style=\"padding-bottom:20px; padding-top:10px;\" class=\"hupso-share-buttons\"><!-- Hupso Share Buttons - https:\/\/www.hupso.com\/share\/ --><a class=\"hupso_counters\" href=\"https:\/\/www.hupso.com\/share\/\"><img decoding=\"async\" src=\"http:\/\/static.hupso.com\/share\/buttons\/lang\/es\/share-small.png\" style=\"border:0px; padding-top:2px; float:left;\" alt=\"Share Button\"\/><\/a><script type=\"text\/javascript\">var hupso_services_c=new Array(\"twitter\",\"facebook_like\",\"google\");var hupso_counters_lang = \"es_LA\";var hupso_image_folder_url = \"\";var hupso_twitter_via=\"crsyvrs\";var hupso_url_c=\"\";<\/script><script type=\"text\/javascript\" src=\"http:\/\/static.hupso.com\/share\/js\/counters.js\"><\/script><!-- Hupso Share Buttons --><\/div><h2>La historia del aes transcurre entre 1920, con la llamada gripe espa\u00f1ola, y 2020, con la pandemia de coronavirus.<\/h2>\n<p><img loading=\"lazy\" decoding=\"async\" class=\" wp-image-32994 aligncenter\" src=\"http:\/\/cronicasyversiones.com\/wp-content\/uploads\/2022\/01\/Isabel-Allende-1-300x193.jpeg\" alt=\"\" width=\"351\" height=\"226\" srcset=\"http:\/\/cronicasyversiones.com\/wp-content\/uploads\/2022\/01\/Isabel-Allende-1-300x193.jpeg 300w, http:\/\/cronicasyversiones.com\/wp-content\/uploads\/2022\/01\/Isabel-Allende-1-768x495.jpeg 768w, http:\/\/cronicasyversiones.com\/wp-content\/uploads\/2022\/01\/Isabel-Allende-1.jpeg 900w\" sizes=\"auto, (max-width: 351px) 100vw, 351px\" \/><\/p>\n<p><em><strong>\u00abVioleta\u00bb,<\/strong><\/em> la nueva novela de <strong>Isabel Allende,<\/strong> que transcurre entre 1920, con la llamada gripe espa\u00f1ola, y 2020, con la pandemia de coronavirus, se publicar\u00e1 el 25 de enero, en ingl\u00e9s y en espa\u00f1ol, en Am\u00e9rica Latina, Espa\u00f1a y Estados Unidos, y ser\u00e1 uno de los lanzamientos globales m\u00e1s importantes de 2022 para el grupo editorial<strong> Penguin Random House<\/strong>, en formato impreso, digital y audiolibro.<\/p>\n<p>Allende, la autora en espa\u00f1ol m\u00e1s le\u00edda del mundo con 75 millones de ejemplares vendidos en 42 idiomas, presenta a una protagonista apasionada, determinada y con un gran sentido del humor que la sostiene a lo largo de una vida turbulenta que termina con el virus del Covid-19, y que sirve de excusa para repasar los momentos hist\u00f3ricos m\u00e1s relevantes de siglo XX.<\/p>\n<blockquote><p>\u00abLa vida de Violeta es mucho m\u00e1s que la historia de dos pandemias separadas por un siglo: en una carta dirigida a la persona que ama por sobre todas las dem\u00e1s, rememora desenga\u00f1os amorosos y romances, momentos de pobreza y prosperidad, p\u00e9rdidas y alegr\u00edas -dice el comunicado editorial-<\/p><\/blockquote>\n<p>Su vida ser\u00e1 moldeada por algunos de los grandes sucesos de la historia: desde el crack del 29 a la lucha por los derechos de la mu\u00adjer, pasando por el auge y la ca\u00edda de tiranos de las dictaduras latinoamericanas\u00bb.<\/p>\n<p>Isabel Allende cumple este verano 80 a\u00f1os y los \u00faltimos 40, desde que public\u00f3 su primera novela, <em><strong>\u00abLa casa de los esp\u00edritus\u00bb<\/strong><\/em>, los dedic\u00f3 a la literatura. Escribi\u00f3 25 libros y recibi\u00f3 m\u00e1s de 60 premios internacionales, entre ellos el Hans Christian Andersen 2012 de Di\u00adnamarca por las \u00abMemorias del \u00c1guila y del Jaguar\u00bb, y la Medalla de la Libertad 2014 en los Estados Unidos, la m\u00e1s alta distinci\u00f3n ci\u00advil. En 2018 se convirti\u00f3 en la primera escritora en lengua espa\u00f1ola pre\u00admiada con la medalla de honor del National Book Award, en Estados Unidos, por su aporte al mundo de las letras.<\/p>\n<div style=\"padding-bottom:20px; padding-top:10px;\" class=\"hupso-share-buttons\"><!-- Hupso Share Buttons - https:\/\/www.hupso.com\/share\/ --><a class=\"hupso_counters\" href=\"https:\/\/www.hupso.com\/share\/\"><img decoding=\"async\" src=\"http:\/\/static.hupso.com\/share\/buttons\/lang\/es\/share-small.png\" style=\"border:0px; padding-top:2px; float:left;\" alt=\"Share Button\"\/><\/a><script type=\"text\/javascript\">var hupso_services_c=new Array(\"twitter\",\"facebook_like\",\"google\");var hupso_counters_lang = \"es_LA\";var hupso_image_folder_url = \"\";var hupso_twitter_via=\"crsyvrs\";var hupso_url_c=\"\";<\/script><script type=\"text\/javascript\" src=\"http:\/\/static.hupso.com\/share\/js\/counters.js\"><\/script><!-- Hupso Share Buttons --><\/div> ","protected":false},"excerpt":{"rendered":"<div style=\"padding-bottom:20px; padding-top:10px;\" class=\"hupso-share-buttons\"><!-- Hupso Share Buttons - https:\/\/www.hupso.com\/share\/ --><a class=\"hupso_counters\" href=\"https:\/\/www.hupso.com\/share\/\"><img src=\"http:\/\/static.hupso.com\/share\/buttons\/lang\/es\/share-small.png\" style=\"border:0px; padding-top:2px; float:left;\" alt=\"Share Button\"\/><\/a><script type=\"text\/javascript\">var hupso_services_c=new Array(\"twitter\",\"facebook_like\",\"google\");var hupso_counters_lang = \"es_LA\";var hupso_image_folder_url = \"\";var hupso_twitter_via=\"crsyvrs\";var hupso_url_c=\"\";<\/script><script type=\"text\/javascript\" src=\"http:\/\/static.hupso.com\/share\/js\/counters.js\"><\/script><!-- Hupso Share Buttons --><\/div><p>La historia del aes transcurre entre 1920, con la llamada gripe espa\u00f1ola, y 2020, con la pandemia de coronavirus. \u00abVioleta\u00bb, la nueva novela de Isabel Allende, que transcurre entre 1920, con la llamada gripe espa\u00f1ola, y 2020, con la&#46;&#46;&#46;<\/p>\n<div style=\"padding-bottom:20px; padding-top:10px;\" class=\"hupso-share-buttons\"><!-- Hupso Share Buttons - https:\/\/www.hupso.com\/share\/ --><a class=\"hupso_counters\" href=\"https:\/\/www.hupso.com\/share\/\"><img src=\"http:\/\/static.hupso.com\/share\/buttons\/lang\/es\/share-small.png\" style=\"border:0px; padding-top:2px; float:left;\" alt=\"Share Button\"\/><\/a><script type=\"text\/javascript\">var hupso_services_c=new Array(\"twitter\",\"facebook_like\",\"google\");var hupso_counters_lang = \"es_LA\";var hupso_image_folder_url = \"\";var hupso_twitter_via=\"crsyvrs\";var hupso_url_c=\"\";<\/script><script type=\"text\/javascript\" src=\"http:\/\/static.hupso.com\/share\/js\/counters.js\"><\/script><!-- Hupso Share Buttons --><\/div>","protected":false},"author":5,"featured_media":32994,"comment_status":"closed","ping_status":"closed","sticky":false,"template":"","format":"standard","meta":{"footnotes":""},"categories":[7],"tags":[4571],"class_list":["post-32993","post","type-post","status-publish","format-standard","has-post-thumbnail","hentry","category-literatura","tag-isabel-allende"],"_links":{"self":[{"href":"http:\/\/cronicasyversiones.com\/index.php?rest_route=\/wp\/v2\/posts\/32993","targetHints":{"allow":["GET"]}}],"collection":[{"href":"http:\/\/cronicasyversiones.com\/index.php?rest_route=\/wp\/v2\/posts"}],"about":[{"href":"http:\/\/cronicasyversiones.com\/index.php?rest_route=\/wp\/v2\/types\/post"}],"author":[{"embeddable":true,"href":"http:\/\/cronicasyversiones.com\/index.php?rest_route=\/wp\/v2\/users\/5"}],"replies":[{"embeddable":true,"href":"http:\/\/cronicasyversiones.com\/index.php?rest_route=%2Fwp%2Fv2%2Fcomments&post=32993"}],"version-history":[{"count":1,"href":"http:\/\/cronicasyversiones.com\/index.php?rest_route=\/wp\/v2\/posts\/32993\/revisions"}],"predecessor-version":[{"id":32995,"href":"http:\/\/cronicasyversiones.com\/index.php?rest_route=\/wp\/v2\/posts\/32993\/revisions\/32995"}],"wp:featuredmedia":[{"embeddable":true,"href":"http:\/\/cronicasyversiones.com\/index.php?rest_route=\/wp\/v2\/media\/32994"}],"wp:attachment":[{"href":"http:\/\/cronicasyversiones.com\/index.php?rest_route=%2Fwp%2Fv2%2Fmedia&parent=32993"}],"wp:term":[{"taxonomy":"category","embeddable":true,"href":"http:\/\/cronicasyversiones.com\/index.php?rest_route=%2Fwp%2Fv2%2Fcategories&post=32993"},{"taxonomy":"post_tag","embeddable":true,"href":"http:\/\/cronicasyversiones.com\/index.php?rest_route=%2Fwp%2Fv2%2Ftags&post=32993"}],"curies":[{"name":"wp","href":"https:\/\/api.w.org\/{rel}","templated":true}]}}