{"id":33023,"date":"2022-01-24T08:41:35","date_gmt":"2022-01-24T11:41:35","guid":{"rendered":"http:\/\/cronicasyversiones.com\/?p=33023"},"modified":"2022-01-24T08:41:36","modified_gmt":"2022-01-24T11:41:36","slug":"cecilia-pahl-presenta-estampas-argentinas-su-nuevo-disco","status":"publish","type":"post","link":"http:\/\/cronicasyversiones.com\/?p=33023","title":{"rendered":"Cecilia Pahl presenta \u201cEstampas Argentinas\u201d, su nuevo disco"},"content":{"rendered":"<div style=\"padding-bottom:20px; padding-top:10px;\" class=\"hupso-share-buttons\"><!-- Hupso Share Buttons - https:\/\/www.hupso.com\/share\/ --><a class=\"hupso_counters\" href=\"https:\/\/www.hupso.com\/share\/\"><img decoding=\"async\" src=\"http:\/\/static.hupso.com\/share\/buttons\/lang\/es\/share-small.png\" style=\"border:0px; padding-top:2px; float:left;\" alt=\"Share Button\"\/><\/a><script type=\"text\/javascript\">var hupso_services_c=new Array(\"twitter\",\"facebook_like\",\"google\");var hupso_counters_lang = \"es_LA\";var hupso_image_folder_url = \"\";var hupso_twitter_via=\"crsyvrs\";var hupso_url_c=\"\";<\/script><script type=\"text\/javascript\" src=\"http:\/\/static.hupso.com\/share\/js\/counters.js\"><\/script><!-- Hupso Share Buttons --><\/div><h2>La artista mostrar\u00e1 las canciones de su flamante \u00e1lbum en el CKK junto a Mat\u00edas Arriazu y Ernesto Snajer.<\/h2>\n<p><img loading=\"lazy\" decoding=\"async\" class=\"size-medium wp-image-33024 aligncenter\" src=\"http:\/\/cronicasyversiones.com\/wp-content\/uploads\/2022\/01\/thumbnail_Cecilia-Pahl_Matias-Arriazu_Ernesto-Snajer_PH-Maia-Alcire-300x200.jpg\" alt=\"\" width=\"300\" height=\"200\" srcset=\"http:\/\/cronicasyversiones.com\/wp-content\/uploads\/2022\/01\/thumbnail_Cecilia-Pahl_Matias-Arriazu_Ernesto-Snajer_PH-Maia-Alcire-300x200.jpg 300w, http:\/\/cronicasyversiones.com\/wp-content\/uploads\/2022\/01\/thumbnail_Cecilia-Pahl_Matias-Arriazu_Ernesto-Snajer_PH-Maia-Alcire-1024x682.jpg 1024w, http:\/\/cronicasyversiones.com\/wp-content\/uploads\/2022\/01\/thumbnail_Cecilia-Pahl_Matias-Arriazu_Ernesto-Snajer_PH-Maia-Alcire-768x512.jpg 768w, http:\/\/cronicasyversiones.com\/wp-content\/uploads\/2022\/01\/thumbnail_Cecilia-Pahl_Matias-Arriazu_Ernesto-Snajer_PH-Maia-Alcire.jpg 1280w\" sizes=\"auto, (max-width: 300px) 100vw, 300px\" \/><\/p>\n<p><strong>Cecilia Pahl<\/strong> presenta<em><strong> \u201cEstampas Argentinas\u201d,<\/strong><\/em> su nuevo disco, junto a <strong>Mat\u00edas Arriazu y Ernesto Snajer<\/strong>, el s\u00e1bado 5 de febrero a las 20 en el <strong>Centro Cultural Kirchner.<\/strong><\/p>\n<p><em><strong>\u201cEstampas Argentinas\u201d<\/strong> <\/em>tiene &nbsp;diez canciones provenientes del repertorio acad\u00e9mico de nuestro pa\u00eds rele\u00eddas en clave de m\u00fasica popular.<\/p>\n<p>Acompa\u00f1an a la cantante en esta original propuesta los reconocidos guitarristas Ernesto Snajer y Mat\u00edas Arriazu, a cargo tambi\u00e9n de los arreglos musicales para esta formaci\u00f3n.<\/p>\n<p>Las obras que fueron seleccionadas para este proyecto pertenecen a algunos de los autores m\u00e1s relevantes de la m\u00fasica cl\u00e1sica argentina de ra\u00edz folcl\u00f3rica de la primera mitad del Siglo XX, tales como <strong>Alberto Ginastera, Carlos L\u00f3pez Buchardo, Carlos Guastavino y Gerardo Gilardi.<\/strong><\/p>\n<p>Composiciones que, sin duda, reconocen a la academia y al conservatorio como su espacio natural pero que han encontrado inspiraci\u00f3n en la m\u00fasica popular de nuestra tierra, en los rasgos r\u00edtmicos y mel\u00f3dicos propios de nuestras danzas, en los paisajes y costumbres criollas que condensa su poes\u00eda.<\/p>\n<p><iframe loading=\"lazy\" title=\"YouTube video player\" src=\"https:\/\/www.youtube.com\/embed\/kkhsTgMWROU\" width=\"560\" height=\"315\" frameborder=\"0\" allowfullscreen=\"allowfullscreen\"><\/iframe><\/p>\n<p>Hay en <em><strong>\u201cEstampas Argentinas\u201d<\/strong> <\/em>una fuerte apuesta por recuperar este universo: un desaf\u00edo potente que busca arrancar cada una de estas piezas del \u00e1mbito acad\u00e9mico al que se ha solido acotar su escucha para aproximarlas nuevamente al territorio de lo popular.<\/p>\n<p>En cada una de estas versiones convidadas por estos tres artistas se descubre un mismo impulso: el de ofrecer interpretaciones que -desde una mirada que parte del hoy, claro est\u00e1- vuelvan a acercarlas al esp\u00edritu folcl\u00f3rico con el que fueron originadas.<\/p>\n<p>En este camino, la voz de <strong>Cecilia Pahl<\/strong> toma una clara distancia de todas esas versiones que, aferradas a la t\u00e9cnica l\u00edrica, han sido realizadas sobre este repertorio.<\/p>\n<blockquote><p>\u201cDesde mi \u00e9poca de estudiante de canto y coreuta, en donde tuve la ocasi\u00f3n de estudiar muchas de estas obras -explica- he venido pensado en la posibilidad de otras versiones que lograran aproximarse mucho m\u00e1s a la idea primigenia de sus compositores, en las que estuviera presente un canto del decir m\u00e1s que de la impostaci\u00f3n de la voz\u201d.<\/p><\/blockquote>\n<p>La elecci\u00f3n de los instrumentos para acompa\u00f1arla, por otra parte, no hace m\u00e1s que reafirmar el abordaje propuesto: la sonoridad de la guitarra (en este caso, dos), en unas piezas que originalmente fueron escritas para piano y canto, consigue transportarnos de inmediato al folclore popular.<\/p>\n<p>Los exquisitos arreglos realizados por Snajer y Arriazu, deben sumarse los que lleva a cabo en uno de los temas un invitado de lujo: es el prestigioso compositor Guillermo Klein quien pone su firma en Canci\u00f3n a la luna lunanca de Ginastera.<\/p>\n<p>Voz referente de la m\u00fasica popular litorale\u00f1a, con este disco, Cecilia Pahl sigue abri\u00e9ndose camino a paso firme por la actual escena sonora. Su canto llega (en todo sentido) cada vez m\u00e1s lejos.<\/p>\n<p>\u201cEste material &nbsp;me permiti\u00f3 repensar la manera de cantar un repertorio interpretado con otro lenguaje y, en estas canciones de fuerte identidad nacional, encontrar en el decir una profundidad que me conmueve. A los materiales que grab\u00e9 anteriormente, arraigados en el folclore del litoral argentino, se le suman los kil\u00f3metros de extensi\u00f3n del vasto territorio nacional que se encuentran en estas Estampas Argentinas\u201d, sentencia.<\/p>\n<div style=\"padding-bottom:20px; padding-top:10px;\" class=\"hupso-share-buttons\"><!-- Hupso Share Buttons - https:\/\/www.hupso.com\/share\/ --><a class=\"hupso_counters\" href=\"https:\/\/www.hupso.com\/share\/\"><img decoding=\"async\" src=\"http:\/\/static.hupso.com\/share\/buttons\/lang\/es\/share-small.png\" style=\"border:0px; padding-top:2px; float:left;\" alt=\"Share Button\"\/><\/a><script type=\"text\/javascript\">var hupso_services_c=new Array(\"twitter\",\"facebook_like\",\"google\");var hupso_counters_lang = \"es_LA\";var hupso_image_folder_url = \"\";var hupso_twitter_via=\"crsyvrs\";var hupso_url_c=\"\";<\/script><script type=\"text\/javascript\" src=\"http:\/\/static.hupso.com\/share\/js\/counters.js\"><\/script><!-- Hupso Share Buttons --><\/div> ","protected":false},"excerpt":{"rendered":"<div style=\"padding-bottom:20px; padding-top:10px;\" class=\"hupso-share-buttons\"><!-- Hupso Share Buttons - https:\/\/www.hupso.com\/share\/ --><a class=\"hupso_counters\" href=\"https:\/\/www.hupso.com\/share\/\"><img src=\"http:\/\/static.hupso.com\/share\/buttons\/lang\/es\/share-small.png\" style=\"border:0px; padding-top:2px; float:left;\" alt=\"Share Button\"\/><\/a><script type=\"text\/javascript\">var hupso_services_c=new Array(\"twitter\",\"facebook_like\",\"google\");var hupso_counters_lang = \"es_LA\";var hupso_image_folder_url = \"\";var hupso_twitter_via=\"crsyvrs\";var hupso_url_c=\"\";<\/script><script type=\"text\/javascript\" src=\"http:\/\/static.hupso.com\/share\/js\/counters.js\"><\/script><!-- Hupso Share Buttons --><\/div><p>La artista mostrar\u00e1 las canciones de su flamante \u00e1lbum en el CKK junto a Mat\u00edas Arriazu y Ernesto Snajer. Cecilia Pahl presenta \u201cEstampas Argentinas\u201d, su nuevo disco, junto a Mat\u00edas Arriazu y Ernesto Snajer, el s\u00e1bado 5 de febrero&#46;&#46;&#46;<\/p>\n<div style=\"padding-bottom:20px; padding-top:10px;\" class=\"hupso-share-buttons\"><!-- Hupso Share Buttons - https:\/\/www.hupso.com\/share\/ --><a class=\"hupso_counters\" href=\"https:\/\/www.hupso.com\/share\/\"><img src=\"http:\/\/static.hupso.com\/share\/buttons\/lang\/es\/share-small.png\" style=\"border:0px; padding-top:2px; float:left;\" alt=\"Share Button\"\/><\/a><script type=\"text\/javascript\">var hupso_services_c=new Array(\"twitter\",\"facebook_like\",\"google\");var hupso_counters_lang = \"es_LA\";var hupso_image_folder_url = \"\";var hupso_twitter_via=\"crsyvrs\";var hupso_url_c=\"\";<\/script><script type=\"text\/javascript\" src=\"http:\/\/static.hupso.com\/share\/js\/counters.js\"><\/script><!-- Hupso Share Buttons --><\/div>","protected":false},"author":5,"featured_media":33024,"comment_status":"closed","ping_status":"closed","sticky":false,"template":"","format":"standard","meta":{"footnotes":""},"categories":[3],"tags":[],"class_list":["post-33023","post","type-post","status-publish","format-standard","has-post-thumbnail","hentry","category-musica"],"_links":{"self":[{"href":"http:\/\/cronicasyversiones.com\/index.php?rest_route=\/wp\/v2\/posts\/33023","targetHints":{"allow":["GET"]}}],"collection":[{"href":"http:\/\/cronicasyversiones.com\/index.php?rest_route=\/wp\/v2\/posts"}],"about":[{"href":"http:\/\/cronicasyversiones.com\/index.php?rest_route=\/wp\/v2\/types\/post"}],"author":[{"embeddable":true,"href":"http:\/\/cronicasyversiones.com\/index.php?rest_route=\/wp\/v2\/users\/5"}],"replies":[{"embeddable":true,"href":"http:\/\/cronicasyversiones.com\/index.php?rest_route=%2Fwp%2Fv2%2Fcomments&post=33023"}],"version-history":[{"count":2,"href":"http:\/\/cronicasyversiones.com\/index.php?rest_route=\/wp\/v2\/posts\/33023\/revisions"}],"predecessor-version":[{"id":33045,"href":"http:\/\/cronicasyversiones.com\/index.php?rest_route=\/wp\/v2\/posts\/33023\/revisions\/33045"}],"wp:featuredmedia":[{"embeddable":true,"href":"http:\/\/cronicasyversiones.com\/index.php?rest_route=\/wp\/v2\/media\/33024"}],"wp:attachment":[{"href":"http:\/\/cronicasyversiones.com\/index.php?rest_route=%2Fwp%2Fv2%2Fmedia&parent=33023"}],"wp:term":[{"taxonomy":"category","embeddable":true,"href":"http:\/\/cronicasyversiones.com\/index.php?rest_route=%2Fwp%2Fv2%2Fcategories&post=33023"},{"taxonomy":"post_tag","embeddable":true,"href":"http:\/\/cronicasyversiones.com\/index.php?rest_route=%2Fwp%2Fv2%2Ftags&post=33023"}],"curies":[{"name":"wp","href":"https:\/\/api.w.org\/{rel}","templated":true}]}}