{"id":3312,"date":"2014-08-25T15:37:34","date_gmt":"2014-08-25T18:37:34","guid":{"rendered":"http:\/\/cronicasyversiones.com\/?p=3312"},"modified":"2014-08-25T15:37:43","modified_gmt":"2014-08-25T18:37:43","slug":"los-brujos-oficializan-su-retorno-en-la-madarine-park","status":"publish","type":"post","link":"http:\/\/cronicasyversiones.com\/?p=3312","title":{"rendered":"Los Brujos oficializan su retorno en el Madarine Park"},"content":{"rendered":"<div style=\"padding-bottom:20px; padding-top:10px;\" class=\"hupso-share-buttons\"><!-- Hupso Share Buttons - https:\/\/www.hupso.com\/share\/ --><a class=\"hupso_counters\" href=\"https:\/\/www.hupso.com\/share\/\"><img decoding=\"async\" src=\"http:\/\/static.hupso.com\/share\/buttons\/lang\/es\/share-small.png\" style=\"border:0px; padding-top:2px; float:left;\" alt=\"Share Button\"\/><\/a><script type=\"text\/javascript\">var hupso_services_c=new Array(\"twitter\",\"facebook_like\",\"google\");var hupso_counters_lang = \"es_LA\";var hupso_image_folder_url = \"\";var hupso_twitter_via=\"crsyvrs\";var hupso_url_c=\"\";<\/script><script type=\"text\/javascript\" src=\"http:\/\/static.hupso.com\/share\/js\/counters.js\"><\/script><!-- Hupso Share Buttons --><\/div><h2 style=\"text-align: justify;\">La banda ic\u00f3nica de la movida s\u00f3nica del rock argentino de los \u201990 vuelve a escena luego de la presentaci\u00f3n que realizaron este a\u00f1o en el Festival Ciudad Emergente.<\/h2>\n<p><a href=\"http:\/\/cronicasyversiones.com\/wp-content\/uploads\/2014\/08\/brujos.jpg\"><img loading=\"lazy\" decoding=\"async\" class=\"wp-image-3313 aligncenter\" src=\"http:\/\/cronicasyversiones.com\/wp-content\/uploads\/2014\/08\/brujos-1024x575.jpg\" alt=\"brujos\" width=\"750\" height=\"422\" srcset=\"http:\/\/cronicasyversiones.com\/wp-content\/uploads\/2014\/08\/brujos-1024x575.jpg 1024w, http:\/\/cronicasyversiones.com\/wp-content\/uploads\/2014\/08\/brujos-300x168.jpg 300w, http:\/\/cronicasyversiones.com\/wp-content\/uploads\/2014\/08\/brujos-624x350.jpg 624w, http:\/\/cronicasyversiones.com\/wp-content\/uploads\/2014\/08\/brujos.jpg 1170w\" sizes=\"auto, (max-width: 750px) 100vw, 750px\" \/><\/a><\/p>\n<p style=\"text-align: justify;\"><strong>Los Brujos<\/strong>, la banda ic\u00f3nica de la movida s\u00f3nica del rock argentino de los \u201890, concretaran su vuelta a la escena en forma oficial el 31 de octubre en el estadio<strong> Mandarine Park<\/strong>, ubicado en Salguero y Costanera Norte de la Ciudad de Buenos Aires.<\/p>\n<p style=\"text-align: justify;\">Tras 16 a\u00f1os de ausencia, Los Brujos, que formaron parte de la movida del Nuevo Rock argentino junto a <strong>Babas\u00f3nicos, Martes Menta y T\u00eda Newton<\/strong>, regresan con<strong> Gabriel Guerrisi<\/strong> en guitarra,<strong> Ricky R\u00faa<\/strong> y <strong>Alejandro Alaci<\/strong> en voz, <strong>Fabio Rey Pastrello<\/strong> en guitarra y <strong>Quique Ilid<\/strong> en bater\u00eda.<\/p>\n<p style=\"text-align: justify;\">La banda ya se present\u00f3 en forma gratuita en junio de este a\u00f1o en el <strong>Festival Ciudad Emergente<\/strong> acompa\u00f1ados Gregorio Mart\u00ednez, en bajo, un viejo compa\u00f1ero de ruta de la banda; y en teclados el experimentado Rudie Mart\u00ednez, ex integrante de Adicta y ahora en Maldonado.<\/p>\n<p style=\"text-align: justify;\">Los Brujos comenzaron a charlar este regreso en diciembre y desde el verano est\u00e1n ensayando su viejo repertorio y luego entraron en un proceso de composici\u00f3n y grabaci\u00f3n de canciones nuevas para <strong>un disco que se editar\u00eda antes del show en el Mandarine Park.<\/strong><\/p>\n<p style=\"text-align: justify;\">Siguiendo su tradici\u00f3n para esta ocasi\u00f3n, Los Brujos volvieron a cambiar los nombres y ahora tocaran como Etna Rocker en guitarra, ZPQ en voz, Elle Iluminatti en voz, Huinka en guitarra y Meeno en bater\u00eda.<\/p>\n<p><object width=\"560\" height=\"315\"><param name=\"movie\" value=\"\/\/www.youtube.com\/v\/ATt5MzxBKJM?version=3&amp;hl=es_MX\"><\/param><param name=\"allowFullScreen\" value=\"true\"><\/param><param name=\"allowscriptaccess\" value=\"always\"><\/param><embed src=\"\/\/www.youtube.com\/v\/ATt5MzxBKJM?version=3&amp;hl=es_MX\" type=\"application\/x-shockwave-flash\" width=\"560\" height=\"315\" allowscriptaccess=\"always\" allowfullscreen=\"true\"><\/embed><\/object><\/p>\n<div style=\"padding-bottom:20px; padding-top:10px;\" class=\"hupso-share-buttons\"><!-- Hupso Share Buttons - https:\/\/www.hupso.com\/share\/ --><a class=\"hupso_counters\" href=\"https:\/\/www.hupso.com\/share\/\"><img decoding=\"async\" src=\"http:\/\/static.hupso.com\/share\/buttons\/lang\/es\/share-small.png\" style=\"border:0px; padding-top:2px; float:left;\" alt=\"Share Button\"\/><\/a><script type=\"text\/javascript\">var hupso_services_c=new Array(\"twitter\",\"facebook_like\",\"google\");var hupso_counters_lang = \"es_LA\";var hupso_image_folder_url = \"\";var hupso_twitter_via=\"crsyvrs\";var hupso_url_c=\"\";<\/script><script type=\"text\/javascript\" src=\"http:\/\/static.hupso.com\/share\/js\/counters.js\"><\/script><!-- Hupso Share Buttons --><\/div> ","protected":false},"excerpt":{"rendered":"<div style=\"padding-bottom:20px; padding-top:10px;\" class=\"hupso-share-buttons\"><!-- Hupso Share Buttons - https:\/\/www.hupso.com\/share\/ --><a class=\"hupso_counters\" href=\"https:\/\/www.hupso.com\/share\/\"><img src=\"http:\/\/static.hupso.com\/share\/buttons\/lang\/es\/share-small.png\" style=\"border:0px; padding-top:2px; float:left;\" alt=\"Share Button\"\/><\/a><script type=\"text\/javascript\">var hupso_services_c=new Array(\"twitter\",\"facebook_like\",\"google\");var hupso_counters_lang = \"es_LA\";var hupso_image_folder_url = \"\";var hupso_twitter_via=\"crsyvrs\";var hupso_url_c=\"\";<\/script><script type=\"text\/javascript\" src=\"http:\/\/static.hupso.com\/share\/js\/counters.js\"><\/script><!-- Hupso Share Buttons --><\/div><p>La banda ic\u00f3nica de la movida s\u00f3nica del rock argentino de los \u201990 vuelve a escena luego de la presentaci\u00f3n que realizaron este a\u00f1o en el Festival Ciudad Emergente. Los Brujos, la banda ic\u00f3nica de la movida s\u00f3nica del&#46;&#46;&#46;<\/p>\n<div style=\"padding-bottom:20px; padding-top:10px;\" class=\"hupso-share-buttons\"><!-- Hupso Share Buttons - https:\/\/www.hupso.com\/share\/ --><a class=\"hupso_counters\" href=\"https:\/\/www.hupso.com\/share\/\"><img src=\"http:\/\/static.hupso.com\/share\/buttons\/lang\/es\/share-small.png\" style=\"border:0px; padding-top:2px; float:left;\" alt=\"Share Button\"\/><\/a><script type=\"text\/javascript\">var hupso_services_c=new Array(\"twitter\",\"facebook_like\",\"google\");var hupso_counters_lang = \"es_LA\";var hupso_image_folder_url = \"\";var hupso_twitter_via=\"crsyvrs\";var hupso_url_c=\"\";<\/script><script type=\"text\/javascript\" src=\"http:\/\/static.hupso.com\/share\/js\/counters.js\"><\/script><!-- Hupso Share Buttons --><\/div>","protected":false},"author":5,"featured_media":0,"comment_status":"open","ping_status":"open","sticky":false,"template":"","format":"standard","meta":{"footnotes":""},"categories":[3],"tags":[2628,1253,2627],"class_list":["post-3312","post","type-post","status-publish","format-standard","hentry","category-musica","tag-festival-ciudad-emergente","tag-los-brujos","tag-mandarine-park"],"_links":{"self":[{"href":"http:\/\/cronicasyversiones.com\/index.php?rest_route=\/wp\/v2\/posts\/3312","targetHints":{"allow":["GET"]}}],"collection":[{"href":"http:\/\/cronicasyversiones.com\/index.php?rest_route=\/wp\/v2\/posts"}],"about":[{"href":"http:\/\/cronicasyversiones.com\/index.php?rest_route=\/wp\/v2\/types\/post"}],"author":[{"embeddable":true,"href":"http:\/\/cronicasyversiones.com\/index.php?rest_route=\/wp\/v2\/users\/5"}],"replies":[{"embeddable":true,"href":"http:\/\/cronicasyversiones.com\/index.php?rest_route=%2Fwp%2Fv2%2Fcomments&post=3312"}],"version-history":[{"count":0,"href":"http:\/\/cronicasyversiones.com\/index.php?rest_route=\/wp\/v2\/posts\/3312\/revisions"}],"wp:attachment":[{"href":"http:\/\/cronicasyversiones.com\/index.php?rest_route=%2Fwp%2Fv2%2Fmedia&parent=3312"}],"wp:term":[{"taxonomy":"category","embeddable":true,"href":"http:\/\/cronicasyversiones.com\/index.php?rest_route=%2Fwp%2Fv2%2Fcategories&post=3312"},{"taxonomy":"post_tag","embeddable":true,"href":"http:\/\/cronicasyversiones.com\/index.php?rest_route=%2Fwp%2Fv2%2Ftags&post=3312"}],"curies":[{"name":"wp","href":"https:\/\/api.w.org\/{rel}","templated":true}]}}