{"id":33172,"date":"2022-02-07T21:58:26","date_gmt":"2022-02-08T00:58:26","guid":{"rendered":"http:\/\/cronicasyversiones.com\/?p=33172"},"modified":"2022-02-07T21:58:26","modified_gmt":"2022-02-08T00:58:26","slug":"diez-anos-sin-luis-alberto-spinetta","status":"publish","type":"post","link":"http:\/\/cronicasyversiones.com\/?p=33172","title":{"rendered":"Diez a\u00f1os sin Luis Alberto Spinetta"},"content":{"rendered":"<div style=\"padding-bottom:20px; padding-top:10px;\" class=\"hupso-share-buttons\"><!-- Hupso Share Buttons - https:\/\/www.hupso.com\/share\/ --><a class=\"hupso_counters\" href=\"https:\/\/www.hupso.com\/share\/\"><img decoding=\"async\" src=\"http:\/\/static.hupso.com\/share\/buttons\/lang\/es\/share-small.png\" style=\"border:0px; padding-top:2px; float:left;\" alt=\"Share Button\"\/><\/a><script type=\"text\/javascript\">var hupso_services_c=new Array(\"twitter\",\"facebook_like\",\"google\");var hupso_counters_lang = \"es_LA\";var hupso_image_folder_url = \"\";var hupso_twitter_via=\"crsyvrs\";var hupso_url_c=\"\";<\/script><script type=\"text\/javascript\" src=\"http:\/\/static.hupso.com\/share\/js\/counters.js\"><\/script><!-- Hupso Share Buttons --><\/div><h4>Por Edgardo Solano<\/h4>\n<h2>El 8 de febrero de 2012 fallec\u00eda uno de los mejores m\u00fasicos de la escena del rock argentino, que dej\u00f3 un legado de m\u00e1s de 40 discos.<\/h2>\n<p><img loading=\"lazy\" decoding=\"async\" class=\"size-medium wp-image-33177 aligncenter\" src=\"http:\/\/cronicasyversiones.com\/wp-content\/uploads\/2022\/02\/spinetta-2-300x169.jpg\" alt=\"\" width=\"300\" height=\"169\" srcset=\"http:\/\/cronicasyversiones.com\/wp-content\/uploads\/2022\/02\/spinetta-2-300x169.jpg 300w, http:\/\/cronicasyversiones.com\/wp-content\/uploads\/2022\/02\/spinetta-2-1024x576.jpg 1024w, http:\/\/cronicasyversiones.com\/wp-content\/uploads\/2022\/02\/spinetta-2-768x432.jpg 768w, http:\/\/cronicasyversiones.com\/wp-content\/uploads\/2022\/02\/spinetta-2-520x292.jpg 520w, http:\/\/cronicasyversiones.com\/wp-content\/uploads\/2022\/02\/spinetta-2-720x404.jpg 720w, http:\/\/cronicasyversiones.com\/wp-content\/uploads\/2022\/02\/spinetta-2.jpg 1200w\" sizes=\"auto, (max-width: 300px) 100vw, 300px\" \/><\/p>\n<p>Hace una d\u00e9cada, el 8 de febrero de 2012, se apagaba la vida de <strong>Luis Alberto Spinetta,<\/strong> a sus 62 a\u00f1os reci\u00e9n cumplidos, cuando ten\u00eda editados m\u00e1s de 40 discos y tambi\u00e9n hab\u00eda coqueteado con otras artes, como la literatura y la pl\u00e1stica y abrazado causas sociales, como en su activo y honesto compromiso con la ONG Conduciendo a Conciencia.<\/p>\n<p>Hab\u00eda nacido el 23 de enero en el Bajo Belgrano en un hogar donde la m\u00fasica estaba muy presente. Su padre Luis Santiago fue un cantante de tango que se presentaba bajo de pseud\u00f3nimo de Luis Omar y en el \u00e1rbol geneal\u00f3gico de su madre Julia tambi\u00e9n se encuentran m\u00fasicos.<\/p>\n<p>Al tango que sonada en su casa de Arribe\u00f1os 2853 se le fueron sumando el folklore y el arribo de su primera guitarra, que lleg\u00f3 a trav\u00e9s de un vecino que se la prest\u00f3 por \u201ctiempo indeterminado\u201d. El combo lo termin\u00f3 de completarse la irrupci\u00f3n de Los Beatles.<\/p>\n<p>El peque\u00f1o Luis Alberto era el animador de las fiestas familiares y esto motivo sus padres lo inscribieron en varios concursos, por los que pas\u00f3 con buen andar e incluso llegando a instancias finales.<\/p>\n<p style=\"text-align: right;\"><img loading=\"lazy\" decoding=\"async\" class=\"size-medium wp-image-33174 alignleft\" src=\"http:\/\/cronicasyversiones.com\/wp-content\/uploads\/2022\/02\/TUN5FTBIDVBF7M3NFOEYGF2SDY-300x200.jpg\" alt=\"\" width=\"300\" height=\"200\" srcset=\"http:\/\/cronicasyversiones.com\/wp-content\/uploads\/2022\/02\/TUN5FTBIDVBF7M3NFOEYGF2SDY-300x200.jpg 300w, http:\/\/cronicasyversiones.com\/wp-content\/uploads\/2022\/02\/TUN5FTBIDVBF7M3NFOEYGF2SDY-768x512.jpg 768w, http:\/\/cronicasyversiones.com\/wp-content\/uploads\/2022\/02\/TUN5FTBIDVBF7M3NFOEYGF2SDY.jpg 1023w\" sizes=\"auto, (max-width: 300px) 100vw, 300px\" \/>Autodidacta puro, comenz\u00f3 a delinear sus primeras canciones en la guitarra y con apenas 15 a\u00f1os compuso <em><strong>\u201cBarro tal vez\u201d<\/strong><\/em>, que fue grabada muchos a\u00f1os despu\u00e9s y luego versionada junto a Mercedes Sosa.<\/p>\n<p>Cuando estaba en los primeros a\u00f1os de la secundaria en el riguroso San Rom\u00e1n se sum\u00f3 a Los Larkins, una banda que tuvo otros nombres, como Los Moods, y que contaba con Rodolfo Garc\u00eda en la bater\u00eda.<\/p>\n<p>Luego, cantante y baterista se unieron a Emilio del Guercio y Edelmiro Molinari, otros dos \u201csanromanenses\u201d, para armar <strong>Almendra<\/strong>, una de las bandas fundaciones del rock argentino.<\/p>\n<p>El grupo se nutr\u00eda del rock y tambi\u00e9n acopiaba aires jazzeros y tangueros, y las letras se alimentaban de las lecturas que Luis Alberto devoraba, en especial de la obra de Julio Cort\u00e1zar y Jorge Luis Borges.<\/p>\n<p>Luego de algunos singles, lleg\u00f3 el disco debut de Almendra con <em><strong>\u201cMuchacha ojos de papel\u201d<\/strong> <\/em>como hit y tambi\u00e9n con otras ocho bellas composiciones.<\/p>\n<p>La banda no perdi\u00f3 su poes\u00eda, pero endureci\u00f3 el sonido su propuesta en su segundo disco, editado en formato de \u00e1lbum doble.<\/p>\n<p>A fines de 1970 anunciaron su separaci\u00f3n, aclarando que se \u201cmultiplicaban\u201d en lugar de dividirse y cada uno comenz\u00f3 a atender su juego.<\/p>\n<p><iframe loading=\"lazy\" title=\"YouTube video player\" src=\"https:\/\/www.youtube.com\/embed\/8Cdv8vBS98E\" width=\"600\" height=\"350\" frameborder=\"0\" allowfullscreen=\"allowfullscreen\"><span data-mce-type=\"bookmark\" style=\"display: inline-block; width: 0px; overflow: hidden; line-height: 0;\" class=\"mce_SELRES_start\">?<\/span><\/iframe><\/p>\n<p>El Flaco, tras intentos fallidos de armar otros grupos y de editar su primer disco solista, realiz\u00f3 un largo viaje por Brasil y luego por Francia, para luego volver a su terru\u00f1o con la idea clara de armar un power tr\u00edo.<\/p>\n<p>Con aires zeppelianos, concret\u00f3 su idea y naci\u00f3 <strong>Pescado Rabioso<\/strong> como tr\u00edo y luego devino en cuarteto.\u00a0 Tras el furioso <em><strong>\u201cDesatorment\u00e1ndonos\u201d<\/strong> <\/em>y del doble<em><strong> \u201cPescado 2\u201d<\/strong><\/em>, con David Leb\u00f3n en las filas del grupo, el proyecto se esfum\u00f3 por divergencias art\u00edsticas.<\/p>\n<p>Luis Alberto discrepaba de la l\u00ednea rockera que pretend\u00eda del resto de sus compa\u00f1eros y sin detener su marcha su marcha arremeti\u00f3 con<em><strong> \u201cArtaud\u201d,<\/strong><\/em> el mejor disco de la historia del rock argentino.<\/p>\n<p>Editado como Pescado Rabioso, fue en realidad una aventura en solitario que apenas cont\u00f3 con la colaboraci\u00f3n de los ex Almendra Emilio y Rodolfo y de su hermano Gustavo.<\/p>\n<p>Influenciado por el poeta franc\u00e9s que le da t\u00edtulo al disco, hay pasajes ac\u00fasticos, como en <em><strong>\u201cCantanta de puentes amarillos\u201d<\/strong><\/em>, y otros m\u00e1s rockeros que aparecen en las<em><strong> \u201cHabladur\u00edas del mundo\u201d y \u201cBajan\u201d.<\/strong><\/em><\/p>\n<p>A fines del 73, con Pomo y Machi como notables compa\u00f1eros de ruta, arm\u00f3 <strong>Invisible<\/strong>, otro de los elevad\u00edsimos picos creativos de la maquinaria spinetteana.<\/p>\n<p>Con tres discos sin desperdicio alguno en id\u00e9ntica cantidad de a\u00f1os, la banda termin\u00f3 su camino como cuarteto con el joven prodigio de la guitarra Tomy Gubich y cuando daba la sensaci\u00f3n de que ten\u00edan mucho m\u00e1s por contar.<\/p>\n<p><img loading=\"lazy\" decoding=\"async\" class=\"size-medium wp-image-33176 alignleft\" src=\"http:\/\/cronicasyversiones.com\/wp-content\/uploads\/2022\/02\/144-300x257.jpg\" alt=\"\" width=\"300\" height=\"257\" srcset=\"http:\/\/cronicasyversiones.com\/wp-content\/uploads\/2022\/02\/144-300x257.jpg 300w, http:\/\/cronicasyversiones.com\/wp-content\/uploads\/2022\/02\/144.jpg 520w\" sizes=\"auto, (max-width: 300px) 100vw, 300px\" \/>Para entonces y desde hac\u00eda tiempo, cuando reci\u00e9n iba por los veintilargos, Spinetta se erig\u00eda como una referencia del rock argentino a partir de sus m\u00faltiples talentos.<\/p>\n<p>Quiz\u00e1s la poes\u00eda que deslizaba en las letras de sus canciones se llevaba el mayor recogimiento. Esa poes\u00eda ven\u00eda acompa\u00f1ada de su talento como cantante y tambi\u00e9n se sus dotes como guitarrista, tanto por sus caracter\u00edsticas sucesiones de \u00a0acordes y como cuando arremet\u00eda con sus ajustados solos.<\/p>\n<p>Tambi\u00e9n hab\u00eda demostrado su talento como dibujante, en portadas de discos y en afiches, y en el mundo literario con el libro <em><strong>\u201cGuitarra negra\u201d.<\/strong><\/em><\/p>\n<p>Mientras tanto el jazz rock tambi\u00e9n lleg\u00f3 a los curiosos o\u00eddos de Spinetta, en especial por la guitarra de John McLaughlin, y se lanz\u00f3 a incursionar en nuevas sonoridades que iban mucho m\u00e1s lejos de las fronteras del rock.<\/p>\n<p>Con el talentoso tecladista <strong>Diego Rapoport<\/strong> como socio ideal, edit\u00f3 <em><strong>\u201cA 18 minutos del sol\u201d,<\/strong><\/em> considerado\u00a0 por el m\u00fasico como el mejor de su carrera.<\/p>\n<p>El \u00e1lbum tuvo duras cr\u00edticas por parte de la prensa y esta etapa tard\u00f3 en ser digerida por sus fans, pero el tiempo puso las cosas en su lugar y gan\u00f3 el reconocimiento que se merec\u00eda, siendo casi un objeto de culto.<\/p>\n<p>Spinetta tambi\u00e9n grab\u00f3 un disco en ingl\u00e9s en los Estados Unidos y prefiri\u00f3 cerrar esa etapa muy r\u00e1pidamente, hasta que un d\u00eda volvi\u00f3 Almendra.<\/p>\n<p>A fines del 1979 se anunci\u00f3 que el cuarteto estaba de regreso y colmar seis obras, superando largamente los pron\u00f3sticos m\u00e1s alentadores.<\/p>\n<p>El revival dej\u00f3 un disco doble en vivo y otro en estudio, <em><strong>\u201cEl valle interior\u201d.<\/strong><\/em> Giraron por todo el pa\u00eds con una convocatoria masiva que hasta puso en alerta a la dictadura, que no quer\u00eda ver a tantos j\u00f3venes juntos.<\/p>\n<p>Mientras Almendra cumpl\u00eda y terminaba con su regreso, el Flaco apostaba todo a Jade, nuevamente acerc\u00e1ndose al jazz y con las lecturas de la obra de Carlos Castaneda como influencia.<\/p>\n<p>Esta formaci\u00f3n dej\u00f3 cuatro discos y pasaron por sus filas Pomo, Beto Satragni y una selecci\u00f3n de tecladistas, como Juan del Barrio, Diego Rapoport, Leo Sujatovich y el Mono Fontana.<\/p>\n<p>Esos primeros \u201980 tambi\u00e9n hubo tiempo para un par de disco solistas.<em><strong> \u201cKamikaze\u201d,<\/strong> <\/em>de timbre ac\u00fastico y con Rapoport como aliado, y el poco recordado <em><strong>\u201cMondo di cromo\u201d.<\/strong><\/em><\/p>\n<p>Tras la experiencia de Jade y del disco que no fue junto a Charly Garc\u00eda, del que al menos qued\u00f3 la bonita \u201cRezo por vos\u201d, el Flaco se lanz\u00f3 definitivamente a la carrera en solitario.<\/p>\n<p><iframe loading=\"lazy\" title=\"YouTube video player\" src=\"https:\/\/www.youtube.com\/embed\/JpJW5yFwb40\" width=\"600\" height=\"350\" frameborder=\"0\" allowfullscreen=\"allowfullscreen\"><span data-mce-type=\"bookmark\" style=\"display: inline-block; width: 0px; overflow: hidden; line-height: 0;\" class=\"mce_SELRES_start\">?<\/span><\/iframe><\/p>\n<p>A pesar de que algunos a\u00f1oraban los cl\u00e1sicos de otros tiempos y los ped\u00edan una y otras vez en los recitales (Flaco, toc\u00e1 Muchacha), Spinetta no tuvo baches creativos y sus trabajos solistas as\u00ed lo demostraban.<\/p>\n<p>Este camino tambi\u00e9n incluy\u00f3 una parada con un disco a d\u00fao con <strong>Fito P\u00e1ez<\/strong> y otra en el \u00e1lbum<em><strong> \u201cPelus\u00f3n of milk\u201d,<\/strong><\/em> con el hit radial <em><strong>\u201cSeguir viviendo sin tu amor\u201d.<\/strong><\/em><\/p>\n<p>El Flaco opt\u00f3 durante toda su carrera por cultivar un bajo perfil, su imagen a apareci\u00f3 en las portada de las revistas.<\/p>\n<p>La separaci\u00f3n de <strong>Patricia Salazar,<\/strong> la madre de sus cuatro hijos, vino junto con el publicitado romance con <strong>Carolina Peleritti.<\/strong> El Flaco supo manejar las circunstancias y hasta apareci\u00f3 en la tapa de Gente con un improvisado cartel con un mensaje a la propia revista que lo acosaba period\u00edsticamente: <em><strong>\u201cLeer basura da\u00f1a la salud. Lean libros\u201d.<\/strong><\/em><\/p>\n<p>Al margen de lo medi\u00e1tico, Luis Alberto volvi\u00f3 a tener una banda y a rockear con <strong>Los Socios del Desierto<\/strong>, una grata experiencia en formato de power tr\u00edo con <strong>Marcelo Torres y Daniel Wirtz.<\/strong><\/p>\n<p>Luego retom\u00f3 su senda en solitario para completar su discograf\u00eda con un cuarteto de brillantes trabados que arrancan con <em><strong>\u201cPara los \u00e1rboles\u201d y \u201cCamalotus\u201d\u00a0 y se cierran con \u201cPan\u201d y \u201cUn ma\u00f1ana\u201d.<\/strong><\/em><\/p>\n<p><img loading=\"lazy\" decoding=\"async\" class=\"size-medium wp-image-33173 alignleft\" src=\"http:\/\/cronicasyversiones.com\/wp-content\/uploads\/2022\/02\/luis-300x200.jpg\" alt=\"\" width=\"300\" height=\"200\" srcset=\"http:\/\/cronicasyversiones.com\/wp-content\/uploads\/2022\/02\/luis-300x200.jpg 300w, http:\/\/cronicasyversiones.com\/wp-content\/uploads\/2022\/02\/luis.jpg 768w\" sizes=\"auto, (max-width: 300px) 100vw, 300px\" \/>Parte de este largo recorrido tuvo una suerte de s\u00edntesis el viernes 4 de diciembre de 2019 en el concierto de <strong>Las Bandas Eternas<\/strong>, en el estadio de V\u00e9lez Sarsfield.<\/p>\n<p>En esa noche Spinetta estuvo durante m\u00e1s de cinco horas en el escenario para compartir el recital con revivir todas las bandas de las que fue parte y con muchos de los m\u00fasicos con los que toc\u00f3.<\/p>\n<p>El Flaco fue un artista \u00fanico, que no tuvo predecesores y que tampoco tiene un continuador en su estilo, a pesar de que influenci\u00f3 positivamente a varias generaciones de m\u00fasicos argentinos y de otras latitudes.<\/p>\n<p>A diez a\u00f1os de muerte su obra goza de una vigencia plena y las reediciones de viejos trabajos y los homenajes, libros y documentales que se proliferan por doquier generaron que integrantes de las nuevas generaciones de m\u00fasicos descubran su m\u00fasica y otros tantos la redescubran.<\/p>\n<p>&nbsp;<\/p>\n<p>&nbsp;<\/p>\n<div style=\"padding-bottom:20px; padding-top:10px;\" class=\"hupso-share-buttons\"><!-- Hupso Share Buttons - https:\/\/www.hupso.com\/share\/ --><a class=\"hupso_counters\" href=\"https:\/\/www.hupso.com\/share\/\"><img decoding=\"async\" src=\"http:\/\/static.hupso.com\/share\/buttons\/lang\/es\/share-small.png\" style=\"border:0px; padding-top:2px; float:left;\" alt=\"Share Button\"\/><\/a><script type=\"text\/javascript\">var hupso_services_c=new Array(\"twitter\",\"facebook_like\",\"google\");var hupso_counters_lang = \"es_LA\";var hupso_image_folder_url = \"\";var hupso_twitter_via=\"crsyvrs\";var hupso_url_c=\"\";<\/script><script type=\"text\/javascript\" src=\"http:\/\/static.hupso.com\/share\/js\/counters.js\"><\/script><!-- Hupso Share Buttons --><\/div> ","protected":false},"excerpt":{"rendered":"<div style=\"padding-bottom:20px; padding-top:10px;\" class=\"hupso-share-buttons\"><!-- Hupso Share Buttons - https:\/\/www.hupso.com\/share\/ --><a class=\"hupso_counters\" href=\"https:\/\/www.hupso.com\/share\/\"><img src=\"http:\/\/static.hupso.com\/share\/buttons\/lang\/es\/share-small.png\" style=\"border:0px; padding-top:2px; float:left;\" alt=\"Share Button\"\/><\/a><script type=\"text\/javascript\">var hupso_services_c=new Array(\"twitter\",\"facebook_like\",\"google\");var hupso_counters_lang = \"es_LA\";var hupso_image_folder_url = \"\";var hupso_twitter_via=\"crsyvrs\";var hupso_url_c=\"\";<\/script><script type=\"text\/javascript\" src=\"http:\/\/static.hupso.com\/share\/js\/counters.js\"><\/script><!-- Hupso Share Buttons --><\/div><p>Por Edgardo Solano El 8 de febrero de 2012 fallec\u00eda uno de los mejores m\u00fasicos de la escena del rock argentino, que dej\u00f3 un legado de m\u00e1s de 40 discos. Hace una d\u00e9cada, el 8 de febrero de 2012,&#46;&#46;&#46;<\/p>\n<div style=\"padding-bottom:20px; padding-top:10px;\" class=\"hupso-share-buttons\"><!-- Hupso Share Buttons - https:\/\/www.hupso.com\/share\/ --><a class=\"hupso_counters\" href=\"https:\/\/www.hupso.com\/share\/\"><img src=\"http:\/\/static.hupso.com\/share\/buttons\/lang\/es\/share-small.png\" style=\"border:0px; padding-top:2px; float:left;\" alt=\"Share Button\"\/><\/a><script type=\"text\/javascript\">var hupso_services_c=new Array(\"twitter\",\"facebook_like\",\"google\");var hupso_counters_lang = \"es_LA\";var hupso_image_folder_url = \"\";var hupso_twitter_via=\"crsyvrs\";var hupso_url_c=\"\";<\/script><script type=\"text\/javascript\" src=\"http:\/\/static.hupso.com\/share\/js\/counters.js\"><\/script><!-- Hupso Share Buttons --><\/div>","protected":false},"author":5,"featured_media":33177,"comment_status":"closed","ping_status":"closed","sticky":false,"template":"","format":"standard","meta":{"footnotes":""},"categories":[3,3944],"tags":[47],"class_list":["post-33172","post","type-post","status-publish","format-standard","has-post-thumbnail","hentry","category-musica","category-spinettario","tag-luis-alberto-spinetta"],"_links":{"self":[{"href":"http:\/\/cronicasyversiones.com\/index.php?rest_route=\/wp\/v2\/posts\/33172","targetHints":{"allow":["GET"]}}],"collection":[{"href":"http:\/\/cronicasyversiones.com\/index.php?rest_route=\/wp\/v2\/posts"}],"about":[{"href":"http:\/\/cronicasyversiones.com\/index.php?rest_route=\/wp\/v2\/types\/post"}],"author":[{"embeddable":true,"href":"http:\/\/cronicasyversiones.com\/index.php?rest_route=\/wp\/v2\/users\/5"}],"replies":[{"embeddable":true,"href":"http:\/\/cronicasyversiones.com\/index.php?rest_route=%2Fwp%2Fv2%2Fcomments&post=33172"}],"version-history":[{"count":1,"href":"http:\/\/cronicasyversiones.com\/index.php?rest_route=\/wp\/v2\/posts\/33172\/revisions"}],"predecessor-version":[{"id":33178,"href":"http:\/\/cronicasyversiones.com\/index.php?rest_route=\/wp\/v2\/posts\/33172\/revisions\/33178"}],"wp:featuredmedia":[{"embeddable":true,"href":"http:\/\/cronicasyversiones.com\/index.php?rest_route=\/wp\/v2\/media\/33177"}],"wp:attachment":[{"href":"http:\/\/cronicasyversiones.com\/index.php?rest_route=%2Fwp%2Fv2%2Fmedia&parent=33172"}],"wp:term":[{"taxonomy":"category","embeddable":true,"href":"http:\/\/cronicasyversiones.com\/index.php?rest_route=%2Fwp%2Fv2%2Fcategories&post=33172"},{"taxonomy":"post_tag","embeddable":true,"href":"http:\/\/cronicasyversiones.com\/index.php?rest_route=%2Fwp%2Fv2%2Ftags&post=33172"}],"curies":[{"name":"wp","href":"https:\/\/api.w.org\/{rel}","templated":true}]}}