{"id":3342,"date":"2014-08-27T08:38:00","date_gmt":"2014-08-27T11:38:00","guid":{"rendered":"http:\/\/cronicasyversiones.com\/?p=3342"},"modified":"2014-08-27T08:38:00","modified_gmt":"2014-08-27T11:38:00","slug":"veinte-anos-sin-el-polaco-goyeneche","status":"publish","type":"post","link":"http:\/\/cronicasyversiones.com\/?p=3342","title":{"rendered":"Veinte a\u00f1os sin el Polaco Goyeneche"},"content":{"rendered":"<div style=\"padding-bottom:20px; padding-top:10px;\" class=\"hupso-share-buttons\"><!-- Hupso Share Buttons - https:\/\/www.hupso.com\/share\/ --><a class=\"hupso_counters\" href=\"https:\/\/www.hupso.com\/share\/\"><img decoding=\"async\" src=\"http:\/\/static.hupso.com\/share\/buttons\/lang\/es\/share-small.png\" style=\"border:0px; padding-top:2px; float:left;\" alt=\"Share Button\"\/><\/a><script type=\"text\/javascript\">var hupso_services_c=new Array(\"twitter\",\"facebook_like\",\"google\");var hupso_counters_lang = \"es_LA\";var hupso_image_folder_url = \"\";var hupso_twitter_via=\"crsyvrs\";var hupso_url_c=\"\";<\/script><script type=\"text\/javascript\" src=\"http:\/\/static.hupso.com\/share\/js\/counters.js\"><\/script><!-- Hupso Share Buttons --><\/div><h2>El 27 de agosto de 1994 part\u00eda, quiz\u00e1s, uno de los \u00faltimos baluartes de la vieja guardia del tango. El arrastre de las palabras, su fraseo y su modo interpretativo fueron su marca registrada.<\/h2>\n<h2><a href=\"http:\/\/cronicasyversiones.com\/wp-content\/uploads\/2014\/08\/Polaco1.jpeg\"><img loading=\"lazy\" decoding=\"async\" class=\"size-full wp-image-3344 aligncenter\" src=\"http:\/\/cronicasyversiones.com\/wp-content\/uploads\/2014\/08\/Polaco1.jpeg\" alt=\"Polaco\" width=\"600\" height=\"350\" srcset=\"http:\/\/cronicasyversiones.com\/wp-content\/uploads\/2014\/08\/Polaco1.jpeg 600w, http:\/\/cronicasyversiones.com\/wp-content\/uploads\/2014\/08\/Polaco1-300x175.jpeg 300w\" sizes=\"auto, (max-width: 600px) 100vw, 600px\" \/><\/a><\/h2>\n<p style=\"text-align: justify;\">El 27 de agosto de 1994 fallec\u00eda a los 68 a\u00f1os <strong>Roberto Goyeneche<\/strong>, el <strong>Polaco<\/strong>, quiz\u00e1s el \u00faltimo baluarte de la vieja guardia del tango y que se transform\u00f3 en un \u00edcono en sus \u00faltimos a\u00f1os de vida hasta por fuera de los l\u00edmites de la m\u00fasica ciudadana. Vueltas del destino, ese mismo d\u00eda tambi\u00e9n falleci\u00f3 <strong>Beba Bidart<\/strong>, otra referente del 2 X 4.<\/p>\n<p style=\"text-align: justify;\"><strong>El arrastre de las palabras, el silencio oportuno y la declamaci\u00f3n intimista<\/strong> hicieron de la voz del Polaco una figura central de la historia del tango por encima de cualquier objeci\u00f3n t\u00e9cnica que podr\u00eda mencionar un purista al cuestionar la ausencia de formaci\u00f3n acad\u00e9mica de este cantor.<\/p>\n<p style=\"text-align: justify;\"><strong>Su fraseo caracter\u00edstico, que fue su marca registrada<\/strong>, y su emotivo estilo interpretativo lograron que Goyeneche haga propio cada tango de su repertorio, m\u00e1s all\u00e1 de la orquesta que lo acompa\u00f1\u00f3 en las distintas etapa de carrera. \u201cHasta 1950 era un cantor de orquesta. Cambi\u00e9 mi forma de interpretar cuando me hice solista. Empec\u00e9 a hacer lo que quer\u00eda y no lo que marcaba el director\u201d, asegur\u00f3 en una oportunidad.<\/p>\n<p style=\"text-align: justify;\">El fraseo t\u00edpico del Polaco se lo conoce t\u00e9cnicamente como <strong>el rubato, un recurso que se basa en no hacer en que el tempo de la letra que se canta coincida con el tempo del acompa\u00f1amiento musical<\/strong>. De esta forma, la frase siempre estaba ya sea por delante o por detr\u00e1s del comp\u00e1s, lo que es una singularidad raramente usada en el tango, tan solo expositores como <strong>Carlos Gardel<\/strong>, a quien se le considera como precursor del estilo, as\u00ed como <strong>\u00c1ngel Vargas<\/strong> practicaban este estilo interpretativo.<\/p>\n<p style=\"text-align: justify;\">Su primer \u00e9xito lleg\u00f3 cuando \u00e9l, con solo dieciocho a\u00f1os, gan\u00f3 un concurso para voces nuevas, organizado por el Club Federal Argentino en 1944. Ese mismo a\u00f1o inici\u00f3 su carrera como cantor en la orquesta de <strong>Ra\u00fal Kapl\u00fan.<\/strong><\/p>\n<p style=\"text-align: justify;\">En su repertorio convivieron arm\u00f3nicamente piezas cl\u00e1sicas de la era dorada del tango, como <em><strong>\u201cAfiches\u201d, \u201cGar\u00faa\u201d, <\/strong><\/em>y<em><strong> \u201cLa \u00faltima curda\u201d<\/strong><\/em>, y las composiciones de vanguardia como <em><strong>\u201cBalada para un loco\u201d <\/strong><\/em>y<em><strong> \u201cChiquil\u00edn de Bach\u00edn\u201d,<\/strong><\/em> de \u00c1stor Piazzolla y Horacio Ferrer, que se convirti\u00f3 en un furor de ventas. Fue cantor de las orquestas de<strong> Horacio Salg\u00e1n y de An\u00edbal Troilo<\/strong> (con quien forj\u00f3 una gran amistad) y luego, entre otros, y luego grabar\u00eda con la orquesta de <strong>Armando Pontier y con Ernesto Baffa y Osvaldo Berlingier<\/strong>i. Sus \u00faltimas grabaciones, en el final de sus d\u00edas, fueron para el sello <strong>Melopea, de Litto Nebbia.<\/strong><\/p>\n<p style=\"text-align: justify;\">Nacido en Entre R\u00edos y de origen humilde, perdi\u00f3 precozmente a su padre, y esta circunstancia lo llev\u00f3 a salir a trabajar a los 12 a\u00f1os en diferentes oficios, como oficinista y mec\u00e1nico, primero, y chofer de colectivos y camiones, despu\u00e9s. Porte\u00f1o de ley y amante de la bohemia de Buenos Aires, el Polaco est\u00e1 <strong>identificado con el barrio de Saavedra y con Platense<\/strong>, el club de sus amores.<\/p>\n<p style=\"text-align: justify;\">En los \u00faltimos a\u00f1os de su vida, ya con la salud algo quebradiza y sin la voz de otros tiempos, le lleg\u00f3 tard\u00edamente el reconocimiento de quienes no eran precisamente tangueros. Por este motivo, hasta <strong>se acercaron devotamente a su figura los m\u00fasicos de la generaci\u00f3n del Rock argentino<\/strong> y los j\u00f3venes que no ten\u00edan a la m\u00fasica ciudadana como primera opci\u00f3n, quienes ve\u00edan en el Polaco como a uno de ellos, al margen de las diferencias generacionales.<\/p>\n<p><object width=\"420\" height=\"315\"><param name=\"movie\" value=\"\/\/www.youtube.com\/v\/zTCwRahkyos?version=3&amp;hl=es_MX\"><\/param><param name=\"allowFullScreen\" value=\"true\"><\/param><param name=\"allowscriptaccess\" value=\"always\"><\/param><embed src=\"\/\/www.youtube.com\/v\/zTCwRahkyos?version=3&amp;hl=es_MX\" type=\"application\/x-shockwave-flash\" width=\"420\" height=\"315\" allowscriptaccess=\"always\" allowfullscreen=\"true\"><\/embed><\/object><\/p>\n<div style=\"padding-bottom:20px; padding-top:10px;\" class=\"hupso-share-buttons\"><!-- Hupso Share Buttons - https:\/\/www.hupso.com\/share\/ --><a class=\"hupso_counters\" href=\"https:\/\/www.hupso.com\/share\/\"><img decoding=\"async\" src=\"http:\/\/static.hupso.com\/share\/buttons\/lang\/es\/share-small.png\" style=\"border:0px; padding-top:2px; float:left;\" alt=\"Share Button\"\/><\/a><script type=\"text\/javascript\">var hupso_services_c=new Array(\"twitter\",\"facebook_like\",\"google\");var hupso_counters_lang = \"es_LA\";var hupso_image_folder_url = \"\";var hupso_twitter_via=\"crsyvrs\";var hupso_url_c=\"\";<\/script><script type=\"text\/javascript\" src=\"http:\/\/static.hupso.com\/share\/js\/counters.js\"><\/script><!-- Hupso Share Buttons --><\/div> ","protected":false},"excerpt":{"rendered":"<div style=\"padding-bottom:20px; padding-top:10px;\" class=\"hupso-share-buttons\"><!-- Hupso Share Buttons - https:\/\/www.hupso.com\/share\/ --><a class=\"hupso_counters\" href=\"https:\/\/www.hupso.com\/share\/\"><img src=\"http:\/\/static.hupso.com\/share\/buttons\/lang\/es\/share-small.png\" style=\"border:0px; padding-top:2px; float:left;\" alt=\"Share Button\"\/><\/a><script type=\"text\/javascript\">var hupso_services_c=new Array(\"twitter\",\"facebook_like\",\"google\");var hupso_counters_lang = \"es_LA\";var hupso_image_folder_url = \"\";var hupso_twitter_via=\"crsyvrs\";var hupso_url_c=\"\";<\/script><script type=\"text\/javascript\" src=\"http:\/\/static.hupso.com\/share\/js\/counters.js\"><\/script><!-- Hupso Share Buttons --><\/div><p>El 27 de agosto de 1994 part\u00eda, quiz\u00e1s, uno de los \u00faltimos baluartes de la vieja guardia del tango. El arrastre de las palabras, su fraseo y su modo interpretativo fueron su marca registrada. El 27 de agosto de&#46;&#46;&#46;<\/p>\n<div style=\"padding-bottom:20px; padding-top:10px;\" class=\"hupso-share-buttons\"><!-- Hupso Share Buttons - https:\/\/www.hupso.com\/share\/ --><a class=\"hupso_counters\" href=\"https:\/\/www.hupso.com\/share\/\"><img src=\"http:\/\/static.hupso.com\/share\/buttons\/lang\/es\/share-small.png\" style=\"border:0px; padding-top:2px; float:left;\" alt=\"Share Button\"\/><\/a><script type=\"text\/javascript\">var hupso_services_c=new Array(\"twitter\",\"facebook_like\",\"google\");var hupso_counters_lang = \"es_LA\";var hupso_image_folder_url = \"\";var hupso_twitter_via=\"crsyvrs\";var hupso_url_c=\"\";<\/script><script type=\"text\/javascript\" src=\"http:\/\/static.hupso.com\/share\/js\/counters.js\"><\/script><!-- Hupso Share Buttons --><\/div>","protected":false},"author":5,"featured_media":0,"comment_status":"open","ping_status":"open","sticky":false,"template":"","format":"standard","meta":{"footnotes":""},"categories":[3],"tags":[2644,2641,2643,1458,2642,2640,2639,467],"class_list":["post-3342","post","type-post","status-publish","format-standard","hentry","category-musica","tag-angel-vargas","tag-anibal-troilo","tag-beba-bidart","tag-carlos-gardel","tag-horacio-salgan","tag-polaco-goyeneche","tag-roberto-goyeneche","tag-tango"],"_links":{"self":[{"href":"http:\/\/cronicasyversiones.com\/index.php?rest_route=\/wp\/v2\/posts\/3342","targetHints":{"allow":["GET"]}}],"collection":[{"href":"http:\/\/cronicasyversiones.com\/index.php?rest_route=\/wp\/v2\/posts"}],"about":[{"href":"http:\/\/cronicasyversiones.com\/index.php?rest_route=\/wp\/v2\/types\/post"}],"author":[{"embeddable":true,"href":"http:\/\/cronicasyversiones.com\/index.php?rest_route=\/wp\/v2\/users\/5"}],"replies":[{"embeddable":true,"href":"http:\/\/cronicasyversiones.com\/index.php?rest_route=%2Fwp%2Fv2%2Fcomments&post=3342"}],"version-history":[{"count":0,"href":"http:\/\/cronicasyversiones.com\/index.php?rest_route=\/wp\/v2\/posts\/3342\/revisions"}],"wp:attachment":[{"href":"http:\/\/cronicasyversiones.com\/index.php?rest_route=%2Fwp%2Fv2%2Fmedia&parent=3342"}],"wp:term":[{"taxonomy":"category","embeddable":true,"href":"http:\/\/cronicasyversiones.com\/index.php?rest_route=%2Fwp%2Fv2%2Fcategories&post=3342"},{"taxonomy":"post_tag","embeddable":true,"href":"http:\/\/cronicasyversiones.com\/index.php?rest_route=%2Fwp%2Fv2%2Ftags&post=3342"}],"curies":[{"name":"wp","href":"https:\/\/api.w.org\/{rel}","templated":true}]}}