{"id":33840,"date":"2022-05-09T18:38:45","date_gmt":"2022-05-09T21:38:45","guid":{"rendered":"http:\/\/cronicasyversiones.com\/?p=33840"},"modified":"2022-05-09T18:38:45","modified_gmt":"2022-05-09T21:38:45","slug":"un-ciclo-de-documentales-llega-a-canal-a","status":"publish","type":"post","link":"http:\/\/cronicasyversiones.com\/?p=33840","title":{"rendered":"Un ciclo de documentales llega a Canal (\u00e1)"},"content":{"rendered":"<div style=\"padding-bottom:20px; padding-top:10px;\" class=\"hupso-share-buttons\"><!-- Hupso Share Buttons - https:\/\/www.hupso.com\/share\/ --><a class=\"hupso_counters\" href=\"https:\/\/www.hupso.com\/share\/\"><img decoding=\"async\" src=\"http:\/\/static.hupso.com\/share\/buttons\/lang\/es\/share-small.png\" style=\"border:0px; padding-top:2px; float:left;\" alt=\"Share Button\"\/><\/a><script type=\"text\/javascript\">var hupso_services_c=new Array(\"twitter\",\"facebook_like\",\"google\");var hupso_counters_lang = \"es_LA\";var hupso_image_folder_url = \"\";var hupso_twitter_via=\"crsyvrs\";var hupso_url_c=\"\";<\/script><script type=\"text\/javascript\" src=\"http:\/\/static.hupso.com\/share\/js\/counters.js\"><\/script><!-- Hupso Share Buttons --><\/div><h2>Se trata \u00abDocuDAC\u00bb, que pondr\u00e1 en pantalla producciones sobre m\u00fasica, arquitectura y aviones, entre otras tem\u00e1ticas.<\/h2>\n<p><img loading=\"lazy\" decoding=\"async\" class=\"size-medium wp-image-33841 aligncenter\" src=\"http:\/\/cronicasyversiones.com\/wp-content\/uploads\/2022\/05\/DgxuhlZXkAAqpQp-300x169.jpg\" alt=\"\" width=\"300\" height=\"169\" srcset=\"http:\/\/cronicasyversiones.com\/wp-content\/uploads\/2022\/05\/DgxuhlZXkAAqpQp-300x169.jpg 300w, http:\/\/cronicasyversiones.com\/wp-content\/uploads\/2022\/05\/DgxuhlZXkAAqpQp-1024x576.jpg 1024w, http:\/\/cronicasyversiones.com\/wp-content\/uploads\/2022\/05\/DgxuhlZXkAAqpQp-768x432.jpg 768w, http:\/\/cronicasyversiones.com\/wp-content\/uploads\/2022\/05\/DgxuhlZXkAAqpQp-1536x865.jpg 1536w, http:\/\/cronicasyversiones.com\/wp-content\/uploads\/2022\/05\/DgxuhlZXkAAqpQp-520x292.jpg 520w, http:\/\/cronicasyversiones.com\/wp-content\/uploads\/2022\/05\/DgxuhlZXkAAqpQp-720x404.jpg 720w, http:\/\/cronicasyversiones.com\/wp-content\/uploads\/2022\/05\/DgxuhlZXkAAqpQp.jpg 1670w\" sizes=\"auto, (max-width: 300px) 100vw, 300px\" \/><\/p>\n<p><em><strong>\u00abDocuDAC\u00bb,<\/strong><\/em> un ciclo de documentales sobre m\u00fasica, arquitectura y aviones, entre otros temas, se presenta cada martes a las 21 por la pantalla de<strong> Canal (\u00e1).<\/strong><\/p>\n<p>La propuesta de la se\u00f1al, que busca difundir el g\u00e9nero documental, comienza ma\u00f1ana con el film<em><strong> \u00abAmateur<\/strong><\/em>\u00ab, de N\u00e9stor Frenkel; mientras que el 17 ser\u00e1 el turno de <em><strong>\u00abLa experiencia jud\u00eda, de Basavilbaso a Nueva \u00c1msterdam\u00bb<\/strong><\/em>, de Miguel Kohan, en el que el realizador intenta conectar con los recuerdos de su familia criolla jud\u00eda en Argentina.<\/p>\n<p>El martes 24 se emitir\u00e1 <em><strong>\u00abVrindavana\u00bb,<\/strong><\/em> cinta en la que el director Ernesto Vaca propone sumergirse en un viaje durante tres meses en diferentes ciudades de la India; y el 31 llega a la pantalla<em><strong> \u00abDesmadre, fragmentos de una relaci\u00f3n\u00bb,<\/strong> <\/em>un documental sobre madres e hijas, en el que su directora, Sabrina Farji, empieza a investigar con las que tiene m\u00e1s cerca: su madre y sus dos hijas.<\/p>\n<p>Por \u00faltimo, el programa <em><strong>\u00abHacedores del musical\u00bb<\/strong><\/em>, que propone conocer a los distintos referentes del teatro musical con el fin de entender por qu\u00e9 creci\u00f3 de forma permanente en Argentina y Buenos Aires es considerada hoy la capital Latinoamericana del musical, trae cada martes a las 15 a nuevos invitados.<\/p>\n<p>Con la conducci\u00f3n de Lalo Foncea, el ciclo contar\u00e1 ma\u00f1ana con la presencia de Laura Conforte, el 17 estar\u00e1 Oscar Lajad, el 24 ser\u00e1 el turno de Rodolfo Valss, y el invitado del 31 ser\u00e1 Diego Cor\u00e1n Oria.<\/p>\n<p>&nbsp;<\/p>\n<div style=\"padding-bottom:20px; padding-top:10px;\" class=\"hupso-share-buttons\"><!-- Hupso Share Buttons - https:\/\/www.hupso.com\/share\/ --><a class=\"hupso_counters\" href=\"https:\/\/www.hupso.com\/share\/\"><img decoding=\"async\" src=\"http:\/\/static.hupso.com\/share\/buttons\/lang\/es\/share-small.png\" style=\"border:0px; padding-top:2px; float:left;\" alt=\"Share Button\"\/><\/a><script type=\"text\/javascript\">var hupso_services_c=new Array(\"twitter\",\"facebook_like\",\"google\");var hupso_counters_lang = \"es_LA\";var hupso_image_folder_url = \"\";var hupso_twitter_via=\"crsyvrs\";var hupso_url_c=\"\";<\/script><script type=\"text\/javascript\" src=\"http:\/\/static.hupso.com\/share\/js\/counters.js\"><\/script><!-- Hupso Share Buttons --><\/div> ","protected":false},"excerpt":{"rendered":"<div style=\"padding-bottom:20px; padding-top:10px;\" class=\"hupso-share-buttons\"><!-- Hupso Share Buttons - https:\/\/www.hupso.com\/share\/ --><a class=\"hupso_counters\" href=\"https:\/\/www.hupso.com\/share\/\"><img src=\"http:\/\/static.hupso.com\/share\/buttons\/lang\/es\/share-small.png\" style=\"border:0px; padding-top:2px; float:left;\" alt=\"Share Button\"\/><\/a><script type=\"text\/javascript\">var hupso_services_c=new Array(\"twitter\",\"facebook_like\",\"google\");var hupso_counters_lang = \"es_LA\";var hupso_image_folder_url = \"\";var hupso_twitter_via=\"crsyvrs\";var hupso_url_c=\"\";<\/script><script type=\"text\/javascript\" src=\"http:\/\/static.hupso.com\/share\/js\/counters.js\"><\/script><!-- Hupso Share Buttons --><\/div><p>Se trata \u00abDocuDAC\u00bb, que pondr\u00e1 en pantalla producciones sobre m\u00fasica, arquitectura y aviones, entre otras tem\u00e1ticas. \u00abDocuDAC\u00bb, un ciclo de documentales sobre m\u00fasica, arquitectura y aviones, entre otros temas, se presenta cada martes a las 21 por la pantalla&#46;&#46;&#46;<\/p>\n<div style=\"padding-bottom:20px; padding-top:10px;\" class=\"hupso-share-buttons\"><!-- Hupso Share Buttons - https:\/\/www.hupso.com\/share\/ --><a class=\"hupso_counters\" href=\"https:\/\/www.hupso.com\/share\/\"><img src=\"http:\/\/static.hupso.com\/share\/buttons\/lang\/es\/share-small.png\" style=\"border:0px; padding-top:2px; float:left;\" alt=\"Share Button\"\/><\/a><script type=\"text\/javascript\">var hupso_services_c=new Array(\"twitter\",\"facebook_like\",\"google\");var hupso_counters_lang = \"es_LA\";var hupso_image_folder_url = \"\";var hupso_twitter_via=\"crsyvrs\";var hupso_url_c=\"\";<\/script><script type=\"text\/javascript\" src=\"http:\/\/static.hupso.com\/share\/js\/counters.js\"><\/script><!-- Hupso Share Buttons --><\/div>","protected":false},"author":5,"featured_media":33841,"comment_status":"closed","ping_status":"closed","sticky":false,"template":"","format":"standard","meta":{"footnotes":""},"categories":[6],"tags":[944],"class_list":["post-33840","post","type-post","status-publish","format-standard","has-post-thumbnail","hentry","category-radio-y-tv","tag-documentales"],"_links":{"self":[{"href":"http:\/\/cronicasyversiones.com\/index.php?rest_route=\/wp\/v2\/posts\/33840","targetHints":{"allow":["GET"]}}],"collection":[{"href":"http:\/\/cronicasyversiones.com\/index.php?rest_route=\/wp\/v2\/posts"}],"about":[{"href":"http:\/\/cronicasyversiones.com\/index.php?rest_route=\/wp\/v2\/types\/post"}],"author":[{"embeddable":true,"href":"http:\/\/cronicasyversiones.com\/index.php?rest_route=\/wp\/v2\/users\/5"}],"replies":[{"embeddable":true,"href":"http:\/\/cronicasyversiones.com\/index.php?rest_route=%2Fwp%2Fv2%2Fcomments&post=33840"}],"version-history":[{"count":1,"href":"http:\/\/cronicasyversiones.com\/index.php?rest_route=\/wp\/v2\/posts\/33840\/revisions"}],"predecessor-version":[{"id":33842,"href":"http:\/\/cronicasyversiones.com\/index.php?rest_route=\/wp\/v2\/posts\/33840\/revisions\/33842"}],"wp:featuredmedia":[{"embeddable":true,"href":"http:\/\/cronicasyversiones.com\/index.php?rest_route=\/wp\/v2\/media\/33841"}],"wp:attachment":[{"href":"http:\/\/cronicasyversiones.com\/index.php?rest_route=%2Fwp%2Fv2%2Fmedia&parent=33840"}],"wp:term":[{"taxonomy":"category","embeddable":true,"href":"http:\/\/cronicasyversiones.com\/index.php?rest_route=%2Fwp%2Fv2%2Fcategories&post=33840"},{"taxonomy":"post_tag","embeddable":true,"href":"http:\/\/cronicasyversiones.com\/index.php?rest_route=%2Fwp%2Fv2%2Ftags&post=33840"}],"curies":[{"name":"wp","href":"https:\/\/api.w.org\/{rel}","templated":true}]}}