{"id":33943,"date":"2022-05-26T21:11:13","date_gmt":"2022-05-27T00:11:13","guid":{"rendered":"http:\/\/cronicasyversiones.com\/?p=33943"},"modified":"2022-05-26T21:11:15","modified_gmt":"2022-05-27T00:11:15","slug":"tres-peliculas-de-mariano-pensotti-en-el-malba","status":"publish","type":"post","link":"http:\/\/cronicasyversiones.com\/?p=33943","title":{"rendered":"Tres pel\u00edculas de Mariano Pensotti,  en el Malba"},"content":{"rendered":"<div style=\"padding-bottom:20px; padding-top:10px;\" class=\"hupso-share-buttons\"><!-- Hupso Share Buttons - https:\/\/www.hupso.com\/share\/ --><a class=\"hupso_counters\" href=\"https:\/\/www.hupso.com\/share\/\"><img decoding=\"async\" src=\"http:\/\/static.hupso.com\/share\/buttons\/lang\/es\/share-small.png\" style=\"border:0px; padding-top:2px; float:left;\" alt=\"Share Button\"\/><\/a><script type=\"text\/javascript\">var hupso_services_c=new Array(\"twitter\",\"facebook_like\",\"google\");var hupso_counters_lang = \"es_LA\";var hupso_image_folder_url = \"\";var hupso_twitter_via=\"crsyvrs\";var hupso_url_c=\"\";<\/script><script type=\"text\/javascript\" src=\"http:\/\/static.hupso.com\/share\/js\/counters.js\"><\/script><!-- Hupso Share Buttons --><\/div><h2>Se podr\u00e1n ver \u201cEl P\u00fablico\u201d, \u201cThe Audience\u201d&nbsp; y \u201cLe Public\u201d, con gui\u00f3n y direcci\u00f3n del realizador argentino.<\/h2>\n<p><img loading=\"lazy\" decoding=\"async\" class=\"size-medium wp-image-33944 aligncenter\" src=\"http:\/\/cronicasyversiones.com\/wp-content\/uploads\/2022\/05\/e94785d6-08b3-b05b-db16-35c28fff488f-300x160.png\" alt=\"\" width=\"300\" height=\"160\" srcset=\"http:\/\/cronicasyversiones.com\/wp-content\/uploads\/2022\/05\/e94785d6-08b3-b05b-db16-35c28fff488f-300x160.png 300w, http:\/\/cronicasyversiones.com\/wp-content\/uploads\/2022\/05\/e94785d6-08b3-b05b-db16-35c28fff488f-1024x548.png 1024w, http:\/\/cronicasyversiones.com\/wp-content\/uploads\/2022\/05\/e94785d6-08b3-b05b-db16-35c28fff488f-768x411.png 768w, http:\/\/cronicasyversiones.com\/wp-content\/uploads\/2022\/05\/e94785d6-08b3-b05b-db16-35c28fff488f-1536x821.png 1536w, http:\/\/cronicasyversiones.com\/wp-content\/uploads\/2022\/05\/e94785d6-08b3-b05b-db16-35c28fff488f.png 1917w\" sizes=\"auto, (max-width: 300px) 100vw, 300px\" \/><\/p>\n<p>El domingo se proyectar\u00e1n en el <em><strong>Museo de Arte Latinoamericano de Buenos Aires (Malba)<\/strong><\/em> tres pel\u00edculas con gui\u00f3n y direcci\u00f3n de<strong> Mariano Pensotti.<\/strong><\/p>\n<p>La programaci\u00f3n incluye <em><strong>\u201cEl P\u00fablico\u201d (filmada en Buenos Aires), \u201cThe Audience\u201d &nbsp;(filmada en Atenas) y \u201cLe Public\u201d (filmada en Bruselas).<\/strong><\/em><\/p>\n<p>Cada pel\u00edcula, cuenta la historia de unos espectadores que van al teatro y sobre la ciudad donde viven. Tambi\u00e9n es la historia de una obra de teatro que s\u00f3lo conocemos a trav\u00e9s de sus narraciones.<\/p>\n<p>Con respecto a las actuaciones, <em><strong>\u201cEl P\u00fablico\u201d<\/strong><\/em>, filmada en Buenos Aires, cuenta con un elenco conformado por <strong>Pilar Gamboa, Susana Pamp\u00edn, Juan Minuj\u00edn, Lorena Vega, Agustina Mu\u00f1oz y Luis Ziembrowski, entre otros.<\/strong><\/p>\n<p>En las tres pel\u00edculas, el punto de partida es el mismo: una audiencia va al teatro a ver una obra. Se los ve tomar sus asientos en la platea antes de que comience el espect\u00e1culo, leyendo el programa de mano, apagando sus tel\u00e9fonos.<\/p>\n<p>La obra de teatro comienza, pero no se la ve. Hay una elipsis. Se ve al p\u00fablico dejar el teatro apenas el espect\u00e1culo termina. Aparentemente la obra ha sido maravillosa, una performance extremadamente compleja sobre un hecho real oculto dentro de la historia reciente de la ciudad. Todo el p\u00fablico est\u00e1 muy movilizado por lo que acaba de ver.<\/p>\n<p>\u00bfCu\u00e1les son las historias de las personas que van juntas a ver un espect\u00e1culo? \u00bfCu\u00e1nto se transforman sus vidas por esa experiencia? \u00bfEn qu\u00e9 medida lo que vieron es modificado por sus recuerdos? \u00bfC\u00f3mo es convertirte en un personaje de la historia de tu ciudad? \u00bfQu\u00e9 efecto produce transformar un p\u00fablico en protagonista?<\/p>\n<p>Las entradas se pueden adquirir a trav\u00e9s de: https:\/\/www.malba.org.ar\/el-publico-the-audience-le-public\/<\/p>\n<p>&nbsp;<\/p>\n<div style=\"padding-bottom:20px; padding-top:10px;\" class=\"hupso-share-buttons\"><!-- Hupso Share Buttons - https:\/\/www.hupso.com\/share\/ --><a class=\"hupso_counters\" href=\"https:\/\/www.hupso.com\/share\/\"><img decoding=\"async\" src=\"http:\/\/static.hupso.com\/share\/buttons\/lang\/es\/share-small.png\" style=\"border:0px; padding-top:2px; float:left;\" alt=\"Share Button\"\/><\/a><script type=\"text\/javascript\">var hupso_services_c=new Array(\"twitter\",\"facebook_like\",\"google\");var hupso_counters_lang = \"es_LA\";var hupso_image_folder_url = \"\";var hupso_twitter_via=\"crsyvrs\";var hupso_url_c=\"\";<\/script><script type=\"text\/javascript\" src=\"http:\/\/static.hupso.com\/share\/js\/counters.js\"><\/script><!-- Hupso Share Buttons --><\/div> ","protected":false},"excerpt":{"rendered":"<div style=\"padding-bottom:20px; padding-top:10px;\" class=\"hupso-share-buttons\"><!-- Hupso Share Buttons - https:\/\/www.hupso.com\/share\/ --><a class=\"hupso_counters\" href=\"https:\/\/www.hupso.com\/share\/\"><img src=\"http:\/\/static.hupso.com\/share\/buttons\/lang\/es\/share-small.png\" style=\"border:0px; padding-top:2px; float:left;\" alt=\"Share Button\"\/><\/a><script type=\"text\/javascript\">var hupso_services_c=new Array(\"twitter\",\"facebook_like\",\"google\");var hupso_counters_lang = \"es_LA\";var hupso_image_folder_url = \"\";var hupso_twitter_via=\"crsyvrs\";var hupso_url_c=\"\";<\/script><script type=\"text\/javascript\" src=\"http:\/\/static.hupso.com\/share\/js\/counters.js\"><\/script><!-- Hupso Share Buttons --><\/div><p>Se podr\u00e1n ver \u201cEl P\u00fablico\u201d, \u201cThe Audience\u201d&nbsp; y \u201cLe Public\u201d, con gui\u00f3n y direcci\u00f3n del realizador argentino. El domingo se proyectar\u00e1n en el Museo de Arte Latinoamericano de Buenos Aires (Malba) tres pel\u00edculas con gui\u00f3n y direcci\u00f3n de Mariano&#46;&#46;&#46;<\/p>\n<div style=\"padding-bottom:20px; padding-top:10px;\" class=\"hupso-share-buttons\"><!-- Hupso Share Buttons - https:\/\/www.hupso.com\/share\/ --><a class=\"hupso_counters\" href=\"https:\/\/www.hupso.com\/share\/\"><img src=\"http:\/\/static.hupso.com\/share\/buttons\/lang\/es\/share-small.png\" style=\"border:0px; padding-top:2px; float:left;\" alt=\"Share Button\"\/><\/a><script type=\"text\/javascript\">var hupso_services_c=new Array(\"twitter\",\"facebook_like\",\"google\");var hupso_counters_lang = \"es_LA\";var hupso_image_folder_url = \"\";var hupso_twitter_via=\"crsyvrs\";var hupso_url_c=\"\";<\/script><script type=\"text\/javascript\" src=\"http:\/\/static.hupso.com\/share\/js\/counters.js\"><\/script><!-- Hupso Share Buttons --><\/div>","protected":false},"author":5,"featured_media":33944,"comment_status":"closed","ping_status":"closed","sticky":false,"template":"","format":"standard","meta":{"footnotes":""},"categories":[4],"tags":[],"class_list":["post-33943","post","type-post","status-publish","format-standard","has-post-thumbnail","hentry","category-cine"],"_links":{"self":[{"href":"http:\/\/cronicasyversiones.com\/index.php?rest_route=\/wp\/v2\/posts\/33943","targetHints":{"allow":["GET"]}}],"collection":[{"href":"http:\/\/cronicasyversiones.com\/index.php?rest_route=\/wp\/v2\/posts"}],"about":[{"href":"http:\/\/cronicasyversiones.com\/index.php?rest_route=\/wp\/v2\/types\/post"}],"author":[{"embeddable":true,"href":"http:\/\/cronicasyversiones.com\/index.php?rest_route=\/wp\/v2\/users\/5"}],"replies":[{"embeddable":true,"href":"http:\/\/cronicasyversiones.com\/index.php?rest_route=%2Fwp%2Fv2%2Fcomments&post=33943"}],"version-history":[{"count":2,"href":"http:\/\/cronicasyversiones.com\/index.php?rest_route=\/wp\/v2\/posts\/33943\/revisions"}],"predecessor-version":[{"id":33985,"href":"http:\/\/cronicasyversiones.com\/index.php?rest_route=\/wp\/v2\/posts\/33943\/revisions\/33985"}],"wp:featuredmedia":[{"embeddable":true,"href":"http:\/\/cronicasyversiones.com\/index.php?rest_route=\/wp\/v2\/media\/33944"}],"wp:attachment":[{"href":"http:\/\/cronicasyversiones.com\/index.php?rest_route=%2Fwp%2Fv2%2Fmedia&parent=33943"}],"wp:term":[{"taxonomy":"category","embeddable":true,"href":"http:\/\/cronicasyversiones.com\/index.php?rest_route=%2Fwp%2Fv2%2Fcategories&post=33943"},{"taxonomy":"post_tag","embeddable":true,"href":"http:\/\/cronicasyversiones.com\/index.php?rest_route=%2Fwp%2Fv2%2Ftags&post=33943"}],"curies":[{"name":"wp","href":"https:\/\/api.w.org\/{rel}","templated":true}]}}