{"id":3396,"date":"2014-09-01T00:00:36","date_gmt":"2014-09-01T03:00:36","guid":{"rendered":"http:\/\/cronicasyversiones.com\/?p=3396"},"modified":"2014-08-31T18:40:37","modified_gmt":"2014-08-31T21:40:37","slug":"marylin-monroe-y-madonna-juntas-en-una-misma-muestra","status":"publish","type":"post","link":"http:\/\/cronicasyversiones.com\/?p=3396","title":{"rendered":"Marylin Monroe y Madonna, juntas en una misma muestra"},"content":{"rendered":"<div style=\"padding-bottom:20px; padding-top:10px;\" class=\"hupso-share-buttons\"><!-- Hupso Share Buttons - https:\/\/www.hupso.com\/share\/ --><a class=\"hupso_counters\" href=\"https:\/\/www.hupso.com\/share\/\"><img decoding=\"async\" src=\"http:\/\/static.hupso.com\/share\/buttons\/lang\/es\/share-small.png\" style=\"border:0px; padding-top:2px; float:left;\" alt=\"Share Button\"\/><\/a><script type=\"text\/javascript\">var hupso_services_c=new Array(\"twitter\",\"facebook_like\",\"google\");var hupso_counters_lang = \"es_LA\";var hupso_image_folder_url = \"\";var hupso_twitter_via=\"crsyvrs\";var hupso_url_c=\"\";<\/script><script type=\"text\/javascript\" src=\"http:\/\/static.hupso.com\/share\/js\/counters.js\"><\/script><!-- Hupso Share Buttons --><\/div><h2 style=\"text-align: justify;\">\u201cM-de Marilyn a Madonna\u201d, que se expone en San Pablo, re\u00fane 46 obras de las dos divas en conmemoraci\u00f3n a los 52 a\u00f1os de la muerte de la actriz y de los 56 a\u00f1os del nacimiento de la \u201cReina del Pop\u201d.<\/h2>\n<p><a href=\"http:\/\/cronicasyversiones.com\/wp-content\/uploads\/2014\/08\/madonna-marylin-644x362.jpg\"><img loading=\"lazy\" decoding=\"async\" class=\"size-full wp-image-3397 aligncenter\" src=\"http:\/\/cronicasyversiones.com\/wp-content\/uploads\/2014\/08\/madonna-marylin-644x362.jpg\" alt=\"madonna-marylin--644x362\" width=\"644\" height=\"362\" srcset=\"http:\/\/cronicasyversiones.com\/wp-content\/uploads\/2014\/08\/madonna-marylin-644x362.jpg 644w, http:\/\/cronicasyversiones.com\/wp-content\/uploads\/2014\/08\/madonna-marylin-644x362-300x168.jpg 300w, http:\/\/cronicasyversiones.com\/wp-content\/uploads\/2014\/08\/madonna-marylin-644x362-624x350.jpg 624w\" sizes=\"auto, (max-width: 644px) 100vw, 644px\" \/><\/a><\/p>\n<p>Por primera vez, <strong>Marylin Monroe<\/strong> y<strong> Madonna<\/strong> est\u00e1n representadas en la misma muestra en <em><strong>\u201cM-de Marilyn a Madonna\u201d<\/strong><\/em>, con 46 obras expuestas de las dos divas en <strong>San Pablo.<\/strong><\/p>\n<p><strong>\u201cLa idea es traer un \u2018mix\u2019 de t\u00e9cnicas y estilos<\/strong> para homenajear a las artistas en el mes de agosto, mes en el que se conmemoran los 52 a\u00f1os de la muerte de Marilyn y es el 56 aniversario de Madonna\u201d, explic\u00f3 a la agencia de noticias Efe<strong> Andr\u00e9 Ferrari,<\/strong> creador de la exposici\u00f3n.<\/p>\n<p>La exposici\u00f3n, realizada por el artista <strong>Sami Akl<\/strong>, popular en Brasil por pintar a las celebridades del mundo del espect\u00e1culo, presenta pinturas acr\u00edlicos, collage, im\u00e1genes de computaci\u00f3n gr\u00e1fica y tejidos que le dan un nuevo significado a las artistas, con prioridad a sus rostros, miradas y ademanes emblem\u00e1ticos de las dos divas.<\/p>\n<p style=\"text-align: center;\"><em><strong>Una de las obras es una imagen a blanco y negro del rostro de Marilyn, con la boca destacada en rojo y ubicado frente a la emblem\u00e1tica pintura de Madonna fumando de una forma muy similar a como lo hac\u00eda la actriz.<\/strong><\/em><\/p>\n<p>Los artistas, en las distintas piezas de la muestra, destacan la <strong>exuberancia, la pol\u00e9mica y la sensualidad<\/strong> de las divas en un abordaje bien contempor\u00e1neo con nuevos elementos art\u00edsticos y t\u00e9cnicas exclusivas.<\/p>\n<p>La exposici\u00f3n estar\u00e1 abierta al p\u00fablico hasta el 7 de septiembre y despu\u00e9s las obras ser\u00e1n vendidas, con parte del dinero recaudado para la ONG Banco de Alimentos, dedicada al combate del hambre y el desperdicio.<\/p>\n<div style=\"padding-bottom:20px; padding-top:10px;\" class=\"hupso-share-buttons\"><!-- Hupso Share Buttons - https:\/\/www.hupso.com\/share\/ --><a class=\"hupso_counters\" href=\"https:\/\/www.hupso.com\/share\/\"><img decoding=\"async\" src=\"http:\/\/static.hupso.com\/share\/buttons\/lang\/es\/share-small.png\" style=\"border:0px; padding-top:2px; float:left;\" alt=\"Share Button\"\/><\/a><script type=\"text\/javascript\">var hupso_services_c=new Array(\"twitter\",\"facebook_like\",\"google\");var hupso_counters_lang = \"es_LA\";var hupso_image_folder_url = \"\";var hupso_twitter_via=\"crsyvrs\";var hupso_url_c=\"\";<\/script><script type=\"text\/javascript\" src=\"http:\/\/static.hupso.com\/share\/js\/counters.js\"><\/script><!-- Hupso Share Buttons --><\/div> ","protected":false},"excerpt":{"rendered":"<div style=\"padding-bottom:20px; padding-top:10px;\" class=\"hupso-share-buttons\"><!-- Hupso Share Buttons - https:\/\/www.hupso.com\/share\/ --><a class=\"hupso_counters\" href=\"https:\/\/www.hupso.com\/share\/\"><img src=\"http:\/\/static.hupso.com\/share\/buttons\/lang\/es\/share-small.png\" style=\"border:0px; padding-top:2px; float:left;\" alt=\"Share Button\"\/><\/a><script type=\"text\/javascript\">var hupso_services_c=new Array(\"twitter\",\"facebook_like\",\"google\");var hupso_counters_lang = \"es_LA\";var hupso_image_folder_url = \"\";var hupso_twitter_via=\"crsyvrs\";var hupso_url_c=\"\";<\/script><script type=\"text\/javascript\" src=\"http:\/\/static.hupso.com\/share\/js\/counters.js\"><\/script><!-- Hupso Share Buttons --><\/div><p>\u201cM-de Marilyn a Madonna\u201d, que se expone en San Pablo, re\u00fane 46 obras de las dos divas en conmemoraci\u00f3n a los 52 a\u00f1os de la muerte de la actriz y de los 56 a\u00f1os del nacimiento de la \u201cReina&#46;&#46;&#46;<\/p>\n<div style=\"padding-bottom:20px; padding-top:10px;\" class=\"hupso-share-buttons\"><!-- Hupso Share Buttons - https:\/\/www.hupso.com\/share\/ --><a class=\"hupso_counters\" href=\"https:\/\/www.hupso.com\/share\/\"><img src=\"http:\/\/static.hupso.com\/share\/buttons\/lang\/es\/share-small.png\" style=\"border:0px; padding-top:2px; float:left;\" alt=\"Share Button\"\/><\/a><script type=\"text\/javascript\">var hupso_services_c=new Array(\"twitter\",\"facebook_like\",\"google\");var hupso_counters_lang = \"es_LA\";var hupso_image_folder_url = \"\";var hupso_twitter_via=\"crsyvrs\";var hupso_url_c=\"\";<\/script><script type=\"text\/javascript\" src=\"http:\/\/static.hupso.com\/share\/js\/counters.js\"><\/script><!-- Hupso Share Buttons --><\/div>","protected":false},"author":5,"featured_media":0,"comment_status":"open","ping_status":"open","sticky":false,"template":"","format":"standard","meta":{"footnotes":""},"categories":[8],"tags":[2287,2707,659,2706,615],"class_list":["post-3396","post","type-post","status-publish","format-standard","hentry","category-artes-plasticas","tag-brasil","tag-m-de-marilyn-a-madonna","tag-madonna","tag-marylin-monroe","tag-san-pablo"],"_links":{"self":[{"href":"http:\/\/cronicasyversiones.com\/index.php?rest_route=\/wp\/v2\/posts\/3396","targetHints":{"allow":["GET"]}}],"collection":[{"href":"http:\/\/cronicasyversiones.com\/index.php?rest_route=\/wp\/v2\/posts"}],"about":[{"href":"http:\/\/cronicasyversiones.com\/index.php?rest_route=\/wp\/v2\/types\/post"}],"author":[{"embeddable":true,"href":"http:\/\/cronicasyversiones.com\/index.php?rest_route=\/wp\/v2\/users\/5"}],"replies":[{"embeddable":true,"href":"http:\/\/cronicasyversiones.com\/index.php?rest_route=%2Fwp%2Fv2%2Fcomments&post=3396"}],"version-history":[{"count":0,"href":"http:\/\/cronicasyversiones.com\/index.php?rest_route=\/wp\/v2\/posts\/3396\/revisions"}],"wp:attachment":[{"href":"http:\/\/cronicasyversiones.com\/index.php?rest_route=%2Fwp%2Fv2%2Fmedia&parent=3396"}],"wp:term":[{"taxonomy":"category","embeddable":true,"href":"http:\/\/cronicasyversiones.com\/index.php?rest_route=%2Fwp%2Fv2%2Fcategories&post=3396"},{"taxonomy":"post_tag","embeddable":true,"href":"http:\/\/cronicasyversiones.com\/index.php?rest_route=%2Fwp%2Fv2%2Ftags&post=3396"}],"curies":[{"name":"wp","href":"https:\/\/api.w.org\/{rel}","templated":true}]}}