{"id":33989,"date":"2022-05-27T18:17:39","date_gmt":"2022-05-27T21:17:39","guid":{"rendered":"http:\/\/cronicasyversiones.com\/?p=33989"},"modified":"2022-05-27T20:25:06","modified_gmt":"2022-05-27T23:25:06","slug":"amazing-grace-el-iconico-concierto-de-aretha-franklin-en-filmarts","status":"publish","type":"post","link":"http:\/\/cronicasyversiones.com\/?p=33989","title":{"rendered":"\u00abAmazing Grace\u00bb, el ic\u00f3nico concierto de Aretha Franklin, en Film&#038;Arts"},"content":{"rendered":"<div style=\"padding-bottom:20px; padding-top:10px;\" class=\"hupso-share-buttons\"><!-- Hupso Share Buttons - https:\/\/www.hupso.com\/share\/ --><a class=\"hupso_counters\" href=\"https:\/\/www.hupso.com\/share\/\"><img decoding=\"async\" src=\"http:\/\/static.hupso.com\/share\/buttons\/lang\/es\/share-small.png\" style=\"border:0px; padding-top:2px; float:left;\" alt=\"Share Button\"\/><\/a><script type=\"text\/javascript\">var hupso_services_c=new Array(\"twitter\",\"facebook_like\",\"google\");var hupso_counters_lang = \"es_LA\";var hupso_image_folder_url = \"\";var hupso_twitter_via=\"crsyvrs\";var hupso_url_c=\"\";<\/script><script type=\"text\/javascript\" src=\"http:\/\/static.hupso.com\/share\/js\/counters.js\"><\/script><!-- Hupso Share Buttons --><\/div><h2>Se trata del recital de g\u00f3spel en vivo en el que \u201cLa reina del soul\u201d interpret\u00f3 el \u00e1lbum m\u00e1s vendido de su carrera.<\/h2>\n<p><img loading=\"lazy\" decoding=\"async\" class=\"size-medium wp-image-33990 aligncenter\" src=\"http:\/\/cronicasyversiones.com\/wp-content\/uploads\/2022\/05\/Aretha-Franklin-en-concierto-300x169.jpg\" alt=\"\" width=\"300\" height=\"169\" srcset=\"http:\/\/cronicasyversiones.com\/wp-content\/uploads\/2022\/05\/Aretha-Franklin-en-concierto-300x169.jpg 300w, http:\/\/cronicasyversiones.com\/wp-content\/uploads\/2022\/05\/Aretha-Franklin-en-concierto-1024x576.jpg 1024w, http:\/\/cronicasyversiones.com\/wp-content\/uploads\/2022\/05\/Aretha-Franklin-en-concierto-768x432.jpg 768w, http:\/\/cronicasyversiones.com\/wp-content\/uploads\/2022\/05\/Aretha-Franklin-en-concierto-520x292.jpg 520w, http:\/\/cronicasyversiones.com\/wp-content\/uploads\/2022\/05\/Aretha-Franklin-en-concierto-720x404.jpg 720w, http:\/\/cronicasyversiones.com\/wp-content\/uploads\/2022\/05\/Aretha-Franklin-en-concierto.jpg 1470w\" sizes=\"auto, (max-width: 300px) 100vw, 300px\" \/><\/p>\n<p><em><strong>\u00abAmazing Grace\u201d,<\/strong><\/em> el concierto de g\u00f3spel en vivo en el que <strong>Aretha Franklin<\/strong> interpret\u00f3 el \u00e1lbum m\u00e1s vendido de su carrera, que fue inmortalizado en formato cinematogr\u00e1fico por el reconocido director Sydney Pollack, podr\u00e1 verse este domingo a las 18.15 a trav\u00e9s de <strong>Film&amp;Arts.<\/strong><\/p>\n<p>Realizada en 1972 en la Iglesia Bautista Misionera New Temple del barrio Watts, en la ciudad de Los \u00c1ngeles, la presentaci\u00f3n de <em><strong>\u201cLa reina del soul\u201d<\/strong> <\/em>junto al Coro Comunitario de California del Sur fue editada ese mismo a\u00f1o en un disco doble por el sello Atlantic Records, y pronto se convirti\u00f3 en un \u00e9xito absoluto que le mereci\u00f3 a la cantante un premio Grammy.<\/p>\n<p>El concierto fue registrado en im\u00e1genes por Pollack, dos veces ganador del Oscar por su trabajo como realizador y productor del film <em><strong>\u201c\u00c1frica m\u00eda\u201d<\/strong> <\/em>(1985), aunque no logr\u00f3 encauzar el proyecto debido a las dificultades que se le presentaron para sincronizar las pistas de audio y de imagen, por lo que dej\u00f3 el material en manos de Warner Bros.<\/p>\n<p>La compa\u00f1\u00eda resguard\u00f3 las filmaciones en una b\u00f3veda hasta 2007, cuando el inter\u00e9s del productor Alan Elliot coincidi\u00f3 con los anhelos de Pollack, quien antes de su fallecimiento en 2008 hab\u00eda expresado su deseo de que se completara la pel\u00edcula.<\/p>\n<p>El producto editado, de casi una hora y media de duraci\u00f3n, tuvo su premier mundial en el Festival Doc NYC de 2018, tras la muerte de Aretha Franklin, quien se hab\u00eda opuesto a su estreno por motivos desconocidos.<\/p>\n<div style=\"padding-bottom:20px; padding-top:10px;\" class=\"hupso-share-buttons\"><!-- Hupso Share Buttons - https:\/\/www.hupso.com\/share\/ --><a class=\"hupso_counters\" href=\"https:\/\/www.hupso.com\/share\/\"><img decoding=\"async\" src=\"http:\/\/static.hupso.com\/share\/buttons\/lang\/es\/share-small.png\" style=\"border:0px; padding-top:2px; float:left;\" alt=\"Share Button\"\/><\/a><script type=\"text\/javascript\">var hupso_services_c=new Array(\"twitter\",\"facebook_like\",\"google\");var hupso_counters_lang = \"es_LA\";var hupso_image_folder_url = \"\";var hupso_twitter_via=\"crsyvrs\";var hupso_url_c=\"\";<\/script><script type=\"text\/javascript\" src=\"http:\/\/static.hupso.com\/share\/js\/counters.js\"><\/script><!-- Hupso Share Buttons --><\/div> ","protected":false},"excerpt":{"rendered":"<div style=\"padding-bottom:20px; padding-top:10px;\" class=\"hupso-share-buttons\"><!-- Hupso Share Buttons - https:\/\/www.hupso.com\/share\/ --><a class=\"hupso_counters\" href=\"https:\/\/www.hupso.com\/share\/\"><img src=\"http:\/\/static.hupso.com\/share\/buttons\/lang\/es\/share-small.png\" style=\"border:0px; padding-top:2px; float:left;\" alt=\"Share Button\"\/><\/a><script type=\"text\/javascript\">var hupso_services_c=new Array(\"twitter\",\"facebook_like\",\"google\");var hupso_counters_lang = \"es_LA\";var hupso_image_folder_url = \"\";var hupso_twitter_via=\"crsyvrs\";var hupso_url_c=\"\";<\/script><script type=\"text\/javascript\" src=\"http:\/\/static.hupso.com\/share\/js\/counters.js\"><\/script><!-- Hupso Share Buttons --><\/div><p>Se trata del recital de g\u00f3spel en vivo en el que \u201cLa reina del soul\u201d interpret\u00f3 el \u00e1lbum m\u00e1s vendido de su carrera. \u00abAmazing Grace\u201d, el concierto de g\u00f3spel en vivo en el que Aretha Franklin interpret\u00f3 el \u00e1lbum&#46;&#46;&#46;<\/p>\n<div style=\"padding-bottom:20px; padding-top:10px;\" class=\"hupso-share-buttons\"><!-- Hupso Share Buttons - https:\/\/www.hupso.com\/share\/ --><a class=\"hupso_counters\" href=\"https:\/\/www.hupso.com\/share\/\"><img src=\"http:\/\/static.hupso.com\/share\/buttons\/lang\/es\/share-small.png\" style=\"border:0px; padding-top:2px; float:left;\" alt=\"Share Button\"\/><\/a><script type=\"text\/javascript\">var hupso_services_c=new Array(\"twitter\",\"facebook_like\",\"google\");var hupso_counters_lang = \"es_LA\";var hupso_image_folder_url = \"\";var hupso_twitter_via=\"crsyvrs\";var hupso_url_c=\"\";<\/script><script type=\"text\/javascript\" src=\"http:\/\/static.hupso.com\/share\/js\/counters.js\"><\/script><!-- Hupso Share Buttons --><\/div>","protected":false},"author":5,"featured_media":33990,"comment_status":"closed","ping_status":"closed","sticky":false,"template":"","format":"standard","meta":{"footnotes":""},"categories":[4,3],"tags":[2935],"class_list":["post-33989","post","type-post","status-publish","format-standard","has-post-thumbnail","hentry","category-cine","category-musica","tag-aretha-franklin"],"_links":{"self":[{"href":"http:\/\/cronicasyversiones.com\/index.php?rest_route=\/wp\/v2\/posts\/33989","targetHints":{"allow":["GET"]}}],"collection":[{"href":"http:\/\/cronicasyversiones.com\/index.php?rest_route=\/wp\/v2\/posts"}],"about":[{"href":"http:\/\/cronicasyversiones.com\/index.php?rest_route=\/wp\/v2\/types\/post"}],"author":[{"embeddable":true,"href":"http:\/\/cronicasyversiones.com\/index.php?rest_route=\/wp\/v2\/users\/5"}],"replies":[{"embeddable":true,"href":"http:\/\/cronicasyversiones.com\/index.php?rest_route=%2Fwp%2Fv2%2Fcomments&post=33989"}],"version-history":[{"count":2,"href":"http:\/\/cronicasyversiones.com\/index.php?rest_route=\/wp\/v2\/posts\/33989\/revisions"}],"predecessor-version":[{"id":33996,"href":"http:\/\/cronicasyversiones.com\/index.php?rest_route=\/wp\/v2\/posts\/33989\/revisions\/33996"}],"wp:featuredmedia":[{"embeddable":true,"href":"http:\/\/cronicasyversiones.com\/index.php?rest_route=\/wp\/v2\/media\/33990"}],"wp:attachment":[{"href":"http:\/\/cronicasyversiones.com\/index.php?rest_route=%2Fwp%2Fv2%2Fmedia&parent=33989"}],"wp:term":[{"taxonomy":"category","embeddable":true,"href":"http:\/\/cronicasyversiones.com\/index.php?rest_route=%2Fwp%2Fv2%2Fcategories&post=33989"},{"taxonomy":"post_tag","embeddable":true,"href":"http:\/\/cronicasyversiones.com\/index.php?rest_route=%2Fwp%2Fv2%2Ftags&post=33989"}],"curies":[{"name":"wp","href":"https:\/\/api.w.org\/{rel}","templated":true}]}}